{"id":572054,"date":"2024-11-19T15:17:42","date_gmt":"2024-11-19T21:17:42","guid":{"rendered":"https:\/\/www.zunoticia.com\/noticias-de-hidalgo\/?p=572054"},"modified":"2024-11-19T15:17:44","modified_gmt":"2024-11-19T21:17:44","slug":"barbara-charlissa-participara-en-el-certamen-la-flor-especial-mas-bella-de-mexico-2024","status":"publish","type":"post","link":"https:\/\/www.zunoticia.com\/noticias-de-hidalgo\/2024\/11\/19\/barbara-charlissa-participara-en-el-certamen-la-flor-especial-mas-bella-de-mexico-2024\/","title":{"rendered":"B\u00e1rbara Charlissa participar\u00e1 en el certamen La Flor Especial m\u00e1s Bella de M\u00e9xico 2024"},"content":{"rendered":"<aside class=\"mashsb-container mashsb-main mashsb-stretched\"><div class=\"mashsb-box\"><div class=\"mashsb-count mash-large\" style=\"float:left\"><div class=\"counts mashsbcount\">0<\/div><span class=\"mashsb-sharetext\">SHARES<\/span><\/div><div class=\"mashsb-buttons\"><a class=\"mashicon-facebook mash-large mash-center mashsb-noshadow\" href=\"https:\/\/www.facebook.com\/sharer.php?u=https%3A%2F%2Fwww.zunoticia.com%2Fnoticias-de-hidalgo%2F2024%2F11%2F19%2Fbarbara-charlissa-participara-en-el-certamen-la-flor-especial-mas-bella-de-mexico-2024%2F\" target=\"_top\" rel=\"nofollow\"><span class=\"icon\"><\/span><span class=\"text\">Share<\/span><\/a><a class=\"mashicon-twitter mash-large mash-center mashsb-noshadow\" href=\"https:\/\/twitter.com\/intent\/tweet?text=&amp;url=https:\/\/www.zunoticia.com\/noticias-de-hidalgo\/2024\/11\/19\/barbara-charlissa-participara-en-el-certamen-la-flor-especial-mas-bella-de-mexico-2024\/\" target=\"_top\" rel=\"nofollow\"><span class=\"icon\"><\/span><span class=\"text\">Tweet<\/span><\/a><div class=\"onoffswitch2 mash-large mashsb-noshadow\" style=\"display:none\"><\/div><\/div>\n            <\/div>\n                <div style=\"clear:both\"><\/div><div class=\"mashsb-toggle-container\"><\/div><\/aside>\n            <!-- Share buttons by mashshare.net - Version: 4.0.47-->\n<p><em>Por Karen Rivera\/ Zunoticia<\/em><\/p>\n\n\n\n<p><strong>Huejutla de Reyes, Hgo<\/strong>.- El pr\u00f3ximo 23 de noviembre del a\u00f1o en curso, en el Sal\u00f3n Palmeiras, en punto de las 4:00 de la tarde, se estar\u00e1 llevando a cabo el certamen de belleza &#8220;La Flor Especial M\u00e1s Bella de M\u00e9xico 2024&#8221;.<\/p>\n\n\n\n<p>En el evento, la huejutlense B\u00e1rbara Charlissa Rodr\u00edguez Garc\u00eda representar\u00e1 con honor a los hidalguenses. Se busca concientizar sobre la inclusi\u00f3n social y ver por aquellos que viven con alguna discapacidad motriz o f\u00edsica.<\/p>\n\n\n\n<p>La joven, B\u00e1rbara Charlissa es estudiante de tercer grado en el Centro de Atenci\u00f3n M\u00faltiple (CAM) #8 de Huejutla, se destac\u00f3 por su belleza, carisma y su fuerte mensaje de inclusi\u00f3n para las personas con discapacidad.<\/p>\n\n\n\n<p>La se\u00f1orita Rodr\u00edguez Garc\u00eda, agradeci\u00f3 a Norma Alicia Flores Romero, fundadora del evento, por la oportunidad que se le brind\u00f3 para representar al Estado hidalguense y a la coordinadora estatal del certamen en Hidalgo, Jazm\u00edn Fern\u00e1ndez, por apoyarla incondicionalmente.<\/p>\n\n\n\n<p>La iniciativa de este evento busca visibilizar la belleza y potencial de personas con discapacidad, lleva hasta el momento 9 ediciones celebradas, y surgi\u00f3 en el estado de Tamaulipas.<\/p>\n\n\n\n<p>Una de las principales metas del certamen es promover la concientizaci\u00f3n sobre la inclusi\u00f3n social y destacar los logros y capacidades de personas con condiciones especiales.<\/p>\n\n\n\n<p>En esta ocasi\u00f3n, los participantes compartir\u00e1n sus historias de superaci\u00f3n personal y luchar\u00e1n por sensibilizar a la sociedad sobre la importancia de la igualdad de oportunidades.<\/p>\n\n\n\n<p>En el certamen se realizar\u00e1 la pasarela, la presentaci\u00f3n del traje t\u00edpico y en este caso presentar\u00e1n el talento que lleva cada participante.<\/p>\n\n\n\n<p>Cabe destacar que, en la p\u00e1gina oficial en Facebook La Flor Especial M\u00e1s Bella de M\u00e9xico, podr\u00e1n votar por B\u00e1rbara Charlissa, a trav\u00e9s de likes para obtener el t\u00edtulo de &#8220;Miss Popularidad&#8221;.<\/p>\n\n\n\n<p>El traje t\u00edpico de B\u00e1rbara ser\u00e1 dise\u00f1ado por el profesor Melit\u00f3n Mart\u00ednez, quien realizar\u00e1 una pieza \u00fanica donde reflejar\u00e1 las tradiciones culturales de la regi\u00f3n.<\/p>\n","protected":false},"excerpt":{"rendered":"<p>Por Karen Rivera\/ Zunoticia Huejutla de Reyes, Hgo.- El pr\u00f3ximo 23 de noviembre del a\u00f1o en curso, en el Sal\u00f3n Palmeiras, en punto de las 4:00 de la tarde, se estar\u00e1 llevando a cabo el certamen de belleza &#8220;La Flor Especial M\u00e1s Bella de M\u00e9xico 2024&#8221;. En el evento, la huejutlense B\u00e1rbara Charlissa Rodr\u00edguez Garc\u00eda&hellip; <a class=\"more-link\" href=\"https:\/\/www.zunoticia.com\/noticias-de-hidalgo\/2024\/11\/19\/barbara-charlissa-participara-en-el-certamen-la-flor-especial-mas-bella-de-mexico-2024\/\">Seguir leyendo <span class=\"screen-reader-text\">B\u00e1rbara Charlissa participar\u00e1 en el certamen La Flor Especial m\u00e1s Bella de M\u00e9xico 2024<\/span><\/a><\/p>\n","protected":false},"author":20,"featured_media":572055,"comment_status":"open","ping_status":"open","sticky":false,"template":"","format":"standard","meta":{"rop_custom_images_group":[],"rop_custom_messages_group":[],"rop_publish_now":"initial","rop_publish_now_accounts":{"facebook_10159540855086992_322828327761733":""},"rop_publish_now_history":[],"rop_publish_now_status":"pending","footnotes":""},"categories":[181],"tags":[121],"class_list":["post-572054","post","type-post","status-publish","format-standard","has-post-thumbnail","hentry","category-huejutla","tag-huejutla","entry"],"_links":{"self":[{"href":"https:\/\/www.zunoticia.com\/noticias-de-hidalgo\/wp-json\/wp\/v2\/posts\/572054","targetHints":{"allow":["GET"]}}],"collection":[{"href":"https:\/\/www.zunoticia.com\/noticias-de-hidalgo\/wp-json\/wp\/v2\/posts"}],"about":[{"href":"https:\/\/www.zunoticia.com\/noticias-de-hidalgo\/wp-json\/wp\/v2\/types\/post"}],"author":[{"embeddable":true,"href":"https:\/\/www.zunoticia.com\/noticias-de-hidalgo\/wp-json\/wp\/v2\/users\/20"}],"replies":[{"embeddable":true,"href":"https:\/\/www.zunoticia.com\/noticias-de-hidalgo\/wp-json\/wp\/v2\/comments?post=572054"}],"version-history":[{"count":1,"href":"https:\/\/www.zunoticia.com\/noticias-de-hidalgo\/wp-json\/wp\/v2\/posts\/572054\/revisions"}],"predecessor-version":[{"id":572056,"href":"https:\/\/www.zunoticia.com\/noticias-de-hidalgo\/wp-json\/wp\/v2\/posts\/572054\/revisions\/572056"}],"wp:featuredmedia":[{"embeddable":true,"href":"https:\/\/www.zunoticia.com\/noticias-de-hidalgo\/wp-json\/wp\/v2\/media\/572055"}],"wp:attachment":[{"href":"https:\/\/www.zunoticia.com\/noticias-de-hidalgo\/wp-json\/wp\/v2\/media?parent=572054"}],"wp:term":[{"taxonomy":"category","embeddable":true,"href":"https:\/\/www.zunoticia.com\/noticias-de-hidalgo\/wp-json\/wp\/v2\/categories?post=572054"},{"taxonomy":"post_tag","embeddable":true,"href":"https:\/\/www.zunoticia.com\/noticias-de-hidalgo\/wp-json\/wp\/v2\/tags?post=572054"}],"curies":[{"name":"wp","href":"https:\/\/api.w.org\/{rel}","templated":true}]}}