{"id":572067,"date":"2024-11-19T16:43:35","date_gmt":"2024-11-19T22:43:35","guid":{"rendered":"https:\/\/www.zunoticia.com\/noticias-de-hidalgo\/?p=572067"},"modified":"2024-11-19T16:43:37","modified_gmt":"2024-11-19T22:43:37","slug":"con-expo-venta-de-libros-conmemora-la-uthh-su-xxviii-aniversario","status":"publish","type":"post","link":"https:\/\/www.zunoticia.com\/noticias-de-hidalgo\/2024\/11\/19\/con-expo-venta-de-libros-conmemora-la-uthh-su-xxviii-aniversario\/","title":{"rendered":"Con expo venta de libros conmemora la UTHH su XXVIII aniversario"},"content":{"rendered":"<aside class=\"mashsb-container mashsb-main mashsb-stretched\"><div class=\"mashsb-box\"><div class=\"mashsb-count mash-large\" style=\"float:left\"><div class=\"counts mashsbcount\">0<\/div><span class=\"mashsb-sharetext\">SHARES<\/span><\/div><div class=\"mashsb-buttons\"><a class=\"mashicon-facebook mash-large mash-center mashsb-noshadow\" href=\"https:\/\/www.facebook.com\/sharer.php?u=https%3A%2F%2Fwww.zunoticia.com%2Fnoticias-de-hidalgo%2F2024%2F11%2F19%2Fcon-expo-venta-de-libros-conmemora-la-uthh-su-xxviii-aniversario%2F\" target=\"_top\" rel=\"nofollow\"><span class=\"icon\"><\/span><span class=\"text\">Share<\/span><\/a><a class=\"mashicon-twitter mash-large mash-center mashsb-noshadow\" href=\"https:\/\/twitter.com\/intent\/tweet?text=&amp;url=https:\/\/www.zunoticia.com\/noticias-de-hidalgo\/2024\/11\/19\/con-expo-venta-de-libros-conmemora-la-uthh-su-xxviii-aniversario\/\" target=\"_top\" rel=\"nofollow\"><span class=\"icon\"><\/span><span class=\"text\">Tweet<\/span><\/a><div class=\"onoffswitch2 mash-large mashsb-noshadow\" style=\"display:none\"><\/div><\/div>\n            <\/div>\n                <div style=\"clear:both\"><\/div><div class=\"mashsb-toggle-container\"><\/div><\/aside>\n            <!-- Share buttons by mashshare.net - Version: 4.0.47-->\n<p><em>Por Karen Rivera\/ Zunoticia<\/em><\/p>\n\n\n\n<p><strong>Huejutla de Reyes, Hgo<\/strong>.- Como parte de las actividades conmemorativas de su XXVIII aniversario, la Biblioteca &#8220;Maestro Sergio Sa\u00fal Figueroa Balderas&#8221;, inaugur\u00f3 este martes la expo venta de libros, un evento que busca fomentar la cultura y el conocimiento en la regi\u00f3n.<\/p>\n\n\n\n<p>Este primer d\u00eda de expo fue un \u00e9xito, con una gran asistencia de estudiantes, docentes y p\u00fablico en general, quienes tuvieron la oportunidad de explorar una amplia variedad de libros en diferentes \u00e1reas del conocimiento.<\/p>\n\n\n\n<p>El evento continuar\u00e1 durante los pr\u00f3ximos d\u00edas con la exposici\u00f3n abierta el 20 y 21 de noviembre, en las instalaciones de la misma biblioteca.<\/p>\n\n\n\n<p>La expo venta de libros ofrece una excelente oportunidad para que los asistentes adquieran materiales educativos y literarios, y contin\u00faen su camino hacia el crecimiento acad\u00e9mico y cultural.<\/p>\n\n\n\n<p>La organizaci\u00f3n agradeci\u00f3 la participaci\u00f3n de todos los asistentes y expres\u00f3 su entusiasmo por convertir este evento en un espacio de aprendizaje y enriquecimiento para la comunidad.<\/p>\n\n\n\n<p>Finalmente se invita a todos los interesados a seguir visitando la biblioteca durante estos d\u00edas para aprovechar esta oferta cultural \u00fanica.<\/p>\n\n\n\n<figure class=\"wp-block-image size-full\"><img fetchpriority=\"high\" decoding=\"async\" width=\"933\" height=\"524\" src=\"https:\/\/www.zunoticia.com\/noticias-de-hidalgo\/wp-content\/uploads\/2024\/11\/Zunoticia-Huejutla-1-197.png\" alt=\"\" class=\"wp-image-572069\"\/><\/figure>\n","protected":false},"excerpt":{"rendered":"<p>Por Karen Rivera\/ Zunoticia Huejutla de Reyes, Hgo.- Como parte de las actividades conmemorativas de su XXVIII aniversario, la Biblioteca &#8220;Maestro Sergio Sa\u00fal Figueroa Balderas&#8221;, inaugur\u00f3 este martes la expo venta de libros, un evento que busca fomentar la cultura y el conocimiento en la regi\u00f3n. Este primer d\u00eda de expo fue un \u00e9xito, con&hellip; <a class=\"more-link\" href=\"https:\/\/www.zunoticia.com\/noticias-de-hidalgo\/2024\/11\/19\/con-expo-venta-de-libros-conmemora-la-uthh-su-xxviii-aniversario\/\">Seguir leyendo <span class=\"screen-reader-text\">Con expo venta de libros conmemora la UTHH su XXVIII aniversario<\/span><\/a><\/p>\n","protected":false},"author":20,"featured_media":572068,"comment_status":"open","ping_status":"open","sticky":false,"template":"","format":"standard","meta":{"rop_custom_images_group":[],"rop_custom_messages_group":[],"rop_publish_now":"initial","rop_publish_now_accounts":{"facebook_10159540855086992_322828327761733":""},"rop_publish_now_history":[],"rop_publish_now_status":"pending","footnotes":""},"categories":[181],"tags":[121],"class_list":["post-572067","post","type-post","status-publish","format-standard","has-post-thumbnail","hentry","category-huejutla","tag-huejutla","entry"],"_links":{"self":[{"href":"https:\/\/www.zunoticia.com\/noticias-de-hidalgo\/wp-json\/wp\/v2\/posts\/572067","targetHints":{"allow":["GET"]}}],"collection":[{"href":"https:\/\/www.zunoticia.com\/noticias-de-hidalgo\/wp-json\/wp\/v2\/posts"}],"about":[{"href":"https:\/\/www.zunoticia.com\/noticias-de-hidalgo\/wp-json\/wp\/v2\/types\/post"}],"author":[{"embeddable":true,"href":"https:\/\/www.zunoticia.com\/noticias-de-hidalgo\/wp-json\/wp\/v2\/users\/20"}],"replies":[{"embeddable":true,"href":"https:\/\/www.zunoticia.com\/noticias-de-hidalgo\/wp-json\/wp\/v2\/comments?post=572067"}],"version-history":[{"count":1,"href":"https:\/\/www.zunoticia.com\/noticias-de-hidalgo\/wp-json\/wp\/v2\/posts\/572067\/revisions"}],"predecessor-version":[{"id":572070,"href":"https:\/\/www.zunoticia.com\/noticias-de-hidalgo\/wp-json\/wp\/v2\/posts\/572067\/revisions\/572070"}],"wp:featuredmedia":[{"embeddable":true,"href":"https:\/\/www.zunoticia.com\/noticias-de-hidalgo\/wp-json\/wp\/v2\/media\/572068"}],"wp:attachment":[{"href":"https:\/\/www.zunoticia.com\/noticias-de-hidalgo\/wp-json\/wp\/v2\/media?parent=572067"}],"wp:term":[{"taxonomy":"category","embeddable":true,"href":"https:\/\/www.zunoticia.com\/noticias-de-hidalgo\/wp-json\/wp\/v2\/categories?post=572067"},{"taxonomy":"post_tag","embeddable":true,"href":"https:\/\/www.zunoticia.com\/noticias-de-hidalgo\/wp-json\/wp\/v2\/tags?post=572067"}],"curies":[{"name":"wp","href":"https:\/\/api.w.org\/{rel}","templated":true}]}}