{"id":572102,"date":"2024-11-19T18:16:58","date_gmt":"2024-11-20T00:16:58","guid":{"rendered":"https:\/\/www.zunoticia.com\/noticias-de-hidalgo\/?p=572102"},"modified":"2024-11-19T18:17:00","modified_gmt":"2024-11-20T00:17:00","slug":"realizan-introduccion-de-agua-al-area-de-carnicerias-del-mercado","status":"publish","type":"post","link":"https:\/\/www.zunoticia.com\/noticias-de-hidalgo\/2024\/11\/19\/realizan-introduccion-de-agua-al-area-de-carnicerias-del-mercado\/","title":{"rendered":"Realizan introducci\u00f3n de agua al \u00e1rea de carnicer\u00edas del Mercado"},"content":{"rendered":"<aside class=\"mashsb-container mashsb-main mashsb-stretched\"><div class=\"mashsb-box\"><div class=\"mashsb-count mash-large\" style=\"float:left\"><div class=\"counts mashsbcount\">0<\/div><span class=\"mashsb-sharetext\">SHARES<\/span><\/div><div class=\"mashsb-buttons\"><a class=\"mashicon-facebook mash-large mash-center mashsb-noshadow\" href=\"https:\/\/www.facebook.com\/sharer.php?u=https%3A%2F%2Fwww.zunoticia.com%2Fnoticias-de-hidalgo%2F2024%2F11%2F19%2Frealizan-introduccion-de-agua-al-area-de-carnicerias-del-mercado%2F\" target=\"_top\" rel=\"nofollow\"><span class=\"icon\"><\/span><span class=\"text\">Share<\/span><\/a><a class=\"mashicon-twitter mash-large mash-center mashsb-noshadow\" href=\"https:\/\/twitter.com\/intent\/tweet?text=&amp;url=https:\/\/www.zunoticia.com\/noticias-de-hidalgo\/2024\/11\/19\/realizan-introduccion-de-agua-al-area-de-carnicerias-del-mercado\/\" target=\"_top\" rel=\"nofollow\"><span class=\"icon\"><\/span><span class=\"text\">Tweet<\/span><\/a><div class=\"onoffswitch2 mash-large mashsb-noshadow\" style=\"display:none\"><\/div><\/div>\n            <\/div>\n                <div style=\"clear:both\"><\/div><div class=\"mashsb-toggle-container\"><\/div><\/aside>\n            <!-- Share buttons by mashshare.net - Version: 4.0.47-->\n<p><em>Por Enedino Hern\u00e1ndez\/Zunoticia<\/em><\/p>\n\n\n\n<p><strong>Huejutla, Hgo<\/strong>.- Por indicaciones del alcalde de Huejutla de Reyes, Alfredo San Rom\u00e1n Duval, al momento se realizan los trabajos correspondientes para la introducci\u00f3n del agua al \u00e1rea de carnicer\u00edas de la zona del mercado municipal de Huejutla.<\/p>\n\n\n\n<p>El administrador de Mercados en Huejutla, Eric Azuara, confirm\u00f3 que, los trabajos de introducci\u00f3n de las tuber\u00edas para el agua potable se iniciaron durante este martes 19 de noviembre, sobre la avenida Nuevo Le\u00f3n en la zona del mercado de esta ciudad.<\/p>\n\n\n\n<p>Explic\u00f3 que, en el lugar se cuenta con una cisterna que abastece del vital l\u00edquido al \u00e1rea de carnicer\u00edas, pero esta se llena generalmente por medio de pipas, fue por ello que, se determin\u00f3 realizar los trabajos para que en lo subsecuente se pueda abastecer con toda normalidad.<\/p>\n\n\n\n<p>Debido a los trabajos que se realizan sobre la avenida Nuevo Le\u00f3n, Eric Azuara, pide a los automovilistas manejar con precauci\u00f3n y sobre todo, disculpar las molestias que pudieran ocasionar estas labores.<\/p>\n\n\n\n<figure class=\"wp-block-image size-full\"><img fetchpriority=\"high\" decoding=\"async\" width=\"933\" height=\"524\" src=\"https:\/\/www.zunoticia.com\/noticias-de-hidalgo\/wp-content\/uploads\/2024\/11\/Zunoticia-Huejutla-1-203.png\" alt=\"\" class=\"wp-image-572104\"\/><\/figure>\n","protected":false},"excerpt":{"rendered":"<p>Por Enedino Hern\u00e1ndez\/Zunoticia Huejutla, Hgo.- Por indicaciones del alcalde de Huejutla de Reyes, Alfredo San Rom\u00e1n Duval, al momento se realizan los trabajos correspondientes para la introducci\u00f3n del agua al \u00e1rea de carnicer\u00edas de la zona del mercado municipal de Huejutla. El administrador de Mercados en Huejutla, Eric Azuara, confirm\u00f3 que, los trabajos de introducci\u00f3n&hellip; <a class=\"more-link\" href=\"https:\/\/www.zunoticia.com\/noticias-de-hidalgo\/2024\/11\/19\/realizan-introduccion-de-agua-al-area-de-carnicerias-del-mercado\/\">Seguir leyendo <span class=\"screen-reader-text\">Realizan introducci\u00f3n de agua al \u00e1rea de carnicer\u00edas del Mercado<\/span><\/a><\/p>\n","protected":false},"author":20,"featured_media":572103,"comment_status":"open","ping_status":"open","sticky":false,"template":"","format":"standard","meta":{"rop_custom_images_group":[],"rop_custom_messages_group":[],"rop_publish_now":"initial","rop_publish_now_accounts":{"facebook_10159540855086992_322828327761733":""},"rop_publish_now_history":[],"rop_publish_now_status":"pending","footnotes":""},"categories":[181],"tags":[121],"class_list":["post-572102","post","type-post","status-publish","format-standard","has-post-thumbnail","hentry","category-huejutla","tag-huejutla","entry"],"_links":{"self":[{"href":"https:\/\/www.zunoticia.com\/noticias-de-hidalgo\/wp-json\/wp\/v2\/posts\/572102","targetHints":{"allow":["GET"]}}],"collection":[{"href":"https:\/\/www.zunoticia.com\/noticias-de-hidalgo\/wp-json\/wp\/v2\/posts"}],"about":[{"href":"https:\/\/www.zunoticia.com\/noticias-de-hidalgo\/wp-json\/wp\/v2\/types\/post"}],"author":[{"embeddable":true,"href":"https:\/\/www.zunoticia.com\/noticias-de-hidalgo\/wp-json\/wp\/v2\/users\/20"}],"replies":[{"embeddable":true,"href":"https:\/\/www.zunoticia.com\/noticias-de-hidalgo\/wp-json\/wp\/v2\/comments?post=572102"}],"version-history":[{"count":1,"href":"https:\/\/www.zunoticia.com\/noticias-de-hidalgo\/wp-json\/wp\/v2\/posts\/572102\/revisions"}],"predecessor-version":[{"id":572105,"href":"https:\/\/www.zunoticia.com\/noticias-de-hidalgo\/wp-json\/wp\/v2\/posts\/572102\/revisions\/572105"}],"wp:featuredmedia":[{"embeddable":true,"href":"https:\/\/www.zunoticia.com\/noticias-de-hidalgo\/wp-json\/wp\/v2\/media\/572103"}],"wp:attachment":[{"href":"https:\/\/www.zunoticia.com\/noticias-de-hidalgo\/wp-json\/wp\/v2\/media?parent=572102"}],"wp:term":[{"taxonomy":"category","embeddable":true,"href":"https:\/\/www.zunoticia.com\/noticias-de-hidalgo\/wp-json\/wp\/v2\/categories?post=572102"},{"taxonomy":"post_tag","embeddable":true,"href":"https:\/\/www.zunoticia.com\/noticias-de-hidalgo\/wp-json\/wp\/v2\/tags?post=572102"}],"curies":[{"name":"wp","href":"https:\/\/api.w.org\/{rel}","templated":true}]}}