{"id":572127,"date":"2024-11-19T19:53:11","date_gmt":"2024-11-20T01:53:11","guid":{"rendered":"https:\/\/www.zunoticia.com\/noticias-de-hidalgo\/?p=572127"},"modified":"2024-11-19T19:53:12","modified_gmt":"2024-11-20T01:53:12","slug":"policia-violeta-cumple-dos-anos-al-servicio-de-las-hidalguenses","status":"publish","type":"post","link":"https:\/\/www.zunoticia.com\/noticias-de-hidalgo\/2024\/11\/19\/policia-violeta-cumple-dos-anos-al-servicio-de-las-hidalguenses\/","title":{"rendered":"Polic\u00eda Violeta cumple dos a\u00f1os al servicio de las hidalguenses"},"content":{"rendered":"<aside class=\"mashsb-container mashsb-main mashsb-stretched\"><div class=\"mashsb-box\"><div class=\"mashsb-count mash-large\" style=\"float:left\"><div class=\"counts mashsbcount\">0<\/div><span class=\"mashsb-sharetext\">SHARES<\/span><\/div><div class=\"mashsb-buttons\"><a class=\"mashicon-facebook mash-large mash-center mashsb-noshadow\" href=\"https:\/\/www.facebook.com\/sharer.php?u=https%3A%2F%2Fwww.zunoticia.com%2Fnoticias-de-hidalgo%2F2024%2F11%2F19%2Fpolicia-violeta-cumple-dos-anos-al-servicio-de-las-hidalguenses%2F\" target=\"_top\" rel=\"nofollow\"><span class=\"icon\"><\/span><span class=\"text\">Share<\/span><\/a><a class=\"mashicon-twitter mash-large mash-center mashsb-noshadow\" href=\"https:\/\/twitter.com\/intent\/tweet?text=&amp;url=https:\/\/www.zunoticia.com\/noticias-de-hidalgo\/2024\/11\/19\/policia-violeta-cumple-dos-anos-al-servicio-de-las-hidalguenses\/\" target=\"_top\" rel=\"nofollow\"><span class=\"icon\"><\/span><span class=\"text\">Tweet<\/span><\/a><div class=\"onoffswitch2 mash-large mashsb-noshadow\" style=\"display:none\"><\/div><\/div>\n            <\/div>\n                <div style=\"clear:both\"><\/div><div class=\"mashsb-toggle-container\"><\/div><\/aside>\n            <!-- Share buttons by mashshare.net - Version: 4.0.47-->\n<p><em>Por Redacci\u00f3n\/Zunoticia<\/em><\/p>\n\n\n\n<p><strong>Pachuca de Soto, Hgo.-<\/strong> A dos a\u00f1os de su creaci\u00f3n, la Polic\u00eda Violeta se consolida como una instituci\u00f3n que responde a la necesidad ciudadana de realizar acciones contundentes para garantizar a ni\u00f1as, mujeres y grupos vulnerables una vida libre de violencia.&nbsp;<\/p>\n\n\n\n<p>Fue en noviembre de 2022 cuando el gobernador, Julio Menchaca Salazar, present\u00f3 esta unidad especializada que opera de forma oportuna, eficaz y profesional, bajo la perspectiva de g\u00e9nero y derechos humanos, para la prevenci\u00f3n, detecci\u00f3n e intervenci\u00f3n de casos de violencia de g\u00e9nero.&nbsp;<\/p>\n\n\n\n<p>Su modelo operacional ha sido replicado en 72 municipios de la entidad, brindando m\u00e1s de 11 mil 200 apoyos directos y acompa\u00f1amientos a las v\u00edctimas en el proceso para denunciar a sus agresores, as\u00ed como ayuda jur\u00eddica y psicol\u00f3gica.<\/p>\n\n\n\n<p>Entre los llamados de auxilio recibidos por los agentes Violeta, se atendi\u00f3 el caso de la se\u00f1ora Reyna, quien despu\u00e9s de sufrir violencia f\u00edsica y psicol\u00f3gica por parte de su pareja sentimental, hoy est\u00e1 a salvo.&nbsp;<\/p>\n\n\n\n<p>\u201cEllos \u2013la Polic\u00eda Violeta\u2013 fueron muy atentos, me ayudaron a salir del domicilio y a llevar mis cosas, me llevaron al hospital. De verdad, ellos fueron quienes hicieron mucho por m\u00ed, porque yo no pod\u00eda sostenerme de pie, y gracias a ellos estoy aqu\u00ed\u201d.&nbsp;<\/p>\n\n\n\n<p>De acuerdo con su testimonio, despu\u00e9s de una alerta mediante el 911 de Emergencias, fue apoyada para recibir atenci\u00f3n m\u00e9dica y, tras su recuperaci\u00f3n, agradeci\u00f3 la labor de los agentes estatales.&nbsp;<\/p>\n\n\n\n<p>\u201cDe parte de los polic\u00edas, ellos siguen al pendiente, me est\u00e1n orientando y me explican que es lo que se est\u00e1 llevando a cabo. Yo, la verdad, estoy muy agradecida, mi vida se las debo a ellos\u201d, refiri\u00f3 la se\u00f1ora Reyna.&nbsp;<\/p>\n\n\n\n<p>Lo anterior es muestra del impacto positivo de las acciones implementadas en este tiempo; por ello, esta unidad seguir\u00e1 trabajando de la mano de las hidalguenses y grupos vulnerables para brindar mayor seguridad y protecci\u00f3n.&nbsp;<\/p>\n\n\n\n<p>Los resultados obtenidos a la fecha contemplan, adem\u00e1s, la localizaci\u00f3n de decenas de mujeres, ni\u00f1as, adolescentes y personas adultas mayores que contaban con ficha de b\u00fasqueda, as\u00ed como 22 apoyos directos a personas en riesgo latente de suicidio que se encontraban en crisis.&nbsp;<\/p>\n\n\n\n<p>El proyecto de la Polic\u00eda Violeta ha sumado el uso de herramientas tecnol\u00f3gicas para ampliar la ayuda. Actualmente, se cuenta con 2 mil 155 botones de p\u00e1nico en postes de videovigilancia y 5 mil 490 descargas de la aplicaci\u00f3n \u201cNo M\u00e1s Violencia\u201d, con la cual se puede solicitar auxilio inmediato.&nbsp;<\/p>\n\n\n\n<p>La Secretar\u00eda de Seguridad P\u00fablica de Hidalgo (SSPH) reitera su firme compromiso con la igualdad de g\u00e9nero, por lo que trabaja de manera continua para contribuir en la prevenci\u00f3n,&nbsp;sensibilizaci\u00f3n&nbsp;y concientizaci\u00f3n, a fin de inhibir y erradicar la&nbsp;violencia&nbsp;de cualquier tipo.<\/p>\n\n\n\n<figure class=\"wp-block-image size-full\"><img fetchpriority=\"high\" decoding=\"async\" width=\"933\" height=\"524\" src=\"https:\/\/www.zunoticia.com\/noticias-de-hidalgo\/wp-content\/uploads\/2024\/11\/Zunoticia-Huejutla-5-10.png\" alt=\"\" class=\"wp-image-572129\"\/><\/figure>\n\n\n\n<p><\/p>\n","protected":false},"excerpt":{"rendered":"<p>Por Redacci\u00f3n\/Zunoticia Pachuca de Soto, Hgo.- A dos a\u00f1os de su creaci\u00f3n, la Polic\u00eda Violeta se consolida como una instituci\u00f3n que responde a la necesidad ciudadana de realizar acciones contundentes para garantizar a ni\u00f1as, mujeres y grupos vulnerables una vida libre de violencia.&nbsp; Fue en noviembre de 2022 cuando el gobernador, Julio Menchaca Salazar, present\u00f3&hellip; <a class=\"more-link\" href=\"https:\/\/www.zunoticia.com\/noticias-de-hidalgo\/2024\/11\/19\/policia-violeta-cumple-dos-anos-al-servicio-de-las-hidalguenses\/\">Seguir leyendo <span class=\"screen-reader-text\">Polic\u00eda Violeta cumple dos a\u00f1os al servicio de las hidalguenses<\/span><\/a><\/p>\n","protected":false},"author":20,"featured_media":572128,"comment_status":"open","ping_status":"open","sticky":false,"template":"","format":"standard","meta":{"rop_custom_images_group":[],"rop_custom_messages_group":[],"rop_publish_now":"initial","rop_publish_now_accounts":{"facebook_10159540855086992_322828327761733":""},"rop_publish_now_history":[],"rop_publish_now_status":"pending","footnotes":""},"categories":[208],"tags":[214],"class_list":["post-572127","post","type-post","status-publish","format-standard","has-post-thumbnail","hentry","category-estado","tag-estado","entry"],"_links":{"self":[{"href":"https:\/\/www.zunoticia.com\/noticias-de-hidalgo\/wp-json\/wp\/v2\/posts\/572127","targetHints":{"allow":["GET"]}}],"collection":[{"href":"https:\/\/www.zunoticia.com\/noticias-de-hidalgo\/wp-json\/wp\/v2\/posts"}],"about":[{"href":"https:\/\/www.zunoticia.com\/noticias-de-hidalgo\/wp-json\/wp\/v2\/types\/post"}],"author":[{"embeddable":true,"href":"https:\/\/www.zunoticia.com\/noticias-de-hidalgo\/wp-json\/wp\/v2\/users\/20"}],"replies":[{"embeddable":true,"href":"https:\/\/www.zunoticia.com\/noticias-de-hidalgo\/wp-json\/wp\/v2\/comments?post=572127"}],"version-history":[{"count":1,"href":"https:\/\/www.zunoticia.com\/noticias-de-hidalgo\/wp-json\/wp\/v2\/posts\/572127\/revisions"}],"predecessor-version":[{"id":572130,"href":"https:\/\/www.zunoticia.com\/noticias-de-hidalgo\/wp-json\/wp\/v2\/posts\/572127\/revisions\/572130"}],"wp:featuredmedia":[{"embeddable":true,"href":"https:\/\/www.zunoticia.com\/noticias-de-hidalgo\/wp-json\/wp\/v2\/media\/572128"}],"wp:attachment":[{"href":"https:\/\/www.zunoticia.com\/noticias-de-hidalgo\/wp-json\/wp\/v2\/media?parent=572127"}],"wp:term":[{"taxonomy":"category","embeddable":true,"href":"https:\/\/www.zunoticia.com\/noticias-de-hidalgo\/wp-json\/wp\/v2\/categories?post=572127"},{"taxonomy":"post_tag","embeddable":true,"href":"https:\/\/www.zunoticia.com\/noticias-de-hidalgo\/wp-json\/wp\/v2\/tags?post=572127"}],"curies":[{"name":"wp","href":"https:\/\/api.w.org\/{rel}","templated":true}]}}