{"id":572148,"date":"2024-11-19T20:19:36","date_gmt":"2024-11-20T02:19:36","guid":{"rendered":"https:\/\/www.zunoticia.com\/noticias-de-hidalgo\/?p=572148"},"modified":"2024-11-19T20:19:37","modified_gmt":"2024-11-20T02:19:37","slug":"hidalgo-implementa-politica-integral-de-educacion-indigena-intercultural-natividad-castrejon","status":"publish","type":"post","link":"https:\/\/www.zunoticia.com\/noticias-de-hidalgo\/2024\/11\/19\/hidalgo-implementa-politica-integral-de-educacion-indigena-intercultural-natividad-castrejon\/","title":{"rendered":"Hidalgo implementa pol\u00edtica integral de educaci\u00f3n ind\u00edgena intercultural: Natividad Castrej\u00f3n"},"content":{"rendered":"<aside class=\"mashsb-container mashsb-main mashsb-stretched\"><div class=\"mashsb-box\"><div class=\"mashsb-count mash-large\" style=\"float:left\"><div class=\"counts mashsbcount\">0<\/div><span class=\"mashsb-sharetext\">SHARES<\/span><\/div><div class=\"mashsb-buttons\"><a class=\"mashicon-facebook mash-large mash-center mashsb-noshadow\" href=\"https:\/\/www.facebook.com\/sharer.php?u=https%3A%2F%2Fwww.zunoticia.com%2Fnoticias-de-hidalgo%2F2024%2F11%2F19%2Fhidalgo-implementa-politica-integral-de-educacion-indigena-intercultural-natividad-castrejon%2F\" target=\"_top\" rel=\"nofollow\"><span class=\"icon\"><\/span><span class=\"text\">Share<\/span><\/a><a class=\"mashicon-twitter mash-large mash-center mashsb-noshadow\" href=\"https:\/\/twitter.com\/intent\/tweet?text=&amp;url=https:\/\/www.zunoticia.com\/noticias-de-hidalgo\/2024\/11\/19\/hidalgo-implementa-politica-integral-de-educacion-indigena-intercultural-natividad-castrejon\/\" target=\"_top\" rel=\"nofollow\"><span class=\"icon\"><\/span><span class=\"text\">Tweet<\/span><\/a><div class=\"onoffswitch2 mash-large mashsb-noshadow\" style=\"display:none\"><\/div><\/div>\n            <\/div>\n                <div style=\"clear:both\"><\/div><div class=\"mashsb-toggle-container\"><\/div><\/aside>\n            <!-- Share buttons by mashshare.net - Version: 4.0.47-->\n<p><em>Por Redacci\u00f3n\/Zunoticia<\/em><\/p>\n\n\n\n<p><strong>Pachuca de Soto, Hgo<\/strong>.- En la administraci\u00f3n actual que encabeza el gobernador Julio Menchaca Salazar se implementa una pol\u00edtica integral de educaci\u00f3n ind\u00edgena intercultural, bajo criterios de pertinencia cultural y ling\u00fc\u00edstica, donde se involucra a todos los actores educativos, as\u00ed lo manifest\u00f3 el titular del Instituto Hidalguense de Educaci\u00f3n (IHE), Natividad Castrej\u00f3n Valdez, al visitar la Escuela Primaria Ind\u00edgena \u201cNicol\u00e1s Flores\u201d de la comunidad de Santiago Tepepa, municipio de Acaxochitl\u00e1n.&nbsp;<\/p>\n\n\n\n<p>Al encabezar el evento, Natividad Castrej\u00f3n se\u00f1al\u00f3 que, dentro de las estrategias promovidas por el IHE, para rescatar, preservar, promover y conservar el conocimiento de las lenguas y culturas ind\u00edgenas, se encuentra el programa \u201cCazadores de Saberes: Ni\u00f1as y Ni\u00f1os Preservando su Cultura\u201d.&nbsp;<\/p>\n\n\n\n<p>En \u00e9ste se trabaja para incorporar, ense\u00f1ar y acompa\u00f1ar a ni\u00f1as y ni\u00f1os de escuelas ind\u00edgenas, a que se conviertan en promotores infantiles de sus comunidades.&nbsp;<\/p>\n\n\n\n<p>Adem\u00e1s reconoci\u00f3 la relevancia de la Nueva Escuela Mexicana (NEM), de proporcionar una formaci\u00f3n integral, con equidad y excelencia, a ni\u00f1as, ni\u00f1os, adolescentes y j\u00f3venes.&nbsp;<\/p>\n\n\n\n<p>\u201cActualmente contamos con nuevos paradigmas educativos, con una visi\u00f3n integradora que, adem\u00e1s de fomentar valores como la solidaridad y el respeto, impulsan la libertad en los educandos\u201d, a\u00f1adi\u00f3.<\/p>\n\n\n\n<p>El presidente municipal de Acaxochitl\u00e1n, Ricardo Perea G\u00f3mez, indic\u00f3 que la labor que realiza el IHE ha sido fundamental para impulsar cambios positivos en el sistema educativo, ya que el compromiso con la calidad y la equidad en la educaci\u00f3n es un ejemplo para todos.&nbsp;<\/p>\n\n\n\n<figure class=\"wp-block-image size-full\"><img fetchpriority=\"high\" decoding=\"async\" width=\"933\" height=\"524\" src=\"https:\/\/www.zunoticia.com\/noticias-de-hidalgo\/wp-content\/uploads\/2024\/11\/Zunoticia-Huejutla-13-2.png\" alt=\"\" class=\"wp-image-572150\"\/><\/figure>\n\n\n\n<p>En su oportunidad, el director general del Centro Estatal de Lenguas y Culturas Ind\u00edgenas (CELCI), Miguel \u00c1ngel Ortega S\u00e1nchez, detall\u00f3 que en Acaxochitl\u00e1n fueron dos escuelas primarias biling\u00fces, la Primaria Ind\u00edgena \u201c16 de septiembre\u201d de la comunidad de Los Reyes y la Primaria Ind\u00edgena \u201cVicente Guerrero\u201d, de la comunidad de San Francisco Atotonilco, en las que 70 cazadores de saberes recibieron sus acreditaciones como integrantes del programa, as\u00ed como paquetes did\u00e1cticos y las gacetas, donde est\u00e1n impresos sus relatos en su lengua materna, n\u00e1huatl, y traducidos al espa\u00f1ol.<\/p>\n\n\n\n<p>En este evento se entregaron las gacetas del programa, en donde a partir de investigaciones familiares&nbsp;y comunitarias, se dan a conocer las tradiciones, relatos, leyendas, mitos, gastronom\u00eda, indumentaria, ritos, medicina tradicional, que forman parte de la cultura de la comunidad.<\/p>\n\n\n\n<p>Estuvo presente la directora general de Servicios Regionales, Josefina Serrano Bautista; la presidenta del sistema DIF de Acaxochitl\u00e1n, Jazm\u00edn Mart\u00ednez Marroqu\u00edn; el subdirector de servicios regionales, Jos\u00e9 Rub\u00e9n Hern\u00e1ndez Ortega, entre otros miembros del sistema educativo estatal.<\/p>\n\n\n\n<p><\/p>\n","protected":false},"excerpt":{"rendered":"<p>Por Redacci\u00f3n\/Zunoticia Pachuca de Soto, Hgo.- En la administraci\u00f3n actual que encabeza el gobernador Julio Menchaca Salazar se implementa una pol\u00edtica integral de educaci\u00f3n ind\u00edgena intercultural, bajo criterios de pertinencia cultural y ling\u00fc\u00edstica, donde se involucra a todos los actores educativos, as\u00ed lo manifest\u00f3 el titular del Instituto Hidalguense de Educaci\u00f3n (IHE), Natividad Castrej\u00f3n Valdez,&hellip; <a class=\"more-link\" href=\"https:\/\/www.zunoticia.com\/noticias-de-hidalgo\/2024\/11\/19\/hidalgo-implementa-politica-integral-de-educacion-indigena-intercultural-natividad-castrejon\/\">Seguir leyendo <span class=\"screen-reader-text\">Hidalgo implementa pol\u00edtica integral de educaci\u00f3n ind\u00edgena intercultural: Natividad Castrej\u00f3n<\/span><\/a><\/p>\n","protected":false},"author":20,"featured_media":572149,"comment_status":"open","ping_status":"open","sticky":false,"template":"","format":"standard","meta":{"rop_custom_images_group":[],"rop_custom_messages_group":[],"rop_publish_now":"initial","rop_publish_now_accounts":{"facebook_10159540855086992_322828327761733":""},"rop_publish_now_history":[],"rop_publish_now_status":"pending","footnotes":""},"categories":[1],"tags":[214],"class_list":["post-572148","post","type-post","status-publish","format-standard","has-post-thumbnail","hentry","category-sin-categoria","tag-estado","entry"],"_links":{"self":[{"href":"https:\/\/www.zunoticia.com\/noticias-de-hidalgo\/wp-json\/wp\/v2\/posts\/572148","targetHints":{"allow":["GET"]}}],"collection":[{"href":"https:\/\/www.zunoticia.com\/noticias-de-hidalgo\/wp-json\/wp\/v2\/posts"}],"about":[{"href":"https:\/\/www.zunoticia.com\/noticias-de-hidalgo\/wp-json\/wp\/v2\/types\/post"}],"author":[{"embeddable":true,"href":"https:\/\/www.zunoticia.com\/noticias-de-hidalgo\/wp-json\/wp\/v2\/users\/20"}],"replies":[{"embeddable":true,"href":"https:\/\/www.zunoticia.com\/noticias-de-hidalgo\/wp-json\/wp\/v2\/comments?post=572148"}],"version-history":[{"count":1,"href":"https:\/\/www.zunoticia.com\/noticias-de-hidalgo\/wp-json\/wp\/v2\/posts\/572148\/revisions"}],"predecessor-version":[{"id":572151,"href":"https:\/\/www.zunoticia.com\/noticias-de-hidalgo\/wp-json\/wp\/v2\/posts\/572148\/revisions\/572151"}],"wp:featuredmedia":[{"embeddable":true,"href":"https:\/\/www.zunoticia.com\/noticias-de-hidalgo\/wp-json\/wp\/v2\/media\/572149"}],"wp:attachment":[{"href":"https:\/\/www.zunoticia.com\/noticias-de-hidalgo\/wp-json\/wp\/v2\/media?parent=572148"}],"wp:term":[{"taxonomy":"category","embeddable":true,"href":"https:\/\/www.zunoticia.com\/noticias-de-hidalgo\/wp-json\/wp\/v2\/categories?post=572148"},{"taxonomy":"post_tag","embeddable":true,"href":"https:\/\/www.zunoticia.com\/noticias-de-hidalgo\/wp-json\/wp\/v2\/tags?post=572148"}],"curies":[{"name":"wp","href":"https:\/\/api.w.org\/{rel}","templated":true}]}}