{"id":572468,"date":"2024-11-21T17:52:50","date_gmt":"2024-11-21T23:52:50","guid":{"rendered":"https:\/\/www.zunoticia.com\/noticias-de-hidalgo\/?p=572468"},"modified":"2024-11-21T17:52:52","modified_gmt":"2024-11-21T23:52:52","slug":"maestros-participaran-en-2dos-eventos-artisticos-y-culturales-huejutla-huazalingo","status":"publish","type":"post","link":"https:\/\/www.zunoticia.com\/noticias-de-hidalgo\/2024\/11\/21\/maestros-participaran-en-2dos-eventos-artisticos-y-culturales-huejutla-huazalingo\/","title":{"rendered":"Maestros participar\u00e1n en 2dos. Eventos art\u00edsticos y culturales Huejutla-Huazalingo"},"content":{"rendered":"<aside class=\"mashsb-container mashsb-main mashsb-stretched\"><div class=\"mashsb-box\"><div class=\"mashsb-count mash-large\" style=\"float:left\"><div class=\"counts mashsbcount\">0<\/div><span class=\"mashsb-sharetext\">SHARES<\/span><\/div><div class=\"mashsb-buttons\"><a class=\"mashicon-facebook mash-large mash-center mashsb-noshadow\" href=\"https:\/\/www.facebook.com\/sharer.php?u=https%3A%2F%2Fwww.zunoticia.com%2Fnoticias-de-hidalgo%2F2024%2F11%2F21%2Fmaestros-participaran-en-2dos-eventos-artisticos-y-culturales-huejutla-huazalingo%2F\" target=\"_top\" rel=\"nofollow\"><span class=\"icon\"><\/span><span class=\"text\">Share<\/span><\/a><a class=\"mashicon-twitter mash-large mash-center mashsb-noshadow\" href=\"https:\/\/twitter.com\/intent\/tweet?text=&amp;url=https:\/\/www.zunoticia.com\/noticias-de-hidalgo\/2024\/11\/21\/maestros-participaran-en-2dos-eventos-artisticos-y-culturales-huejutla-huazalingo\/\" target=\"_top\" rel=\"nofollow\"><span class=\"icon\"><\/span><span class=\"text\">Tweet<\/span><\/a><div class=\"onoffswitch2 mash-large mashsb-noshadow\" style=\"display:none\"><\/div><\/div>\n            <\/div>\n                <div style=\"clear:both\"><\/div><div class=\"mashsb-toggle-container\"><\/div><\/aside>\n            <!-- Share buttons by mashshare.net - Version: 4.0.47-->\n<p><em>Por Enedino Hern\u00e1ndez\/Zunoticia<\/em><\/p>\n\n\n\n<p><strong>Huejutla, Hgo<\/strong>.- Con toda anticipaci\u00f3n, maestros integrados en la Secci\u00f3n XV del SNTE, regi\u00f3n Huejutla-Huazalingo, se prepararon y participar\u00e1n en los Segundos eventos art\u00edsticos y culturales del magisterio en su etapa Regional, actividades que se desarrollar\u00e1n en la explanada del reloj municipal de esta ciudad de Huejutla.<\/p>\n\n\n\n<p>El secretario de la Secci\u00f3n XV del SNTE, regi\u00f3n Huejutla-Huazalingo, Jes\u00fas Hern\u00e1ndez Salcedo, confirm\u00f3 que, los Segundos eventos art\u00edsticos y culturales del magisterio en su etapa Regional se desarrollar\u00e1n a partir de las 16.30 horas de este viernes.<\/p>\n\n\n\n<p>Los maestros de la regi\u00f3n Huejutla-Huazalingo participar\u00e1n en Canto, Dueto, Trio, Baile Regional y Declamaci\u00f3n.<\/p>\n\n\n\n<p>Finalmente, es importante se\u00f1alar que, durante las tardes de esta semana, grupos de maestros han estado realizando los ensayos correspondientes para la participaci\u00f3n que tendr\u00e1n durante la tarde de este viernes.<\/p>\n","protected":false},"excerpt":{"rendered":"<p>Por Enedino Hern\u00e1ndez\/Zunoticia Huejutla, Hgo.- Con toda anticipaci\u00f3n, maestros integrados en la Secci\u00f3n XV del SNTE, regi\u00f3n Huejutla-Huazalingo, se prepararon y participar\u00e1n en los Segundos eventos art\u00edsticos y culturales del magisterio en su etapa Regional, actividades que se desarrollar\u00e1n en la explanada del reloj municipal de esta ciudad de Huejutla. El secretario de la Secci\u00f3n&hellip; <a class=\"more-link\" href=\"https:\/\/www.zunoticia.com\/noticias-de-hidalgo\/2024\/11\/21\/maestros-participaran-en-2dos-eventos-artisticos-y-culturales-huejutla-huazalingo\/\">Seguir leyendo <span class=\"screen-reader-text\">Maestros participar\u00e1n en 2dos. Eventos art\u00edsticos y culturales Huejutla-Huazalingo<\/span><\/a><\/p>\n","protected":false},"author":20,"featured_media":572469,"comment_status":"open","ping_status":"open","sticky":false,"template":"","format":"standard","meta":{"rop_custom_images_group":[],"rop_custom_messages_group":[],"rop_publish_now":"initial","rop_publish_now_accounts":{"facebook_10159540855086992_322828327761733":""},"rop_publish_now_history":[],"rop_publish_now_status":"pending","footnotes":""},"categories":[1],"tags":[121],"class_list":["post-572468","post","type-post","status-publish","format-standard","has-post-thumbnail","hentry","category-sin-categoria","tag-huejutla","entry"],"_links":{"self":[{"href":"https:\/\/www.zunoticia.com\/noticias-de-hidalgo\/wp-json\/wp\/v2\/posts\/572468","targetHints":{"allow":["GET"]}}],"collection":[{"href":"https:\/\/www.zunoticia.com\/noticias-de-hidalgo\/wp-json\/wp\/v2\/posts"}],"about":[{"href":"https:\/\/www.zunoticia.com\/noticias-de-hidalgo\/wp-json\/wp\/v2\/types\/post"}],"author":[{"embeddable":true,"href":"https:\/\/www.zunoticia.com\/noticias-de-hidalgo\/wp-json\/wp\/v2\/users\/20"}],"replies":[{"embeddable":true,"href":"https:\/\/www.zunoticia.com\/noticias-de-hidalgo\/wp-json\/wp\/v2\/comments?post=572468"}],"version-history":[{"count":1,"href":"https:\/\/www.zunoticia.com\/noticias-de-hidalgo\/wp-json\/wp\/v2\/posts\/572468\/revisions"}],"predecessor-version":[{"id":572470,"href":"https:\/\/www.zunoticia.com\/noticias-de-hidalgo\/wp-json\/wp\/v2\/posts\/572468\/revisions\/572470"}],"wp:featuredmedia":[{"embeddable":true,"href":"https:\/\/www.zunoticia.com\/noticias-de-hidalgo\/wp-json\/wp\/v2\/media\/572469"}],"wp:attachment":[{"href":"https:\/\/www.zunoticia.com\/noticias-de-hidalgo\/wp-json\/wp\/v2\/media?parent=572468"}],"wp:term":[{"taxonomy":"category","embeddable":true,"href":"https:\/\/www.zunoticia.com\/noticias-de-hidalgo\/wp-json\/wp\/v2\/categories?post=572468"},{"taxonomy":"post_tag","embeddable":true,"href":"https:\/\/www.zunoticia.com\/noticias-de-hidalgo\/wp-json\/wp\/v2\/tags?post=572468"}],"curies":[{"name":"wp","href":"https:\/\/api.w.org\/{rel}","templated":true}]}}