{"id":572559,"date":"2024-11-22T15:29:11","date_gmt":"2024-11-22T21:29:11","guid":{"rendered":"https:\/\/www.zunoticia.com\/noticias-de-hidalgo\/?p=572559"},"modified":"2024-11-22T15:29:13","modified_gmt":"2024-11-22T21:29:13","slug":"galileo-cantautor-y-el-trio-tradicion-huasteca-celebran-a-santa-cecilia","status":"publish","type":"post","link":"https:\/\/www.zunoticia.com\/noticias-de-hidalgo\/2024\/11\/22\/galileo-cantautor-y-el-trio-tradicion-huasteca-celebran-a-santa-cecilia\/","title":{"rendered":"Galileo Cantautor y el Tr\u00edo Tradici\u00f3n Huasteca celebran a Santa Cecilia"},"content":{"rendered":"<aside class=\"mashsb-container mashsb-main mashsb-stretched\"><div class=\"mashsb-box\"><div class=\"mashsb-count mash-large\" style=\"float:left\"><div class=\"counts mashsbcount\">0<\/div><span class=\"mashsb-sharetext\">SHARES<\/span><\/div><div class=\"mashsb-buttons\"><a class=\"mashicon-facebook mash-large mash-center mashsb-noshadow\" href=\"https:\/\/www.facebook.com\/sharer.php?u=https%3A%2F%2Fwww.zunoticia.com%2Fnoticias-de-hidalgo%2F2024%2F11%2F22%2Fgalileo-cantautor-y-el-trio-tradicion-huasteca-celebran-a-santa-cecilia%2F\" target=\"_top\" rel=\"nofollow\"><span class=\"icon\"><\/span><span class=\"text\">Share<\/span><\/a><a class=\"mashicon-twitter mash-large mash-center mashsb-noshadow\" href=\"https:\/\/twitter.com\/intent\/tweet?text=&amp;url=https:\/\/www.zunoticia.com\/noticias-de-hidalgo\/2024\/11\/22\/galileo-cantautor-y-el-trio-tradicion-huasteca-celebran-a-santa-cecilia\/\" target=\"_top\" rel=\"nofollow\"><span class=\"icon\"><\/span><span class=\"text\">Tweet<\/span><\/a><div class=\"onoffswitch2 mash-large mashsb-noshadow\" style=\"display:none\"><\/div><\/div>\n            <\/div>\n                <div style=\"clear:both\"><\/div><div class=\"mashsb-toggle-container\"><\/div><\/aside>\n            <!-- Share buttons by mashshare.net - Version: 4.0.47-->\n<p><em>Por Enedino Hern\u00e1ndez\/ Zunoticia<\/em><\/p>\n\n\n\n<p><strong>Huejutla, Hgo.-<\/strong> El conocido cantautor Galileo Hern\u00e1ndez Francisco y su Tr\u00edo Tradici\u00f3n Huasteca tambi\u00e9n celebraron a Santa Cecilia, patrona de los m\u00fasicos, para lo cual recorrieron la zona del mercado tocando diversas piezas musicales.<\/p>\n\n\n\n<p>Este viernes 22 de noviembre se celebr\u00f3 el D\u00eda del M\u00fasico, motivo por el cual las personas, quienes se dedican a la actividad musical celebraron su d\u00eda, as\u00ed como la fiesta de San Cecilia, patrona de los m\u00fasicos.<\/p>\n\n\n\n<p>Galileo Hern\u00e1ndez Francisco, cantautor y representante del Tr\u00edo Tradici\u00f3n Huasteca, felicit\u00f3 a todas las personas quienes se dedican a la m\u00fasica, invitando a que transmitan sus conocimientos principalmente a los ni\u00f1os y a los j\u00f3venes.<\/p>\n\n\n\n<p>A\u00f1adi\u00f3 que, previamente de manera organizada de realizaron Velaciones en honor a Santa Cecilia, adem\u00e1s de participar en varios eventos con motivo de la celebraci\u00f3n del D\u00eda del M\u00fasico. Consider\u00f3 elemental fortalecer la tradici\u00f3n, sobre todo porque es a trav\u00e9s de la m\u00fasica como se fortalecen las tradiciones, como lo fue en el Xantolo, cuando la m\u00fasica tradicional se hizo presente.<\/p>\n\n\n\n<p>Reconoci\u00f3 que, en la huasteca tambi\u00e9n se tienen a ni\u00f1os y j\u00f3venes quienes gustan y fortalecen la m\u00fasica, por ello que, hace un llamado a los padres de familia para que apoyen a sus hijos.<\/p>\n","protected":false},"excerpt":{"rendered":"<p>Por Enedino Hern\u00e1ndez\/ Zunoticia Huejutla, Hgo.- El conocido cantautor Galileo Hern\u00e1ndez Francisco y su Tr\u00edo Tradici\u00f3n Huasteca tambi\u00e9n celebraron a Santa Cecilia, patrona de los m\u00fasicos, para lo cual recorrieron la zona del mercado tocando diversas piezas musicales. Este viernes 22 de noviembre se celebr\u00f3 el D\u00eda del M\u00fasico, motivo por el cual las personas,&hellip; <a class=\"more-link\" href=\"https:\/\/www.zunoticia.com\/noticias-de-hidalgo\/2024\/11\/22\/galileo-cantautor-y-el-trio-tradicion-huasteca-celebran-a-santa-cecilia\/\">Seguir leyendo <span class=\"screen-reader-text\">Galileo Cantautor y el Tr\u00edo Tradici\u00f3n Huasteca celebran a Santa Cecilia<\/span><\/a><\/p>\n","protected":false},"author":20,"featured_media":572560,"comment_status":"open","ping_status":"open","sticky":false,"template":"","format":"standard","meta":{"rop_custom_images_group":[],"rop_custom_messages_group":[],"rop_publish_now":"initial","rop_publish_now_accounts":{"facebook_10159540855086992_322828327761733":""},"rop_publish_now_history":[],"rop_publish_now_status":"pending","footnotes":""},"categories":[181],"tags":[121],"class_list":["post-572559","post","type-post","status-publish","format-standard","has-post-thumbnail","hentry","category-huejutla","tag-huejutla","entry"],"_links":{"self":[{"href":"https:\/\/www.zunoticia.com\/noticias-de-hidalgo\/wp-json\/wp\/v2\/posts\/572559","targetHints":{"allow":["GET"]}}],"collection":[{"href":"https:\/\/www.zunoticia.com\/noticias-de-hidalgo\/wp-json\/wp\/v2\/posts"}],"about":[{"href":"https:\/\/www.zunoticia.com\/noticias-de-hidalgo\/wp-json\/wp\/v2\/types\/post"}],"author":[{"embeddable":true,"href":"https:\/\/www.zunoticia.com\/noticias-de-hidalgo\/wp-json\/wp\/v2\/users\/20"}],"replies":[{"embeddable":true,"href":"https:\/\/www.zunoticia.com\/noticias-de-hidalgo\/wp-json\/wp\/v2\/comments?post=572559"}],"version-history":[{"count":1,"href":"https:\/\/www.zunoticia.com\/noticias-de-hidalgo\/wp-json\/wp\/v2\/posts\/572559\/revisions"}],"predecessor-version":[{"id":572561,"href":"https:\/\/www.zunoticia.com\/noticias-de-hidalgo\/wp-json\/wp\/v2\/posts\/572559\/revisions\/572561"}],"wp:featuredmedia":[{"embeddable":true,"href":"https:\/\/www.zunoticia.com\/noticias-de-hidalgo\/wp-json\/wp\/v2\/media\/572560"}],"wp:attachment":[{"href":"https:\/\/www.zunoticia.com\/noticias-de-hidalgo\/wp-json\/wp\/v2\/media?parent=572559"}],"wp:term":[{"taxonomy":"category","embeddable":true,"href":"https:\/\/www.zunoticia.com\/noticias-de-hidalgo\/wp-json\/wp\/v2\/categories?post=572559"},{"taxonomy":"post_tag","embeddable":true,"href":"https:\/\/www.zunoticia.com\/noticias-de-hidalgo\/wp-json\/wp\/v2\/tags?post=572559"}],"curies":[{"name":"wp","href":"https:\/\/api.w.org\/{rel}","templated":true}]}}