{"id":572728,"date":"2024-11-23T16:50:24","date_gmt":"2024-11-23T22:50:24","guid":{"rendered":"https:\/\/www.zunoticia.com\/noticias-de-hidalgo\/?p=572728"},"modified":"2024-11-23T16:50:25","modified_gmt":"2024-11-23T22:50:25","slug":"realizaran-el-taller-las-heridas-del-alma","status":"publish","type":"post","link":"https:\/\/www.zunoticia.com\/noticias-de-hidalgo\/2024\/11\/23\/realizaran-el-taller-las-heridas-del-alma\/","title":{"rendered":"Realizar\u00e1n el taller &#8220;Las heridas del alma&#8221;"},"content":{"rendered":"<aside class=\"mashsb-container mashsb-main mashsb-stretched\"><div class=\"mashsb-box\"><div class=\"mashsb-count mash-large\" style=\"float:left\"><div class=\"counts mashsbcount\">0<\/div><span class=\"mashsb-sharetext\">SHARES<\/span><\/div><div class=\"mashsb-buttons\"><a class=\"mashicon-facebook mash-large mash-center mashsb-noshadow\" href=\"https:\/\/www.facebook.com\/sharer.php?u=https%3A%2F%2Fwww.zunoticia.com%2Fnoticias-de-hidalgo%2F2024%2F11%2F23%2Frealizaran-el-taller-las-heridas-del-alma%2F\" target=\"_top\" rel=\"nofollow\"><span class=\"icon\"><\/span><span class=\"text\">Share<\/span><\/a><a class=\"mashicon-twitter mash-large mash-center mashsb-noshadow\" href=\"https:\/\/twitter.com\/intent\/tweet?text=&amp;url=https:\/\/www.zunoticia.com\/noticias-de-hidalgo\/2024\/11\/23\/realizaran-el-taller-las-heridas-del-alma\/\" target=\"_top\" rel=\"nofollow\"><span class=\"icon\"><\/span><span class=\"text\">Tweet<\/span><\/a><div class=\"onoffswitch2 mash-large mashsb-noshadow\" style=\"display:none\"><\/div><\/div>\n            <\/div>\n                <div style=\"clear:both\"><\/div><div class=\"mashsb-toggle-container\"><\/div><\/aside>\n            <!-- Share buttons by mashshare.net - Version: 4.0.47-->\n<p><em>Por Karen Rivera\/ Zunoticia<\/em><\/p>\n\n\n\n<p><strong>Huejutla de Reyes, Hgo<\/strong>.- El pr\u00f3ximo 30 de noviembre del 2024, se estar\u00e1 llevando a cabo el taller &#8220;Las heridas del alma&#8221;, en el cual podr\u00e1n participar hombres y mujeres, que quieran permitirse sanar.<\/p>\n\n\n\n<p>\u201cCuando en la vida se presentan diversos patrones repetitivos, situaciones generadas inconscientemente y heridas que no se pueden sanar, estas comienzan a repercutir en la salud\u201d, as\u00ed lo dio a conocer el Coach Ontol\u00f3gico, Santos Gonz\u00e1lez Canales, quien inform\u00f3 que, el s\u00e1bado 30 de noviembre, en un horario de 09:00 a 6:00 de la tarde, se realizar\u00e1 el taller &#8220;Las heridas del alma&#8221;, el cual es dirigido a hombres y mujeres que quieran permitirse sanar los procesos que a lo largo de su existencia han experimentado y que en la vida cotidiana no les permite avanzar.<\/p>\n\n\n\n<p>El Coach Ontol\u00f3gico, mencion\u00f3 &#8220;Todo influye desde el primer a\u00f1o de nuestra edad para crear la persona que somos hoy en d\u00eda, ya que vivimos situaciones originadas inconscientemente por influencia de nuestros padres o cuidadores, es por eso que muchos patrones de conducta son heredados o aprendidos y replicados a medida que crecemos o que nos vemos inmersos en situaciones similares&#8221;.<\/p>\n\n\n\n<p>Dijo que, en este taller se toca la ra\u00edz de ciertos patrones o conductas que no te permiten avanzar o crear relaciones sanas, donde el participante permitir\u00e1 ver por qu\u00e9 act\u00faa o ha vivido de tal manera.<\/p>\n\n\n\n<p>Explic\u00f3 que en este tipo de talleres se invita a reflexionar sobre las siguientes preguntas: \u00bfTe asusta la soledad?; \u00bfEres dependiente de estar junto a alguien, avisar tus acciones o preguntar parecer a terceros sobre tus decisiones?; \u00bfSientes que no perteneces a ning\u00fan lugar, grupo o incluso a tu misma familia?; \u00bfTe exiges mucho?; \u00bfTe cuesta&nbsp; aceptar cometer errores?; \u00bfTe cuesta mucho aceptarte tal y como eres?; \u00bfTe consideras Controlador (a) de situaciones o en tus relaciones?; \u00bfTe cuesta trabajo expresar tus emociones?; \u00bfEres r\u00edgido?; \u00bfNo cedes, aunque tengan la raz\u00f3n?<\/p>\n\n\n\n<p>Coment\u00f3 que, por lo regular este cuestionario ayuda a identificar algunos aspectos que la persona debe empezar a sanar, esto permitir\u00e1 dar el primer paso para comenzar a soltar aquellos problemas que los agobian, mismos que si no son tratados a tiempo, empiezan a repercutir en la salud y el da\u00f1o es irreversible.<\/p>\n\n\n\n<p>Explic\u00f3 que, cada sentimiento que experimenta el ser humano, va focalizado alguna parte del cuerpo; por ejemplo, la tristeza est\u00e1 relacionada con los problemas de enfermedades respiratorias, el estr\u00e9s altera el sistema nervioso, la ira afecta el p\u00e1ncreas, el col\u00f3n, el est\u00f3mago y as\u00ed sucesivamente.<\/p>\n\n\n\n<p>En la actualidad los grupos de ayuda que se han creado en esta cabecera municipal, han permitido no solo la convivencia entre los integrantes, sino, compartir sus experiencias de vida, donde les brindan la atenci\u00f3n necesaria para sanar y buscar alternativas de soluciones a sus problemas.<\/p>\n\n\n\n<p>A\u00f1adi\u00f3 &#8220;Perm\u00edtete concientizar tus propias heridas y soltar sentimientos que, por tristeza, orgullo, miedo, resentimiento, enojo o hasta por lealtad, no dejas ir&#8221;.<\/p>\n\n\n\n<p>Se\u00f1al\u00f3 que, este taller tendr\u00e1 un cupo limitado y tiene un costo de $500.00 pesos, la sede del evento se desarrollar\u00e1 de acuerdo con el n\u00famero de integrantes; para mayor informaci\u00f3n deber\u00e1n comunicarse al tel\u00e9fono 7711504705.<\/p>\n","protected":false},"excerpt":{"rendered":"<p>Por Karen Rivera\/ Zunoticia Huejutla de Reyes, Hgo.- El pr\u00f3ximo 30 de noviembre del 2024, se estar\u00e1 llevando a cabo el taller &#8220;Las heridas del alma&#8221;, en el cual podr\u00e1n participar hombres y mujeres, que quieran permitirse sanar. \u201cCuando en la vida se presentan diversos patrones repetitivos, situaciones generadas inconscientemente y heridas que no se&hellip; <a class=\"more-link\" href=\"https:\/\/www.zunoticia.com\/noticias-de-hidalgo\/2024\/11\/23\/realizaran-el-taller-las-heridas-del-alma\/\">Seguir leyendo <span class=\"screen-reader-text\">Realizar\u00e1n el taller &#8220;Las heridas del alma&#8221;<\/span><\/a><\/p>\n","protected":false},"author":20,"featured_media":572729,"comment_status":"open","ping_status":"open","sticky":false,"template":"","format":"standard","meta":{"rop_custom_images_group":[],"rop_custom_messages_group":[],"rop_publish_now":"initial","rop_publish_now_accounts":{"facebook_10159540855086992_322828327761733":""},"rop_publish_now_history":[],"rop_publish_now_status":"pending","footnotes":""},"categories":[181],"tags":[121],"class_list":["post-572728","post","type-post","status-publish","format-standard","has-post-thumbnail","hentry","category-huejutla","tag-huejutla","entry"],"_links":{"self":[{"href":"https:\/\/www.zunoticia.com\/noticias-de-hidalgo\/wp-json\/wp\/v2\/posts\/572728","targetHints":{"allow":["GET"]}}],"collection":[{"href":"https:\/\/www.zunoticia.com\/noticias-de-hidalgo\/wp-json\/wp\/v2\/posts"}],"about":[{"href":"https:\/\/www.zunoticia.com\/noticias-de-hidalgo\/wp-json\/wp\/v2\/types\/post"}],"author":[{"embeddable":true,"href":"https:\/\/www.zunoticia.com\/noticias-de-hidalgo\/wp-json\/wp\/v2\/users\/20"}],"replies":[{"embeddable":true,"href":"https:\/\/www.zunoticia.com\/noticias-de-hidalgo\/wp-json\/wp\/v2\/comments?post=572728"}],"version-history":[{"count":1,"href":"https:\/\/www.zunoticia.com\/noticias-de-hidalgo\/wp-json\/wp\/v2\/posts\/572728\/revisions"}],"predecessor-version":[{"id":572730,"href":"https:\/\/www.zunoticia.com\/noticias-de-hidalgo\/wp-json\/wp\/v2\/posts\/572728\/revisions\/572730"}],"wp:featuredmedia":[{"embeddable":true,"href":"https:\/\/www.zunoticia.com\/noticias-de-hidalgo\/wp-json\/wp\/v2\/media\/572729"}],"wp:attachment":[{"href":"https:\/\/www.zunoticia.com\/noticias-de-hidalgo\/wp-json\/wp\/v2\/media?parent=572728"}],"wp:term":[{"taxonomy":"category","embeddable":true,"href":"https:\/\/www.zunoticia.com\/noticias-de-hidalgo\/wp-json\/wp\/v2\/categories?post=572728"},{"taxonomy":"post_tag","embeddable":true,"href":"https:\/\/www.zunoticia.com\/noticias-de-hidalgo\/wp-json\/wp\/v2\/tags?post=572728"}],"curies":[{"name":"wp","href":"https:\/\/api.w.org\/{rel}","templated":true}]}}