{"id":572731,"date":"2024-11-23T16:58:56","date_gmt":"2024-11-23T22:58:56","guid":{"rendered":"https:\/\/www.zunoticia.com\/noticias-de-hidalgo\/?p=572731"},"modified":"2024-11-23T16:58:57","modified_gmt":"2024-11-23T22:58:57","slug":"celebran-ceremonias-de-comunion-en-parroquia-de-nuestra-senora-de-la-encarnacion","status":"publish","type":"post","link":"https:\/\/www.zunoticia.com\/noticias-de-hidalgo\/2024\/11\/23\/celebran-ceremonias-de-comunion-en-parroquia-de-nuestra-senora-de-la-encarnacion\/","title":{"rendered":"Celebran ceremonias de comuni\u00f3n en parroquia de &#8220;Nuestra Se\u00f1ora de la Encarnaci\u00f3n&#8221;"},"content":{"rendered":"<aside class=\"mashsb-container mashsb-main mashsb-stretched\"><div class=\"mashsb-box\"><div class=\"mashsb-count mash-large\" style=\"float:left\"><div class=\"counts mashsbcount\">0<\/div><span class=\"mashsb-sharetext\">SHARES<\/span><\/div><div class=\"mashsb-buttons\"><a class=\"mashicon-facebook mash-large mash-center mashsb-noshadow\" href=\"https:\/\/www.facebook.com\/sharer.php?u=https%3A%2F%2Fwww.zunoticia.com%2Fnoticias-de-hidalgo%2F2024%2F11%2F23%2Fcelebran-ceremonias-de-comunion-en-parroquia-de-nuestra-senora-de-la-encarnacion%2F\" target=\"_top\" rel=\"nofollow\"><span class=\"icon\"><\/span><span class=\"text\">Share<\/span><\/a><a class=\"mashicon-twitter mash-large mash-center mashsb-noshadow\" href=\"https:\/\/twitter.com\/intent\/tweet?text=&amp;url=https:\/\/www.zunoticia.com\/noticias-de-hidalgo\/2024\/11\/23\/celebran-ceremonias-de-comunion-en-parroquia-de-nuestra-senora-de-la-encarnacion\/\" target=\"_top\" rel=\"nofollow\"><span class=\"icon\"><\/span><span class=\"text\">Tweet<\/span><\/a><div class=\"onoffswitch2 mash-large mashsb-noshadow\" style=\"display:none\"><\/div><\/div>\n            <\/div>\n                <div style=\"clear:both\"><\/div><div class=\"mashsb-toggle-container\"><\/div><\/aside>\n            <!-- Share buttons by mashshare.net - Version: 4.0.47-->\n<p><em>Por Esmeralda Vargas \/ Zunoticia<\/em><\/p>\n\n\n\n<p><strong>Zacualtip\u00e1n de \u00c1ngeles, Hgo<\/strong>.- En una solemne y emotiva ceremonia realizada el mediod\u00eda de este s\u00e1bado, en la parroquia de Nuestra Se\u00f1ora de la Encarnaci\u00f3n, un grupo de ni\u00f1as y ni\u00f1os provenientes de diferentes colonias como Panotl\u00e1n, La Otra Banda, Chililiapa, L\u00f3pez Mateos y Centro, celebraron su primera comuni\u00f3n.<\/p>\n\n\n\n<p>La misa fue presidida por el estimado p\u00e1rroco de la comunidad, quien dirigi\u00f3 un conmovedor mensaje sobre la importancia del sacramento que los peque\u00f1os estaban por recibir.<\/p>\n\n\n\n<p>La ceremonia estuvo marcada por una activa participaci\u00f3n de los asistentes; padres, padrinos y familiares llenaron el templo, ataviados con elegancia, para acompa\u00f1ar a los nuevos comulgantes en este significativo paso en su vida espiritual. Durante la homil\u00eda, el sacerdote destac\u00f3 el valor del sacramento de la Eucarist\u00eda como fuente de fortaleza para el alma y una gu\u00eda en el camino de la fe cristiana.<\/p>\n\n\n\n<p>Los ni\u00f1os y ni\u00f1as, preparados con esmero por sus catequistas en sus colonias de origen, vivieron con alegr\u00eda y devoci\u00f3n este momento tan especial; el sacerdote subray\u00f3 la importancia del acompa\u00f1amiento constante por parte de los padres y padrinos para que los peque\u00f1os contin\u00faen frecuentando este sacramento.<\/p>\n\n\n\n<p>Al t\u00e9rmino de la celebraci\u00f3n, la alegr\u00eda y gratitud eran evidentes entre los asistentes, quienes se unieron en oraciones y cantos para celebrar este d\u00eda \u00fanico en la vida de los ni\u00f1os y sus familias.<\/p>\n\n\n\n<figure class=\"wp-block-image size-full\"><img fetchpriority=\"high\" decoding=\"async\" width=\"933\" height=\"524\" src=\"https:\/\/www.zunoticia.com\/noticias-de-hidalgo\/wp-content\/uploads\/2024\/11\/Zunoticia-Huejutla-1-256.png\" alt=\"\" class=\"wp-image-572733\"\/><\/figure>\n","protected":false},"excerpt":{"rendered":"<p>Por Esmeralda Vargas \/ Zunoticia Zacualtip\u00e1n de \u00c1ngeles, Hgo.- En una solemne y emotiva ceremonia realizada el mediod\u00eda de este s\u00e1bado, en la parroquia de Nuestra Se\u00f1ora de la Encarnaci\u00f3n, un grupo de ni\u00f1as y ni\u00f1os provenientes de diferentes colonias como Panotl\u00e1n, La Otra Banda, Chililiapa, L\u00f3pez Mateos y Centro, celebraron su primera comuni\u00f3n. La&hellip; <a class=\"more-link\" href=\"https:\/\/www.zunoticia.com\/noticias-de-hidalgo\/2024\/11\/23\/celebran-ceremonias-de-comunion-en-parroquia-de-nuestra-senora-de-la-encarnacion\/\">Seguir leyendo <span class=\"screen-reader-text\">Celebran ceremonias de comuni\u00f3n en parroquia de &#8220;Nuestra Se\u00f1ora de la Encarnaci\u00f3n&#8221;<\/span><\/a><\/p>\n","protected":false},"author":20,"featured_media":572732,"comment_status":"open","ping_status":"open","sticky":false,"template":"","format":"standard","meta":{"rop_custom_images_group":[],"rop_custom_messages_group":[],"rop_publish_now":"initial","rop_publish_now_accounts":{"facebook_10159540855086992_322828327761733":""},"rop_publish_now_history":[],"rop_publish_now_status":"pending","footnotes":""},"categories":[433,441],"tags":[436,302],"class_list":["post-572731","post","type-post","status-publish","format-standard","has-post-thumbnail","hentry","category-sierra-alta","category-zacualtipan-sierra-alta","tag-sierra-alta","tag-zacualtipan","entry"],"_links":{"self":[{"href":"https:\/\/www.zunoticia.com\/noticias-de-hidalgo\/wp-json\/wp\/v2\/posts\/572731","targetHints":{"allow":["GET"]}}],"collection":[{"href":"https:\/\/www.zunoticia.com\/noticias-de-hidalgo\/wp-json\/wp\/v2\/posts"}],"about":[{"href":"https:\/\/www.zunoticia.com\/noticias-de-hidalgo\/wp-json\/wp\/v2\/types\/post"}],"author":[{"embeddable":true,"href":"https:\/\/www.zunoticia.com\/noticias-de-hidalgo\/wp-json\/wp\/v2\/users\/20"}],"replies":[{"embeddable":true,"href":"https:\/\/www.zunoticia.com\/noticias-de-hidalgo\/wp-json\/wp\/v2\/comments?post=572731"}],"version-history":[{"count":1,"href":"https:\/\/www.zunoticia.com\/noticias-de-hidalgo\/wp-json\/wp\/v2\/posts\/572731\/revisions"}],"predecessor-version":[{"id":572734,"href":"https:\/\/www.zunoticia.com\/noticias-de-hidalgo\/wp-json\/wp\/v2\/posts\/572731\/revisions\/572734"}],"wp:featuredmedia":[{"embeddable":true,"href":"https:\/\/www.zunoticia.com\/noticias-de-hidalgo\/wp-json\/wp\/v2\/media\/572732"}],"wp:attachment":[{"href":"https:\/\/www.zunoticia.com\/noticias-de-hidalgo\/wp-json\/wp\/v2\/media?parent=572731"}],"wp:term":[{"taxonomy":"category","embeddable":true,"href":"https:\/\/www.zunoticia.com\/noticias-de-hidalgo\/wp-json\/wp\/v2\/categories?post=572731"},{"taxonomy":"post_tag","embeddable":true,"href":"https:\/\/www.zunoticia.com\/noticias-de-hidalgo\/wp-json\/wp\/v2\/tags?post=572731"}],"curies":[{"name":"wp","href":"https:\/\/api.w.org\/{rel}","templated":true}]}}