{"id":572735,"date":"2024-11-23T17:06:29","date_gmt":"2024-11-23T23:06:29","guid":{"rendered":"https:\/\/www.zunoticia.com\/noticias-de-hidalgo\/?p=572735"},"modified":"2024-11-23T17:06:30","modified_gmt":"2024-11-23T23:06:30","slug":"lamentable-la-contaminacion-de-los-rios-de-huejutla","status":"publish","type":"post","link":"https:\/\/www.zunoticia.com\/noticias-de-hidalgo\/2024\/11\/23\/lamentable-la-contaminacion-de-los-rios-de-huejutla\/","title":{"rendered":"Lamentable la contaminaci\u00f3n de los r\u00edos de Huejutla"},"content":{"rendered":"<aside class=\"mashsb-container mashsb-main mashsb-stretched\"><div class=\"mashsb-box\"><div class=\"mashsb-count mash-large\" style=\"float:left\"><div class=\"counts mashsbcount\">0<\/div><span class=\"mashsb-sharetext\">SHARES<\/span><\/div><div class=\"mashsb-buttons\"><a class=\"mashicon-facebook mash-large mash-center mashsb-noshadow\" href=\"https:\/\/www.facebook.com\/sharer.php?u=https%3A%2F%2Fwww.zunoticia.com%2Fnoticias-de-hidalgo%2F2024%2F11%2F23%2Flamentable-la-contaminacion-de-los-rios-de-huejutla%2F\" target=\"_top\" rel=\"nofollow\"><span class=\"icon\"><\/span><span class=\"text\">Share<\/span><\/a><a class=\"mashicon-twitter mash-large mash-center mashsb-noshadow\" href=\"https:\/\/twitter.com\/intent\/tweet?text=&amp;url=https:\/\/www.zunoticia.com\/noticias-de-hidalgo\/2024\/11\/23\/lamentable-la-contaminacion-de-los-rios-de-huejutla\/\" target=\"_top\" rel=\"nofollow\"><span class=\"icon\"><\/span><span class=\"text\">Tweet<\/span><\/a><div class=\"onoffswitch2 mash-large mashsb-noshadow\" style=\"display:none\"><\/div><\/div>\n            <\/div>\n                <div style=\"clear:both\"><\/div><div class=\"mashsb-toggle-container\"><\/div><\/aside>\n            <!-- Share buttons by mashshare.net - Version: 4.0.47-->\n<p><em>Por Enedino Hern\u00e1ndez \/ Zunoticia<\/em><\/p>\n\n\n\n<p><strong>Huejutla, Hgo<\/strong>.- Arturo Badillo Molinos, profesor huejutlense, calific\u00f3 de muy lamentable el foco de infecci\u00f3n y de contaminaci\u00f3n que se tiene en los r\u00edos de Huejutla, motivo por el cual hace un llamado a las autoridades competentes para que analicen las estrategias necesarias para buscar soluci\u00f3n a este problema.<\/p>\n\n\n\n<p>A\u00f1adi\u00f3 que, todo &#8216;parece inofensivo&#8217;, pero ya con el calor se evaporan las part\u00edculas contaminadas y eso realmente es un foco de infecci\u00f3n que se torna incontrolable, que no deber\u00eda de estar.<\/p>\n\n\n\n<figure class=\"wp-block-image size-full\"><img fetchpriority=\"high\" decoding=\"async\" width=\"933\" height=\"524\" src=\"https:\/\/www.zunoticia.com\/noticias-de-hidalgo\/wp-content\/uploads\/2024\/11\/Zunoticia-Huejutla-1-257.png\" alt=\"\" class=\"wp-image-572737\"\/><\/figure>\n\n\n\n<p>Por ello, hizo un llamado a las autoridades municipales y junto con Salubridad que hagan lo pertinente, en coordinaci\u00f3n con el Gobierno del Estado para que pudieran desazolvar y limpiar los r\u00edos de Huejutla; de esta manera buscar soluci\u00f3n a la problem\u00e1tica.<\/p>\n\n\n\n<p>Consider\u00f3 que, lejos de buscar un Pueblo M\u00e1gico, primero se debe buscar tener un pueblo sin contaminaci\u00f3n, como es el caso que se puede ver en gran parte del centro por donde pasan los r\u00edos de Huejutla.<\/p>\n\n\n\n<p>Reconoci\u00f3 que, se habla mucho de las llamadas plantas tratadoras de aguas negras, de las cuales parece que se tienen doce, pero ninguna funciona.<\/p>\n\n\n\n<p>Insiste en que se debe de echar a funcionar las plantas tratadoras de aguas negras para poder tener un ambiente sano y saludable para todos.<\/p>\n\n\n\n<p>Abund\u00f3 que, se debe de trabajar para solucionar la contaminaci\u00f3n de los r\u00edos que atraviesan la ciudad de Huejutla, problema que se tiene desde hace muchos a\u00f1os, sin que nadie haya hecho nada al respecto.<\/p>\n","protected":false},"excerpt":{"rendered":"<p>Por Enedino Hern\u00e1ndez \/ Zunoticia Huejutla, Hgo.- Arturo Badillo Molinos, profesor huejutlense, calific\u00f3 de muy lamentable el foco de infecci\u00f3n y de contaminaci\u00f3n que se tiene en los r\u00edos de Huejutla, motivo por el cual hace un llamado a las autoridades competentes para que analicen las estrategias necesarias para buscar soluci\u00f3n a este problema. A\u00f1adi\u00f3&hellip; <a class=\"more-link\" href=\"https:\/\/www.zunoticia.com\/noticias-de-hidalgo\/2024\/11\/23\/lamentable-la-contaminacion-de-los-rios-de-huejutla\/\">Seguir leyendo <span class=\"screen-reader-text\">Lamentable la contaminaci\u00f3n de los r\u00edos de Huejutla<\/span><\/a><\/p>\n","protected":false},"author":20,"featured_media":572736,"comment_status":"open","ping_status":"open","sticky":false,"template":"","format":"standard","meta":{"rop_custom_images_group":[],"rop_custom_messages_group":[],"rop_publish_now":"initial","rop_publish_now_accounts":{"facebook_10159540855086992_322828327761733":""},"rop_publish_now_history":[],"rop_publish_now_status":"pending","footnotes":""},"categories":[181],"tags":[121],"class_list":["post-572735","post","type-post","status-publish","format-standard","has-post-thumbnail","hentry","category-huejutla","tag-huejutla","entry"],"_links":{"self":[{"href":"https:\/\/www.zunoticia.com\/noticias-de-hidalgo\/wp-json\/wp\/v2\/posts\/572735","targetHints":{"allow":["GET"]}}],"collection":[{"href":"https:\/\/www.zunoticia.com\/noticias-de-hidalgo\/wp-json\/wp\/v2\/posts"}],"about":[{"href":"https:\/\/www.zunoticia.com\/noticias-de-hidalgo\/wp-json\/wp\/v2\/types\/post"}],"author":[{"embeddable":true,"href":"https:\/\/www.zunoticia.com\/noticias-de-hidalgo\/wp-json\/wp\/v2\/users\/20"}],"replies":[{"embeddable":true,"href":"https:\/\/www.zunoticia.com\/noticias-de-hidalgo\/wp-json\/wp\/v2\/comments?post=572735"}],"version-history":[{"count":1,"href":"https:\/\/www.zunoticia.com\/noticias-de-hidalgo\/wp-json\/wp\/v2\/posts\/572735\/revisions"}],"predecessor-version":[{"id":572738,"href":"https:\/\/www.zunoticia.com\/noticias-de-hidalgo\/wp-json\/wp\/v2\/posts\/572735\/revisions\/572738"}],"wp:featuredmedia":[{"embeddable":true,"href":"https:\/\/www.zunoticia.com\/noticias-de-hidalgo\/wp-json\/wp\/v2\/media\/572736"}],"wp:attachment":[{"href":"https:\/\/www.zunoticia.com\/noticias-de-hidalgo\/wp-json\/wp\/v2\/media?parent=572735"}],"wp:term":[{"taxonomy":"category","embeddable":true,"href":"https:\/\/www.zunoticia.com\/noticias-de-hidalgo\/wp-json\/wp\/v2\/categories?post=572735"},{"taxonomy":"post_tag","embeddable":true,"href":"https:\/\/www.zunoticia.com\/noticias-de-hidalgo\/wp-json\/wp\/v2\/tags?post=572735"}],"curies":[{"name":"wp","href":"https:\/\/api.w.org\/{rel}","templated":true}]}}