{"id":572858,"date":"2024-11-24T17:07:23","date_gmt":"2024-11-24T23:07:23","guid":{"rendered":"https:\/\/www.zunoticia.com\/noticias-de-hidalgo\/?p=572858"},"modified":"2024-11-24T17:07:25","modified_gmt":"2024-11-24T23:07:25","slug":"orgullo-huejutlense-obtuvo-el-1er-lugar-en-canto-estatal","status":"publish","type":"post","link":"https:\/\/www.zunoticia.com\/noticias-de-hidalgo\/2024\/11\/24\/orgullo-huejutlense-obtuvo-el-1er-lugar-en-canto-estatal\/","title":{"rendered":"Orgullo huejutlense obtuvo el 1er lugar en canto estatal"},"content":{"rendered":"<aside class=\"mashsb-container mashsb-main mashsb-stretched\"><div class=\"mashsb-box\"><div class=\"mashsb-count mash-large\" style=\"float:left\"><div class=\"counts mashsbcount\">0<\/div><span class=\"mashsb-sharetext\">SHARES<\/span><\/div><div class=\"mashsb-buttons\"><a class=\"mashicon-facebook mash-large mash-center mashsb-noshadow\" href=\"https:\/\/www.facebook.com\/sharer.php?u=https%3A%2F%2Fwww.zunoticia.com%2Fnoticias-de-hidalgo%2F2024%2F11%2F24%2Forgullo-huejutlense-obtuvo-el-1er-lugar-en-canto-estatal%2F\" target=\"_top\" rel=\"nofollow\"><span class=\"icon\"><\/span><span class=\"text\">Share<\/span><\/a><a class=\"mashicon-twitter mash-large mash-center mashsb-noshadow\" href=\"https:\/\/twitter.com\/intent\/tweet?text=&amp;url=https:\/\/www.zunoticia.com\/noticias-de-hidalgo\/2024\/11\/24\/orgullo-huejutlense-obtuvo-el-1er-lugar-en-canto-estatal\/\" target=\"_top\" rel=\"nofollow\"><span class=\"icon\"><\/span><span class=\"text\">Tweet<\/span><\/a><div class=\"onoffswitch2 mash-large mashsb-noshadow\" style=\"display:none\"><\/div><\/div>\n            <\/div>\n                <div style=\"clear:both\"><\/div><div class=\"mashsb-toggle-container\"><\/div><\/aside>\n            <!-- Share buttons by mashshare.net - Version: 4.0.47-->\n<p><em>Por Gabriela Hern\u00e1ndez\/Zunoticia<\/em><\/p>\n\n\n\n<p><strong>Huejutla, Hgo.-<\/strong> Este 22 de noviembre se llev\u00f3 a cabo el concurso Estatal de canto, en el &#8220;Best western plus Santa Cecilia&#8221;, donde la escuela L\u00e1zaro C\u00e1rdenas del R\u00edo (LACARI) de Huejutla,brill\u00f3 en grande, obteniendo el primer lugar en la categor\u00eda A de Canto Infantil y Juvenil,&nbsp; &#8220;De mi voz al canto&#8221;, organizado por la SEPH estatal en Pachuca.<\/p>\n\n\n\n<figure class=\"wp-block-image size-full\"><img fetchpriority=\"high\" decoding=\"async\" width=\"1170\" height=\"780\" src=\"https:\/\/www.zunoticia.com\/noticias-de-hidalgo\/wp-content\/uploads\/2024\/11\/eZy-Watermark_24-11-2024_03-03-34-0960p.m.jpg\" alt=\"\" class=\"wp-image-572854\"\/><\/figure>\n\n\n\n<p>Fueron 10 los participantes de los municipios del estado: Tasquillo, Apan, Tepeji del R\u00edo, San Salvador, Huejutla, Pachuca, entre otros, resultando ganador del primer lugar Josu\u00e9 Alejandro Escudero Nolasco, alumno de la Escuela primaria L\u00e1zaro C\u00e1rdenas del R\u00edo y digno representante del municipio de Huejutla.<\/p>\n\n\n\n<p>Una vez m\u00e1s, se demuestra que la escuela primaria L\u00e1zaro C\u00e1rdenas del R\u00edo promueve la formaci\u00f3n integral de los educandos, retomando los pilares que sustentan a la Nueva Escuela Mexicana.<\/p>\n\n\n\n<figure class=\"wp-block-image size-full\"><img decoding=\"async\" width=\"960\" height=\"892\" src=\"https:\/\/www.zunoticia.com\/noticias-de-hidalgo\/wp-content\/uploads\/2024\/11\/eZy-Watermark_24-11-2024_03-02-44-8920p.m.jpg\" alt=\"\" class=\"wp-image-572853\"\/><\/figure>\n\n\n\n<p>La instituci\u00f3n educativa agradece a todas las personas involucradas para obtener esta destacada participaci\u00f3n que enaltece a la regi\u00f3n de la Huasteca&nbsp;hidalguense.<\/p>\n","protected":false},"excerpt":{"rendered":"<p>Por Gabriela Hern\u00e1ndez\/Zunoticia Huejutla, Hgo.- Este 22 de noviembre se llev\u00f3 a cabo el concurso Estatal de canto, en el &#8220;Best western plus Santa Cecilia&#8221;, donde la escuela L\u00e1zaro C\u00e1rdenas del R\u00edo (LACARI) de Huejutla,brill\u00f3 en grande, obteniendo el primer lugar en la categor\u00eda A de Canto Infantil y Juvenil,&nbsp; &#8220;De mi voz al canto&#8221;,&hellip; <a class=\"more-link\" href=\"https:\/\/www.zunoticia.com\/noticias-de-hidalgo\/2024\/11\/24\/orgullo-huejutlense-obtuvo-el-1er-lugar-en-canto-estatal\/\">Seguir leyendo <span class=\"screen-reader-text\">Orgullo huejutlense obtuvo el 1er lugar en canto estatal<\/span><\/a><\/p>\n","protected":false},"author":12,"featured_media":572852,"comment_status":"open","ping_status":"open","sticky":false,"template":"","format":"standard","meta":{"rop_custom_images_group":[],"rop_custom_messages_group":[],"rop_publish_now":"initial","rop_publish_now_accounts":{"facebook_10159540855086992_322828327761733":""},"rop_publish_now_history":[],"rop_publish_now_status":"pending","footnotes":""},"categories":[181],"tags":[121],"class_list":["post-572858","post","type-post","status-publish","format-standard","has-post-thumbnail","hentry","category-huejutla","tag-huejutla","entry"],"_links":{"self":[{"href":"https:\/\/www.zunoticia.com\/noticias-de-hidalgo\/wp-json\/wp\/v2\/posts\/572858","targetHints":{"allow":["GET"]}}],"collection":[{"href":"https:\/\/www.zunoticia.com\/noticias-de-hidalgo\/wp-json\/wp\/v2\/posts"}],"about":[{"href":"https:\/\/www.zunoticia.com\/noticias-de-hidalgo\/wp-json\/wp\/v2\/types\/post"}],"author":[{"embeddable":true,"href":"https:\/\/www.zunoticia.com\/noticias-de-hidalgo\/wp-json\/wp\/v2\/users\/12"}],"replies":[{"embeddable":true,"href":"https:\/\/www.zunoticia.com\/noticias-de-hidalgo\/wp-json\/wp\/v2\/comments?post=572858"}],"version-history":[{"count":1,"href":"https:\/\/www.zunoticia.com\/noticias-de-hidalgo\/wp-json\/wp\/v2\/posts\/572858\/revisions"}],"predecessor-version":[{"id":572861,"href":"https:\/\/www.zunoticia.com\/noticias-de-hidalgo\/wp-json\/wp\/v2\/posts\/572858\/revisions\/572861"}],"wp:featuredmedia":[{"embeddable":true,"href":"https:\/\/www.zunoticia.com\/noticias-de-hidalgo\/wp-json\/wp\/v2\/media\/572852"}],"wp:attachment":[{"href":"https:\/\/www.zunoticia.com\/noticias-de-hidalgo\/wp-json\/wp\/v2\/media?parent=572858"}],"wp:term":[{"taxonomy":"category","embeddable":true,"href":"https:\/\/www.zunoticia.com\/noticias-de-hidalgo\/wp-json\/wp\/v2\/categories?post=572858"},{"taxonomy":"post_tag","embeddable":true,"href":"https:\/\/www.zunoticia.com\/noticias-de-hidalgo\/wp-json\/wp\/v2\/tags?post=572858"}],"curies":[{"name":"wp","href":"https:\/\/api.w.org\/{rel}","templated":true}]}}