{"id":572901,"date":"2024-11-24T18:16:04","date_gmt":"2024-11-25T00:16:04","guid":{"rendered":"https:\/\/www.zunoticia.com\/noticias-de-hidalgo\/?p=572901"},"modified":"2024-11-24T18:16:05","modified_gmt":"2024-11-25T00:16:05","slug":"tema-hidrico-prioridad-para-los-gobiernos-de-claudia-sheinbaum-y-julio-menchaca","status":"publish","type":"post","link":"https:\/\/www.zunoticia.com\/noticias-de-hidalgo\/2024\/11\/24\/tema-hidrico-prioridad-para-los-gobiernos-de-claudia-sheinbaum-y-julio-menchaca\/","title":{"rendered":"Tema h\u00eddrico, prioridad para los gobiernos de Claudia Sheinbaum y Julio Menchaca"},"content":{"rendered":"<aside class=\"mashsb-container mashsb-main mashsb-stretched\"><div class=\"mashsb-box\"><div class=\"mashsb-count mash-large\" style=\"float:left\"><div class=\"counts mashsbcount\">0<\/div><span class=\"mashsb-sharetext\">SHARES<\/span><\/div><div class=\"mashsb-buttons\"><a class=\"mashicon-facebook mash-large mash-center mashsb-noshadow\" href=\"https:\/\/www.facebook.com\/sharer.php?u=https%3A%2F%2Fwww.zunoticia.com%2Fnoticias-de-hidalgo%2F2024%2F11%2F24%2Ftema-hidrico-prioridad-para-los-gobiernos-de-claudia-sheinbaum-y-julio-menchaca%2F\" target=\"_top\" rel=\"nofollow\"><span class=\"icon\"><\/span><span class=\"text\">Share<\/span><\/a><a class=\"mashicon-twitter mash-large mash-center mashsb-noshadow\" href=\"https:\/\/twitter.com\/intent\/tweet?text=&amp;url=https:\/\/www.zunoticia.com\/noticias-de-hidalgo\/2024\/11\/24\/tema-hidrico-prioridad-para-los-gobiernos-de-claudia-sheinbaum-y-julio-menchaca\/\" target=\"_top\" rel=\"nofollow\"><span class=\"icon\"><\/span><span class=\"text\">Tweet<\/span><\/a><div class=\"onoffswitch2 mash-large mashsb-noshadow\" style=\"display:none\"><\/div><\/div>\n            <\/div>\n                <div style=\"clear:both\"><\/div><div class=\"mashsb-toggle-container\"><\/div><\/aside>\n            <!-- Share buttons by mashshare.net - Version: 4.0.47-->\n<p><em>Por Redacci\u00f3n\/Zunoticia<\/em><em><\/em><\/p>\n\n\n\n<p><strong>Pachuca de Soto, Hgo<\/strong><strong>.- <\/strong>Este lunes 25 de noviembre, en Palacio Nacional, el gobernador Julio Menchaca Salazar asistir\u00e1 al Acuerdo Nacional por el Derecho Humano al Agua y a la Sustentabilidad, cuyo objetivo es garantizar a la poblaci\u00f3n justicia y acceso al vital l\u00edquido.<\/p>\n\n\n\n<p>Acorde a la pol\u00edtica h\u00eddrica que se impulsa desde la presidencia de la Rep\u00fablica, de priorizar al agua como un bien p\u00fablico, es que el gobierno de M\u00e9xico e Hidalgo, encabezados por la presidenta Claudia Sheinbaum y Julio Menchaca, respectivamente, trabajan de manera conjunta y coordinada, para impulsar proyectos que implican la preservaci\u00f3n, cuidado, tratamiento, aprovechamiento y saneamiento del agua, en las diferentes regiones de la entidad.<\/p>\n\n\n\n<p>La primera mandataria del pa\u00eds ha declarado: \u201cEl agua deja de verse como una mercanc\u00eda y se reconoce como un derecho, esa es una de las esencias del Plan Nacional H\u00eddrico. Se deja atr\u00e1s la visi\u00f3n neoliberal. Ya hab\u00eda iniciado con el Presidente L\u00f3pez Obrador, pero le vamos a dar un impulso mayor a recuperar el agua como un bien de la naci\u00f3n y como un derecho humano\u201d.<\/p>\n\n\n\n<figure class=\"wp-block-image size-full\"><img fetchpriority=\"high\" decoding=\"async\" width=\"800\" height=\"533\" src=\"https:\/\/www.zunoticia.com\/noticias-de-hidalgo\/wp-content\/uploads\/2024\/11\/eZy-Watermark_24-11-2024_05-19-49-4860p.m.jpg\" alt=\"\" class=\"wp-image-572864\"\/><\/figure>\n\n\n\n<p>De la mano de la jefa de gobierno de la Ciudad de M\u00e9xico, Clara Brugada; de la gobernadora del Estado de M\u00e9xico, Delfina G\u00f3mez, y del gobernador Julio Menchaca, la presidenta Sheinbaum ha destacado que se impulsa un gran plan h\u00eddrico para toda la zona centro del pa\u00eds: \u201cvamos a recuperar el r\u00edo Tula, vamos a hacer un gran saneamiento\u201d.<\/p>\n\n\n\n<p>La Secretar\u00eda de Medio Ambiente y Recursos Naturales federal, a trav\u00e9s de diferentes representantes, ha explicado que la Declaratoria de Zona de Restauraci\u00f3n Ecol\u00f3gica en el \u00e1rea de influencia de la presa Endh\u00f3, que incluye a ocho municipios del Valle del Mezquital, busca construir soluciones mediante un proceso participativo e incluyente que atiende la encomienda de gobernar con y para el pueblo.<\/p>\n\n\n\n<p>Mientras tanto, el gobernador Julio Menchaca ha expresado que Hidalgo es un mosaico de climas y estos contrastes en el abastecimiento del agua, requieren de un Plan H\u00eddrico que ya se trabaja con el gobierno federal, para generar proyectos e inversiones muy fuertes para todo lo que significa el cuidado del agua en la Zona Metropolitana del Valle de M\u00e9xico.<\/p>\n\n\n\n<p><\/p>\n","protected":false},"excerpt":{"rendered":"<p>Por Redacci\u00f3n\/Zunoticia Pachuca de Soto, Hgo.- Este lunes 25 de noviembre, en Palacio Nacional, el gobernador Julio Menchaca Salazar asistir\u00e1 al Acuerdo Nacional por el Derecho Humano al Agua y a la Sustentabilidad, cuyo objetivo es garantizar a la poblaci\u00f3n justicia y acceso al vital l\u00edquido. Acorde a la pol\u00edtica h\u00eddrica que se impulsa desde&hellip; <a class=\"more-link\" href=\"https:\/\/www.zunoticia.com\/noticias-de-hidalgo\/2024\/11\/24\/tema-hidrico-prioridad-para-los-gobiernos-de-claudia-sheinbaum-y-julio-menchaca\/\">Seguir leyendo <span class=\"screen-reader-text\">Tema h\u00eddrico, prioridad para los gobiernos de Claudia Sheinbaum y Julio Menchaca<\/span><\/a><\/p>\n","protected":false},"author":12,"featured_media":572863,"comment_status":"open","ping_status":"open","sticky":false,"template":"","format":"standard","meta":{"rop_custom_images_group":[],"rop_custom_messages_group":[],"rop_publish_now":"initial","rop_publish_now_accounts":{"facebook_10159540855086992_322828327761733":""},"rop_publish_now_history":[],"rop_publish_now_status":"pending","footnotes":""},"categories":[208],"tags":[214],"class_list":["post-572901","post","type-post","status-publish","format-standard","has-post-thumbnail","hentry","category-estado","tag-estado","entry"],"_links":{"self":[{"href":"https:\/\/www.zunoticia.com\/noticias-de-hidalgo\/wp-json\/wp\/v2\/posts\/572901","targetHints":{"allow":["GET"]}}],"collection":[{"href":"https:\/\/www.zunoticia.com\/noticias-de-hidalgo\/wp-json\/wp\/v2\/posts"}],"about":[{"href":"https:\/\/www.zunoticia.com\/noticias-de-hidalgo\/wp-json\/wp\/v2\/types\/post"}],"author":[{"embeddable":true,"href":"https:\/\/www.zunoticia.com\/noticias-de-hidalgo\/wp-json\/wp\/v2\/users\/12"}],"replies":[{"embeddable":true,"href":"https:\/\/www.zunoticia.com\/noticias-de-hidalgo\/wp-json\/wp\/v2\/comments?post=572901"}],"version-history":[{"count":1,"href":"https:\/\/www.zunoticia.com\/noticias-de-hidalgo\/wp-json\/wp\/v2\/posts\/572901\/revisions"}],"predecessor-version":[{"id":572904,"href":"https:\/\/www.zunoticia.com\/noticias-de-hidalgo\/wp-json\/wp\/v2\/posts\/572901\/revisions\/572904"}],"wp:featuredmedia":[{"embeddable":true,"href":"https:\/\/www.zunoticia.com\/noticias-de-hidalgo\/wp-json\/wp\/v2\/media\/572863"}],"wp:attachment":[{"href":"https:\/\/www.zunoticia.com\/noticias-de-hidalgo\/wp-json\/wp\/v2\/media?parent=572901"}],"wp:term":[{"taxonomy":"category","embeddable":true,"href":"https:\/\/www.zunoticia.com\/noticias-de-hidalgo\/wp-json\/wp\/v2\/categories?post=572901"},{"taxonomy":"post_tag","embeddable":true,"href":"https:\/\/www.zunoticia.com\/noticias-de-hidalgo\/wp-json\/wp\/v2\/tags?post=572901"}],"curies":[{"name":"wp","href":"https:\/\/api.w.org\/{rel}","templated":true}]}}