{"id":572924,"date":"2024-11-24T19:49:18","date_gmt":"2024-11-25T01:49:18","guid":{"rendered":"https:\/\/www.zunoticia.com\/noticias-de-hidalgo\/?p=572924"},"modified":"2024-11-24T19:49:20","modified_gmt":"2024-11-25T01:49:20","slug":"vida-independiente-reconocio-la-labor-de-inclusion-de-las-personas-con-discapacidad","status":"publish","type":"post","link":"https:\/\/www.zunoticia.com\/noticias-de-hidalgo\/2024\/11\/24\/vida-independiente-reconocio-la-labor-de-inclusion-de-las-personas-con-discapacidad\/","title":{"rendered":"Vida Independiente reconoci\u00f3 la labor de inclusi\u00f3n de las personas con discapacidad"},"content":{"rendered":"<aside class=\"mashsb-container mashsb-main mashsb-stretched\"><div class=\"mashsb-box\"><div class=\"mashsb-count mash-large\" style=\"float:left\"><div class=\"counts mashsbcount\">0<\/div><span class=\"mashsb-sharetext\">SHARES<\/span><\/div><div class=\"mashsb-buttons\"><a class=\"mashicon-facebook mash-large mash-center mashsb-noshadow\" href=\"https:\/\/www.facebook.com\/sharer.php?u=https%3A%2F%2Fwww.zunoticia.com%2Fnoticias-de-hidalgo%2F2024%2F11%2F24%2Fvida-independiente-reconocio-la-labor-de-inclusion-de-las-personas-con-discapacidad%2F\" target=\"_top\" rel=\"nofollow\"><span class=\"icon\"><\/span><span class=\"text\">Share<\/span><\/a><a class=\"mashicon-twitter mash-large mash-center mashsb-noshadow\" href=\"https:\/\/twitter.com\/intent\/tweet?text=&amp;url=https:\/\/www.zunoticia.com\/noticias-de-hidalgo\/2024\/11\/24\/vida-independiente-reconocio-la-labor-de-inclusion-de-las-personas-con-discapacidad\/\" target=\"_top\" rel=\"nofollow\"><span class=\"icon\"><\/span><span class=\"text\">Tweet<\/span><\/a><div class=\"onoffswitch2 mash-large mashsb-noshadow\" style=\"display:none\"><\/div><\/div>\n            <\/div>\n                <div style=\"clear:both\"><\/div><div class=\"mashsb-toggle-container\"><\/div><\/aside>\n            <!-- Share buttons by mashshare.net - Version: 4.0.47-->\n<p><em>Por Karen Rivera\/ Zunoticia<\/em><\/p>\n\n\n\n<p><strong>Huejutla de Reyes, Hgo.-<\/strong> El Representante de Vida Independiente M\u00e9xico, con sede en esta cabecera municipal, celebr\u00f3 que, a trav\u00e9s del certamen de belleza \u201cLa Flor Especial M\u00e1s Bella de M\u00e9xico\u201d, se abra paso a la inclusi\u00f3n de las personas con discapacidad y reconoci\u00f3 que esto es un paso m\u00e1s para reconocer sus derechos humanos.<\/p>\n\n\n\n<p>Rubicel Hern\u00e1ndez Garc\u00eda, representante de Vida Independiente M\u00e9xico, sede Huejutla, junto con integrantes de esta asociaci\u00f3n civil, reconoci\u00f3 la labor de quienes est\u00e1n organizando los cert\u00e1menes de \u201cLa Flor Especial M\u00e1s Bella de M\u00e9xico\u201d, porque esto abona al proceso de inclusi\u00f3n de las personas con discapacidad.<\/p>\n\n\n\n<p>A pesar de que es dedicado al sector femenino, dijo que esto es un avance para poder incluir a las personas con discapacidad a este tipo de cert\u00e1menes para comenzar a reconocer sus derechos humanos.<\/p>\n\n\n\n<p>Expres\u00f3 &#8220;Antes de ser unas personas con discapacidad somos seres humanos, aunque tenemos algunas limitantes, eso no quiere decir que no podamos hacer las cosas y aqu\u00ed lo han demostrado quienes participaron en el certamen, quienes demostraron sus habilidades de talentos&#8221;.<\/p>\n","protected":false},"excerpt":{"rendered":"<p>Por Karen Rivera\/ Zunoticia Huejutla de Reyes, Hgo.- El Representante de Vida Independiente M\u00e9xico, con sede en esta cabecera municipal, celebr\u00f3 que, a trav\u00e9s del certamen de belleza \u201cLa Flor Especial M\u00e1s Bella de M\u00e9xico\u201d, se abra paso a la inclusi\u00f3n de las personas con discapacidad y reconoci\u00f3 que esto es un paso m\u00e1s para&hellip; <a class=\"more-link\" href=\"https:\/\/www.zunoticia.com\/noticias-de-hidalgo\/2024\/11\/24\/vida-independiente-reconocio-la-labor-de-inclusion-de-las-personas-con-discapacidad\/\">Seguir leyendo <span class=\"screen-reader-text\">Vida Independiente reconoci\u00f3 la labor de inclusi\u00f3n de las personas con discapacidad<\/span><\/a><\/p>\n","protected":false},"author":12,"featured_media":572928,"comment_status":"open","ping_status":"open","sticky":false,"template":"","format":"standard","meta":{"rop_custom_images_group":[],"rop_custom_messages_group":[],"rop_publish_now":"initial","rop_publish_now_accounts":{"facebook_10159540855086992_322828327761733":""},"rop_publish_now_history":[],"rop_publish_now_status":"pending","footnotes":""},"categories":[181],"tags":[121],"class_list":["post-572924","post","type-post","status-publish","format-standard","has-post-thumbnail","hentry","category-huejutla","tag-huejutla","entry"],"_links":{"self":[{"href":"https:\/\/www.zunoticia.com\/noticias-de-hidalgo\/wp-json\/wp\/v2\/posts\/572924","targetHints":{"allow":["GET"]}}],"collection":[{"href":"https:\/\/www.zunoticia.com\/noticias-de-hidalgo\/wp-json\/wp\/v2\/posts"}],"about":[{"href":"https:\/\/www.zunoticia.com\/noticias-de-hidalgo\/wp-json\/wp\/v2\/types\/post"}],"author":[{"embeddable":true,"href":"https:\/\/www.zunoticia.com\/noticias-de-hidalgo\/wp-json\/wp\/v2\/users\/12"}],"replies":[{"embeddable":true,"href":"https:\/\/www.zunoticia.com\/noticias-de-hidalgo\/wp-json\/wp\/v2\/comments?post=572924"}],"version-history":[{"count":1,"href":"https:\/\/www.zunoticia.com\/noticias-de-hidalgo\/wp-json\/wp\/v2\/posts\/572924\/revisions"}],"predecessor-version":[{"id":572940,"href":"https:\/\/www.zunoticia.com\/noticias-de-hidalgo\/wp-json\/wp\/v2\/posts\/572924\/revisions\/572940"}],"wp:featuredmedia":[{"embeddable":true,"href":"https:\/\/www.zunoticia.com\/noticias-de-hidalgo\/wp-json\/wp\/v2\/media\/572928"}],"wp:attachment":[{"href":"https:\/\/www.zunoticia.com\/noticias-de-hidalgo\/wp-json\/wp\/v2\/media?parent=572924"}],"wp:term":[{"taxonomy":"category","embeddable":true,"href":"https:\/\/www.zunoticia.com\/noticias-de-hidalgo\/wp-json\/wp\/v2\/categories?post=572924"},{"taxonomy":"post_tag","embeddable":true,"href":"https:\/\/www.zunoticia.com\/noticias-de-hidalgo\/wp-json\/wp\/v2\/tags?post=572924"}],"curies":[{"name":"wp","href":"https:\/\/api.w.org\/{rel}","templated":true}]}}