{"id":572926,"date":"2024-11-24T19:52:22","date_gmt":"2024-11-25T01:52:22","guid":{"rendered":"https:\/\/www.zunoticia.com\/noticias-de-hidalgo\/?p=572926"},"modified":"2024-11-24T19:52:25","modified_gmt":"2024-11-25T01:52:25","slug":"la-accesibilidad-y-la-inclusion-es-un-derecho-para-las-personas-con-discapacidad-rhg","status":"publish","type":"post","link":"https:\/\/www.zunoticia.com\/noticias-de-hidalgo\/2024\/11\/24\/la-accesibilidad-y-la-inclusion-es-un-derecho-para-las-personas-con-discapacidad-rhg\/","title":{"rendered":"La accesibilidad y la inclusi\u00f3n es un derecho para las personas con discapacidad: RHG"},"content":{"rendered":"<aside class=\"mashsb-container mashsb-main mashsb-stretched\"><div class=\"mashsb-box\"><div class=\"mashsb-count mash-large\" style=\"float:left\"><div class=\"counts mashsbcount\">0<\/div><span class=\"mashsb-sharetext\">SHARES<\/span><\/div><div class=\"mashsb-buttons\"><a class=\"mashicon-facebook mash-large mash-center mashsb-noshadow\" href=\"https:\/\/www.facebook.com\/sharer.php?u=https%3A%2F%2Fwww.zunoticia.com%2Fnoticias-de-hidalgo%2F2024%2F11%2F24%2Fla-accesibilidad-y-la-inclusion-es-un-derecho-para-las-personas-con-discapacidad-rhg%2F\" target=\"_top\" rel=\"nofollow\"><span class=\"icon\"><\/span><span class=\"text\">Share<\/span><\/a><a class=\"mashicon-twitter mash-large mash-center mashsb-noshadow\" href=\"https:\/\/twitter.com\/intent\/tweet?text=&amp;url=https:\/\/www.zunoticia.com\/noticias-de-hidalgo\/2024\/11\/24\/la-accesibilidad-y-la-inclusion-es-un-derecho-para-las-personas-con-discapacidad-rhg\/\" target=\"_top\" rel=\"nofollow\"><span class=\"icon\"><\/span><span class=\"text\">Tweet<\/span><\/a><div class=\"onoffswitch2 mash-large mashsb-noshadow\" style=\"display:none\"><\/div><\/div>\n            <\/div>\n                <div style=\"clear:both\"><\/div><div class=\"mashsb-toggle-container\"><\/div><\/aside>\n            <!-- Share buttons by mashshare.net - Version: 4.0.47-->\n<p><em>Por Karen Rivera\/Zunoticia<\/em><\/p>\n\n\n\n<p><strong>Huejutla de Reyes, Hgo.-<\/strong> &#8220;La accesibilidad y la inclusi\u00f3n es un derecho para las personas con discapacidad y es su deber garantizarla&#8221;, fueron las palabras del Representante de Vida Independiente M\u00e9xico con sede en esta cabecera municipal, Rubicel Hern\u00e1ndez Garc\u00eda.<\/p>\n\n\n\n<p>A trav\u00e9s de esta entrevista, Rubicel Hern\u00e1ndez, hizo un llamado a los gobernantes de las diferentes \u00f3rdenes de gobierno para brindar espacios adecuados para ellos, ya que esto permitir\u00e1 su f\u00e1cil acceso de traslado en las arterias y espacios p\u00fablicos, as\u00ed como en las diferentes \u00e1reas administrativas.<\/p>\n\n\n\n<p>A la ciudadan\u00eda hicieron el llamado para que sean m\u00e1s emp\u00e1ticos y exista una cordialidad en el trato a las personas con capacidades diferentes.<\/p>\n\n\n\n<p>&#8220;Solicitamos a la ciudadan\u00eda tener m\u00e1s simpat\u00eda hacia las personas con discapacidad, no tratarlos como minusv\u00e1lidos, tenemos una discapacidad, pero se apela por una empat\u00eda, a las autoridades, a quien corresponda garantizar los derechos de este sector vulnerable&#8221;, manifest\u00f3.<\/p>\n","protected":false},"excerpt":{"rendered":"<p>Por Karen Rivera\/Zunoticia Huejutla de Reyes, Hgo.- &#8220;La accesibilidad y la inclusi\u00f3n es un derecho para las personas con discapacidad y es su deber garantizarla&#8221;, fueron las palabras del Representante de Vida Independiente M\u00e9xico con sede en esta cabecera municipal, Rubicel Hern\u00e1ndez Garc\u00eda. A trav\u00e9s de esta entrevista, Rubicel Hern\u00e1ndez, hizo un llamado a los&hellip; <a class=\"more-link\" href=\"https:\/\/www.zunoticia.com\/noticias-de-hidalgo\/2024\/11\/24\/la-accesibilidad-y-la-inclusion-es-un-derecho-para-las-personas-con-discapacidad-rhg\/\">Seguir leyendo <span class=\"screen-reader-text\">La accesibilidad y la inclusi\u00f3n es un derecho para las personas con discapacidad: RHG<\/span><\/a><\/p>\n","protected":false},"author":12,"featured_media":572927,"comment_status":"open","ping_status":"open","sticky":false,"template":"","format":"standard","meta":{"rop_custom_images_group":[],"rop_custom_messages_group":[],"rop_publish_now":"initial","rop_publish_now_accounts":{"facebook_10159540855086992_322828327761733":""},"rop_publish_now_history":[],"rop_publish_now_status":"pending","footnotes":""},"categories":[181],"tags":[121],"class_list":["post-572926","post","type-post","status-publish","format-standard","has-post-thumbnail","hentry","category-huejutla","tag-huejutla","entry"],"_links":{"self":[{"href":"https:\/\/www.zunoticia.com\/noticias-de-hidalgo\/wp-json\/wp\/v2\/posts\/572926","targetHints":{"allow":["GET"]}}],"collection":[{"href":"https:\/\/www.zunoticia.com\/noticias-de-hidalgo\/wp-json\/wp\/v2\/posts"}],"about":[{"href":"https:\/\/www.zunoticia.com\/noticias-de-hidalgo\/wp-json\/wp\/v2\/types\/post"}],"author":[{"embeddable":true,"href":"https:\/\/www.zunoticia.com\/noticias-de-hidalgo\/wp-json\/wp\/v2\/users\/12"}],"replies":[{"embeddable":true,"href":"https:\/\/www.zunoticia.com\/noticias-de-hidalgo\/wp-json\/wp\/v2\/comments?post=572926"}],"version-history":[{"count":1,"href":"https:\/\/www.zunoticia.com\/noticias-de-hidalgo\/wp-json\/wp\/v2\/posts\/572926\/revisions"}],"predecessor-version":[{"id":572941,"href":"https:\/\/www.zunoticia.com\/noticias-de-hidalgo\/wp-json\/wp\/v2\/posts\/572926\/revisions\/572941"}],"wp:featuredmedia":[{"embeddable":true,"href":"https:\/\/www.zunoticia.com\/noticias-de-hidalgo\/wp-json\/wp\/v2\/media\/572927"}],"wp:attachment":[{"href":"https:\/\/www.zunoticia.com\/noticias-de-hidalgo\/wp-json\/wp\/v2\/media?parent=572926"}],"wp:term":[{"taxonomy":"category","embeddable":true,"href":"https:\/\/www.zunoticia.com\/noticias-de-hidalgo\/wp-json\/wp\/v2\/categories?post=572926"},{"taxonomy":"post_tag","embeddable":true,"href":"https:\/\/www.zunoticia.com\/noticias-de-hidalgo\/wp-json\/wp\/v2\/tags?post=572926"}],"curies":[{"name":"wp","href":"https:\/\/api.w.org\/{rel}","templated":true}]}}