{"id":573143,"date":"2024-11-26T12:11:43","date_gmt":"2024-11-26T18:11:43","guid":{"rendered":"https:\/\/www.zunoticia.com\/noticias-de-hidalgo\/?p=573143"},"modified":"2024-11-26T14:47:24","modified_gmt":"2024-11-26T20:47:24","slug":"balizamiento-pinta-espacios-para-discapacitados-en-la-constituyentes","status":"publish","type":"post","link":"https:\/\/www.zunoticia.com\/noticias-de-hidalgo\/2024\/11\/26\/balizamiento-pinta-espacios-para-discapacitados-en-la-constituyentes\/","title":{"rendered":"Balizamiento pinta espacios para personas con discapacidad en la Constituyentes"},"content":{"rendered":"<aside class=\"mashsb-container mashsb-main mashsb-stretched\"><div class=\"mashsb-box\"><div class=\"mashsb-count mash-large\" style=\"float:left\"><div class=\"counts mashsbcount\">0<\/div><span class=\"mashsb-sharetext\">SHARES<\/span><\/div><div class=\"mashsb-buttons\"><a class=\"mashicon-facebook mash-large mash-center mashsb-noshadow\" href=\"https:\/\/www.facebook.com\/sharer.php?u=https%3A%2F%2Fwww.zunoticia.com%2Fnoticias-de-hidalgo%2F2024%2F11%2F26%2Fbalizamiento-pinta-espacios-para-discapacitados-en-la-constituyentes%2F\" target=\"_top\" rel=\"nofollow\"><span class=\"icon\"><\/span><span class=\"text\">Share<\/span><\/a><a class=\"mashicon-twitter mash-large mash-center mashsb-noshadow\" href=\"https:\/\/twitter.com\/intent\/tweet?text=&amp;url=https:\/\/www.zunoticia.com\/noticias-de-hidalgo\/2024\/11\/26\/balizamiento-pinta-espacios-para-discapacitados-en-la-constituyentes\/\" target=\"_top\" rel=\"nofollow\"><span class=\"icon\"><\/span><span class=\"text\">Tweet<\/span><\/a><div class=\"onoffswitch2 mash-large mashsb-noshadow\" style=\"display:none\"><\/div><\/div>\n            <\/div>\n                <div style=\"clear:both\"><\/div><div class=\"mashsb-toggle-container\"><\/div><\/aside>\n            <!-- Share buttons by mashshare.net - Version: 4.0.47-->\n<p><em>Por Enedino Hern\u00e1ndez \/ Zunoticia<\/em><\/p>\n\n\n\n<p><strong>Huejutla, Hgo.-<\/strong> Personal del \u00e1rea de Balizamiento de la presidencia de Huejutla pinta espacios para personas con discapacidad en la calle Constituyentes, atr\u00e1s de la zona del mercado.<\/p>\n\n\n\n<p>Las acciones se aplican por una instrucci\u00f3n del alcalde Alfredo San Rom\u00e1n y a gesti\u00f3n del titular del \u00e1rea de la Administraci\u00f3n de Mercados de Huejutla, Eric Azuara.<\/p>\n\n\n\n<p>En la calle Constituyentes se pintan dos rampas de acceso al mercado, as\u00ed como dos espacios para que las personas con discapacidad puedan estacionar sus unidades.<\/p>\n\n\n\n<p>Con estas acciones se se\u00f1ala claramente y se delimita el espacio para las personas, quienes son discapacitadas y que deben tener un \u00e1rea asignada.<\/p>\n\n\n\n<p>Asimismo, se pide a la poblaci\u00f3n que respeten estos espacios, los cuales deben de utilizarse \u00fanicamente por las personas en estado de discapacidad.<\/p>\n\n\n\n<figure class=\"wp-block-image size-full\"><img fetchpriority=\"high\" decoding=\"async\" width=\"933\" height=\"524\" src=\"https:\/\/www.zunoticia.com\/noticias-de-hidalgo\/wp-content\/uploads\/2024\/11\/Zunoticia-Huejutla-1-290.png\" alt=\"\" class=\"wp-image-573146\"\/><\/figure>\n","protected":false},"excerpt":{"rendered":"<p>Por Enedino Hern\u00e1ndez \/ Zunoticia Huejutla, Hgo.- Personal del \u00e1rea de Balizamiento de la presidencia de Huejutla pinta espacios para personas con discapacidad en la calle Constituyentes, atr\u00e1s de la zona del mercado. Las acciones se aplican por una instrucci\u00f3n del alcalde Alfredo San Rom\u00e1n y a gesti\u00f3n del titular del \u00e1rea de la Administraci\u00f3n&hellip; <a class=\"more-link\" href=\"https:\/\/www.zunoticia.com\/noticias-de-hidalgo\/2024\/11\/26\/balizamiento-pinta-espacios-para-discapacitados-en-la-constituyentes\/\">Seguir leyendo <span class=\"screen-reader-text\">Balizamiento pinta espacios para personas con discapacidad en la Constituyentes<\/span><\/a><\/p>\n","protected":false},"author":20,"featured_media":573144,"comment_status":"open","ping_status":"open","sticky":false,"template":"","format":"standard","meta":{"rop_custom_images_group":[],"rop_custom_messages_group":[],"rop_publish_now":"initial","rop_publish_now_accounts":{"facebook_10159540855086992_322828327761733":""},"rop_publish_now_history":[],"rop_publish_now_status":"pending","footnotes":""},"categories":[181],"tags":[121],"class_list":["post-573143","post","type-post","status-publish","format-standard","has-post-thumbnail","hentry","category-huejutla","tag-huejutla","entry"],"_links":{"self":[{"href":"https:\/\/www.zunoticia.com\/noticias-de-hidalgo\/wp-json\/wp\/v2\/posts\/573143","targetHints":{"allow":["GET"]}}],"collection":[{"href":"https:\/\/www.zunoticia.com\/noticias-de-hidalgo\/wp-json\/wp\/v2\/posts"}],"about":[{"href":"https:\/\/www.zunoticia.com\/noticias-de-hidalgo\/wp-json\/wp\/v2\/types\/post"}],"author":[{"embeddable":true,"href":"https:\/\/www.zunoticia.com\/noticias-de-hidalgo\/wp-json\/wp\/v2\/users\/20"}],"replies":[{"embeddable":true,"href":"https:\/\/www.zunoticia.com\/noticias-de-hidalgo\/wp-json\/wp\/v2\/comments?post=573143"}],"version-history":[{"count":2,"href":"https:\/\/www.zunoticia.com\/noticias-de-hidalgo\/wp-json\/wp\/v2\/posts\/573143\/revisions"}],"predecessor-version":[{"id":573162,"href":"https:\/\/www.zunoticia.com\/noticias-de-hidalgo\/wp-json\/wp\/v2\/posts\/573143\/revisions\/573162"}],"wp:featuredmedia":[{"embeddable":true,"href":"https:\/\/www.zunoticia.com\/noticias-de-hidalgo\/wp-json\/wp\/v2\/media\/573144"}],"wp:attachment":[{"href":"https:\/\/www.zunoticia.com\/noticias-de-hidalgo\/wp-json\/wp\/v2\/media?parent=573143"}],"wp:term":[{"taxonomy":"category","embeddable":true,"href":"https:\/\/www.zunoticia.com\/noticias-de-hidalgo\/wp-json\/wp\/v2\/categories?post=573143"},{"taxonomy":"post_tag","embeddable":true,"href":"https:\/\/www.zunoticia.com\/noticias-de-hidalgo\/wp-json\/wp\/v2\/tags?post=573143"}],"curies":[{"name":"wp","href":"https:\/\/api.w.org\/{rel}","templated":true}]}}