{"id":573148,"date":"2024-11-26T12:33:26","date_gmt":"2024-11-26T18:33:26","guid":{"rendered":"https:\/\/www.zunoticia.com\/noticias-de-hidalgo\/?p=573148"},"modified":"2024-11-26T12:33:29","modified_gmt":"2024-11-26T18:33:29","slug":"con-gran-desfile-civico-y-cultural-celebran-el-105-aniv-luctuoso-del-gral-felipe-angeles-ramirez","status":"publish","type":"post","link":"https:\/\/www.zunoticia.com\/noticias-de-hidalgo\/2024\/11\/26\/con-gran-desfile-civico-y-cultural-celebran-el-105-aniv-luctuoso-del-gral-felipe-angeles-ramirez\/","title":{"rendered":"Con gran desfile c\u00edvico y cultural celebran el 105 aniv. luctuoso del Gral. Felipe \u00c1ngeles Ram\u00edrez"},"content":{"rendered":"<aside class=\"mashsb-container mashsb-main mashsb-stretched\"><div class=\"mashsb-box\"><div class=\"mashsb-count mash-large\" style=\"float:left\"><div class=\"counts mashsbcount\">0<\/div><span class=\"mashsb-sharetext\">SHARES<\/span><\/div><div class=\"mashsb-buttons\"><a class=\"mashicon-facebook mash-large mash-center mashsb-noshadow\" href=\"https:\/\/www.facebook.com\/sharer.php?u=https%3A%2F%2Fwww.zunoticia.com%2Fnoticias-de-hidalgo%2F2024%2F11%2F26%2Fcon-gran-desfile-civico-y-cultural-celebran-el-105-aniv-luctuoso-del-gral-felipe-angeles-ramirez%2F\" target=\"_top\" rel=\"nofollow\"><span class=\"icon\"><\/span><span class=\"text\">Share<\/span><\/a><a class=\"mashicon-twitter mash-large mash-center mashsb-noshadow\" href=\"https:\/\/twitter.com\/intent\/tweet?text=&amp;url=https:\/\/www.zunoticia.com\/noticias-de-hidalgo\/2024\/11\/26\/con-gran-desfile-civico-y-cultural-celebran-el-105-aniv-luctuoso-del-gral-felipe-angeles-ramirez\/\" target=\"_top\" rel=\"nofollow\"><span class=\"icon\"><\/span><span class=\"text\">Tweet<\/span><\/a><div class=\"onoffswitch2 mash-large mashsb-noshadow\" style=\"display:none\"><\/div><\/div>\n            <\/div>\n                <div style=\"clear:both\"><\/div><div class=\"mashsb-toggle-container\"><\/div><\/aside>\n            <!-- Share buttons by mashshare.net - Version: 4.0.47-->\n<p><em>Por Esmeralda Vargas\/Zunoticia<\/em><\/p>\n\n\n\n<p><strong>Zacualtip\u00e1n de \u00c1ngeles, Hgo.-<\/strong> En un ambiente lleno de orgullo y respeto, el municipio conmemor\u00f3 el 105 aniversario luctuoso del general Felipe \u00c1ngeles Ram\u00edrez con un desfile c\u00edvico y cultural organizado por el H. Ayuntamiento Municipal.<\/p>\n\n\n\n<p>El evento reuni\u00f3 a todas las instituciones educativas de la regi\u00f3n, desde el Centro de Atenci\u00f3n Infantil Comunitaria (CAIC) hasta universidades, las cuales deleitaron a los presentes con tablas r\u00edtmicas, bailables, actuaciones y presentaciones art\u00edsticas.&nbsp;<\/p>\n\n\n\n<p>El recorrido inici\u00f3 en el lugar conocido como &#8220;Servicio Luna&#8221; y avanz\u00f3 por la calle principal &#8220;Melchor Ocampo&#8221;, culminando en el centro del municipio. En este lugar, se llev\u00f3 a cabo un solemne acto c\u00edvico organizado por la Universidad Tecnol\u00f3gica de la Sierra Hidalguense (UTSH), que rindi\u00f3 homenaje a uno de los h\u00e9roes m\u00e1s emblem\u00e1ticos de la Revoluci\u00f3n Mexicana.&nbsp;<\/p>\n\n\n\n<p>El evento cont\u00f3 con la presencia de Neyda Naranjo Baltazar, secretaria de Cultura del estado de Hidalgo; el secretario general municipal, Lic. Usiel Cerecedo Espinoza; la presidenta del DIF municipal, C. Arely Guti\u00e9rrez Hern\u00e1ndez; as\u00ed como los directores del ayuntamiento y los miembros del cabildo. Todos ellos destacaron la importancia de preservar la memoria hist\u00f3rica y los valores que el general Felipe \u00c1ngeles representa para el estado y la naci\u00f3n.&nbsp;<\/p>\n\n\n\n<p>Como parte del homenaje, el alumno Iker Vicente Mu\u00f1oz S\u00e1nchez emocion\u00f3 a los asistentes con la declamaci\u00f3n de un poema dedicado al general Felipe \u00c1ngeles, destacando su legado de lucha por la justicia y los derechos del pueblo mexicano.&nbsp;<\/p>\n\n\n\n<p>Este desfile, organizado con esmero por el H. Ayuntamiento Municipal, reflej\u00f3 la unidad y el compromiso de la comunidad educativa, las autoridades locales y los representantes municipales para mantener viva la memoria de figuras hist\u00f3ricas, fomentando el orgullo y la identidad entre las nuevas generaciones.<\/p>\n\n\n\n<figure class=\"wp-block-gallery has-nested-images columns-default is-cropped wp-block-gallery-1 is-layout-flex wp-block-gallery-is-layout-flex\">\n<figure class=\"wp-block-image size-large\"><img fetchpriority=\"high\" decoding=\"async\" width=\"933\" height=\"524\" data-id=\"573150\" src=\"https:\/\/www.zunoticia.com\/noticias-de-hidalgo\/wp-content\/uploads\/2024\/11\/Zunoticia-Huejutla-2-110.png\" alt=\"\" class=\"wp-image-573150\"\/><\/figure>\n\n\n\n<figure class=\"wp-block-image size-large\"><img decoding=\"async\" width=\"933\" height=\"524\" data-id=\"573151\" src=\"https:\/\/www.zunoticia.com\/noticias-de-hidalgo\/wp-content\/uploads\/2024\/11\/Zunoticia-Huejutla-1-291.png\" alt=\"\" class=\"wp-image-573151\"\/><\/figure>\n<\/figure>\n","protected":false},"excerpt":{"rendered":"<p>Por Esmeralda Vargas\/Zunoticia Zacualtip\u00e1n de \u00c1ngeles, Hgo.- En un ambiente lleno de orgullo y respeto, el municipio conmemor\u00f3 el 105 aniversario luctuoso del general Felipe \u00c1ngeles Ram\u00edrez con un desfile c\u00edvico y cultural organizado por el H. Ayuntamiento Municipal. El evento reuni\u00f3 a todas las instituciones educativas de la regi\u00f3n, desde el Centro de Atenci\u00f3n&hellip; <a class=\"more-link\" href=\"https:\/\/www.zunoticia.com\/noticias-de-hidalgo\/2024\/11\/26\/con-gran-desfile-civico-y-cultural-celebran-el-105-aniv-luctuoso-del-gral-felipe-angeles-ramirez\/\">Seguir leyendo <span class=\"screen-reader-text\">Con gran desfile c\u00edvico y cultural celebran el 105 aniv. luctuoso del Gral. Felipe \u00c1ngeles Ram\u00edrez<\/span><\/a><\/p>\n","protected":false},"author":20,"featured_media":573149,"comment_status":"open","ping_status":"open","sticky":false,"template":"","format":"standard","meta":{"rop_custom_images_group":[],"rop_custom_messages_group":[],"rop_publish_now":"initial","rop_publish_now_accounts":{"facebook_10159540855086992_322828327761733":""},"rop_publish_now_history":[],"rop_publish_now_status":"pending","footnotes":""},"categories":[433,441],"tags":[436,302],"class_list":["post-573148","post","type-post","status-publish","format-standard","has-post-thumbnail","hentry","category-sierra-alta","category-zacualtipan-sierra-alta","tag-sierra-alta","tag-zacualtipan","entry"],"_links":{"self":[{"href":"https:\/\/www.zunoticia.com\/noticias-de-hidalgo\/wp-json\/wp\/v2\/posts\/573148","targetHints":{"allow":["GET"]}}],"collection":[{"href":"https:\/\/www.zunoticia.com\/noticias-de-hidalgo\/wp-json\/wp\/v2\/posts"}],"about":[{"href":"https:\/\/www.zunoticia.com\/noticias-de-hidalgo\/wp-json\/wp\/v2\/types\/post"}],"author":[{"embeddable":true,"href":"https:\/\/www.zunoticia.com\/noticias-de-hidalgo\/wp-json\/wp\/v2\/users\/20"}],"replies":[{"embeddable":true,"href":"https:\/\/www.zunoticia.com\/noticias-de-hidalgo\/wp-json\/wp\/v2\/comments?post=573148"}],"version-history":[{"count":1,"href":"https:\/\/www.zunoticia.com\/noticias-de-hidalgo\/wp-json\/wp\/v2\/posts\/573148\/revisions"}],"predecessor-version":[{"id":573152,"href":"https:\/\/www.zunoticia.com\/noticias-de-hidalgo\/wp-json\/wp\/v2\/posts\/573148\/revisions\/573152"}],"wp:featuredmedia":[{"embeddable":true,"href":"https:\/\/www.zunoticia.com\/noticias-de-hidalgo\/wp-json\/wp\/v2\/media\/573149"}],"wp:attachment":[{"href":"https:\/\/www.zunoticia.com\/noticias-de-hidalgo\/wp-json\/wp\/v2\/media?parent=573148"}],"wp:term":[{"taxonomy":"category","embeddable":true,"href":"https:\/\/www.zunoticia.com\/noticias-de-hidalgo\/wp-json\/wp\/v2\/categories?post=573148"},{"taxonomy":"post_tag","embeddable":true,"href":"https:\/\/www.zunoticia.com\/noticias-de-hidalgo\/wp-json\/wp\/v2\/tags?post=573148"}],"curies":[{"name":"wp","href":"https:\/\/api.w.org\/{rel}","templated":true}]}}