{"id":573170,"date":"2024-11-26T16:39:10","date_gmt":"2024-11-26T22:39:10","guid":{"rendered":"https:\/\/www.zunoticia.com\/noticias-de-hidalgo\/?p=573170"},"modified":"2024-11-26T16:39:11","modified_gmt":"2024-11-26T22:39:11","slug":"capacitan-sobre-la-prevencion-de-incendios-forestales","status":"publish","type":"post","link":"https:\/\/www.zunoticia.com\/noticias-de-hidalgo\/2024\/11\/26\/capacitan-sobre-la-prevencion-de-incendios-forestales\/","title":{"rendered":"Capacitan sobre la prevenci\u00f3n de incendios forestales\u00a0"},"content":{"rendered":"<aside class=\"mashsb-container mashsb-main mashsb-stretched\"><div class=\"mashsb-box\"><div class=\"mashsb-count mash-large\" style=\"float:left\"><div class=\"counts mashsbcount\">0<\/div><span class=\"mashsb-sharetext\">SHARES<\/span><\/div><div class=\"mashsb-buttons\"><a class=\"mashicon-facebook mash-large mash-center mashsb-noshadow\" href=\"https:\/\/www.facebook.com\/sharer.php?u=https%3A%2F%2Fwww.zunoticia.com%2Fnoticias-de-hidalgo%2F2024%2F11%2F26%2Fcapacitan-sobre-la-prevencion-de-incendios-forestales%2F\" target=\"_top\" rel=\"nofollow\"><span class=\"icon\"><\/span><span class=\"text\">Share<\/span><\/a><a class=\"mashicon-twitter mash-large mash-center mashsb-noshadow\" href=\"https:\/\/twitter.com\/intent\/tweet?text=&amp;url=https:\/\/www.zunoticia.com\/noticias-de-hidalgo\/2024\/11\/26\/capacitan-sobre-la-prevencion-de-incendios-forestales\/\" target=\"_top\" rel=\"nofollow\"><span class=\"icon\"><\/span><span class=\"text\">Tweet<\/span><\/a><div class=\"onoffswitch2 mash-large mashsb-noshadow\" style=\"display:none\"><\/div><\/div>\n            <\/div>\n                <div style=\"clear:both\"><\/div><div class=\"mashsb-toggle-container\"><\/div><\/aside>\n            <!-- Share buttons by mashshare.net - Version: 4.0.47-->\n<p><em>Por Esmeralda Vargas\/Zunoticia<\/em><\/p>\n\n\n\n<p><strong>San Agust\u00edn Metzquititl\u00e1n, Hgo<\/strong>.\u2013 Con el objetivo de fortalecer la prevenci\u00f3n y el combate de incendios forestales, la Secretar\u00eda de Medio Ambiente y Recursos Naturales de Hidalgo (SEMARNATH) llev\u00f3 a cabo una capacitaci\u00f3n dirigida a habitantes y autoridades de la comunidad de Carpinteros.&nbsp;<\/p>\n\n\n\n<p>El evento cont\u00f3 con la asistencia de representantes clave del municipio, incluyendo a la direcci\u00f3n de Ecolog\u00eda, encabezada por la doctora Perla Mayari Trejo Ram\u00edrez; la direcci\u00f3n de Protecci\u00f3n Civil, liderada por Cirilo Rafael L\u00f3pez Bruno; y la direcci\u00f3n de Servicios P\u00fablicos Municipales, bajo la coordinaci\u00f3n de Bernardo Escobar. Adem\u00e1s, participaron miembros del cabildo municipal, quienes destacaron la importancia de este tipo de actividades para la protecci\u00f3n del medio ambiente y la seguridad de la poblaci\u00f3n.&nbsp;<\/p>\n\n\n\n<p>Durante la capacitaci\u00f3n se abordaron temas relacionados con la prevenci\u00f3n, detecci\u00f3n y control de incendios forestales, as\u00ed como medidas para reducir los riesgos asociados y la importancia de la colaboraci\u00f3n comunitaria en la conservaci\u00f3n de los recursos naturales.&nbsp;<\/p>\n\n\n\n<p>Las autoridades presentes enfatizaron la necesidad de implementar estrategias efectivas de prevenci\u00f3n en coordinaci\u00f3n con los habitantes y destacaron el compromiso del municipio para garantizar la protecci\u00f3n de las \u00e1reas forestales de la regi\u00f3n.&nbsp;<\/p>\n\n\n\n<p>Este tipo de iniciativas reflejan el esfuerzo conjunto entre instituciones, autoridades locales y comunidades para enfrentar los desaf\u00edos ambientales, garantizar un entorno seguro y sustentable para las futuras generaciones.<\/p>\n\n\n\n<figure class=\"wp-block-image size-full\"><img fetchpriority=\"high\" decoding=\"async\" width=\"933\" height=\"524\" src=\"https:\/\/www.zunoticia.com\/noticias-de-hidalgo\/wp-content\/uploads\/2024\/11\/Zunoticia-Huejutla-1-295.png\" alt=\"\" class=\"wp-image-573172\"\/><\/figure>\n","protected":false},"excerpt":{"rendered":"<p>Por Esmeralda Vargas\/Zunoticia San Agust\u00edn Metzquititl\u00e1n, Hgo.\u2013 Con el objetivo de fortalecer la prevenci\u00f3n y el combate de incendios forestales, la Secretar\u00eda de Medio Ambiente y Recursos Naturales de Hidalgo (SEMARNATH) llev\u00f3 a cabo una capacitaci\u00f3n dirigida a habitantes y autoridades de la comunidad de Carpinteros.&nbsp; El evento cont\u00f3 con la asistencia de representantes clave&hellip; <a class=\"more-link\" href=\"https:\/\/www.zunoticia.com\/noticias-de-hidalgo\/2024\/11\/26\/capacitan-sobre-la-prevencion-de-incendios-forestales\/\">Seguir leyendo <span class=\"screen-reader-text\">Capacitan sobre la prevenci\u00f3n de incendios forestales\u00a0<\/span><\/a><\/p>\n","protected":false},"author":20,"featured_media":573171,"comment_status":"open","ping_status":"open","sticky":false,"template":"","format":"standard","meta":{"rop_custom_images_group":[],"rop_custom_messages_group":[],"rop_publish_now":"initial","rop_publish_now_accounts":{"facebook_10159540855086992_322828327761733":""},"rop_publish_now_history":[],"rop_publish_now_status":"pending","footnotes":""},"categories":[443,433],"tags":[300,436],"class_list":["post-573170","post","type-post","status-publish","format-standard","has-post-thumbnail","hentry","category-san-agustin-metzquititlan","category-sierra-alta","tag-san-agustin-metzquititlan","tag-sierra-alta","entry"],"_links":{"self":[{"href":"https:\/\/www.zunoticia.com\/noticias-de-hidalgo\/wp-json\/wp\/v2\/posts\/573170","targetHints":{"allow":["GET"]}}],"collection":[{"href":"https:\/\/www.zunoticia.com\/noticias-de-hidalgo\/wp-json\/wp\/v2\/posts"}],"about":[{"href":"https:\/\/www.zunoticia.com\/noticias-de-hidalgo\/wp-json\/wp\/v2\/types\/post"}],"author":[{"embeddable":true,"href":"https:\/\/www.zunoticia.com\/noticias-de-hidalgo\/wp-json\/wp\/v2\/users\/20"}],"replies":[{"embeddable":true,"href":"https:\/\/www.zunoticia.com\/noticias-de-hidalgo\/wp-json\/wp\/v2\/comments?post=573170"}],"version-history":[{"count":1,"href":"https:\/\/www.zunoticia.com\/noticias-de-hidalgo\/wp-json\/wp\/v2\/posts\/573170\/revisions"}],"predecessor-version":[{"id":573173,"href":"https:\/\/www.zunoticia.com\/noticias-de-hidalgo\/wp-json\/wp\/v2\/posts\/573170\/revisions\/573173"}],"wp:featuredmedia":[{"embeddable":true,"href":"https:\/\/www.zunoticia.com\/noticias-de-hidalgo\/wp-json\/wp\/v2\/media\/573171"}],"wp:attachment":[{"href":"https:\/\/www.zunoticia.com\/noticias-de-hidalgo\/wp-json\/wp\/v2\/media?parent=573170"}],"wp:term":[{"taxonomy":"category","embeddable":true,"href":"https:\/\/www.zunoticia.com\/noticias-de-hidalgo\/wp-json\/wp\/v2\/categories?post=573170"},{"taxonomy":"post_tag","embeddable":true,"href":"https:\/\/www.zunoticia.com\/noticias-de-hidalgo\/wp-json\/wp\/v2\/tags?post=573170"}],"curies":[{"name":"wp","href":"https:\/\/api.w.org\/{rel}","templated":true}]}}