{"id":573219,"date":"2024-11-26T18:39:26","date_gmt":"2024-11-27T00:39:26","guid":{"rendered":"https:\/\/www.zunoticia.com\/noticias-de-hidalgo\/?p=573219"},"modified":"2024-11-26T18:39:28","modified_gmt":"2024-11-27T00:39:28","slug":"festival-de-la-gordita-2024","status":"publish","type":"post","link":"https:\/\/www.zunoticia.com\/noticias-de-hidalgo\/2024\/11\/26\/festival-de-la-gordita-2024\/","title":{"rendered":"Festival de la Gordita 2024"},"content":{"rendered":"<aside class=\"mashsb-container mashsb-main mashsb-stretched\"><div class=\"mashsb-box\"><div class=\"mashsb-count mash-large\" style=\"float:left\"><div class=\"counts mashsbcount\">0<\/div><span class=\"mashsb-sharetext\">SHARES<\/span><\/div><div class=\"mashsb-buttons\"><a class=\"mashicon-facebook mash-large mash-center mashsb-noshadow\" href=\"https:\/\/www.facebook.com\/sharer.php?u=https%3A%2F%2Fwww.zunoticia.com%2Fnoticias-de-hidalgo%2F2024%2F11%2F26%2Ffestival-de-la-gordita-2024%2F\" target=\"_top\" rel=\"nofollow\"><span class=\"icon\"><\/span><span class=\"text\">Share<\/span><\/a><a class=\"mashicon-twitter mash-large mash-center mashsb-noshadow\" href=\"https:\/\/twitter.com\/intent\/tweet?text=&amp;url=https:\/\/www.zunoticia.com\/noticias-de-hidalgo\/2024\/11\/26\/festival-de-la-gordita-2024\/\" target=\"_top\" rel=\"nofollow\"><span class=\"icon\"><\/span><span class=\"text\">Tweet<\/span><\/a><div class=\"onoffswitch2 mash-large mashsb-noshadow\" style=\"display:none\"><\/div><\/div>\n            <\/div>\n                <div style=\"clear:both\"><\/div><div class=\"mashsb-toggle-container\"><\/div><\/aside>\n            <!-- Share buttons by mashshare.net - Version: 4.0.47-->\n<ul class=\"wp-block-list\">\n<li><em>Sabor, cultura y tradici\u00f3n en la 8\u00ba edici\u00f3n de esta muestra gastron\u00f3mica<\/em>.<\/li>\n<\/ul>\n\n\n\n<p><em>Por Redacci\u00f3n\/Zunoticia<\/em><\/p>\n\n\n\n<p><strong>Pachuca de Soto, Hgo.<\/strong>&#8211; El pr\u00f3ximo 14 de diciembre, el coraz\u00f3n de Francisco I. Madero ser\u00e1 el escenario de una gran fiesta cultural y gastron\u00f3mica: el 8\u00ba Festival de la Gordita. Este evento ha roto r\u00e9cords de participaci\u00f3n y promete una experiencia inolvidable para todos los asistentes.<\/p>\n\n\n\n<p>Gracias al invaluable apoyo de la Secretar\u00eda de Turismo, el festival contin\u00faa creciendo y consolid\u00e1ndose como un referente \u00fanico. Este a\u00f1o, en la exposici\u00f3n artesanal, participar\u00e1n m\u00e1s de 200 personas del sector provenientes de Hidalgo, Veracruz, Estado de M\u00e9xico y la Ciudad de M\u00e9xico. Los asistentes podr\u00e1n disfrutar de una gran variedad de productos, desde joyer\u00eda artesanal hasta propuestas gastron\u00f3micas \u00fanicas, como los innovadores frapp\u00e9s de pinole y de nopal, creados especialmente para esta celebraci\u00f3n.<\/p>\n\n\n\n<p>Aldo S\u00e1nchez, director general del festival, destac\u00f3: \u201ceste espacio celebra nuestras tradiciones, nuestra gastronom\u00eda y el talento de las familias que participan\u201d. Por ello, invit\u00f3 a la poblaci\u00f3n a ser parte de esta experiencia que enriquece nuestra identidad.<\/p>\n\n\n\n<p>Por su parte, Miriam, cocinera originaria de Francisco I. Madero, comparti\u00f3 el proceso detr\u00e1s de este emblem\u00e1tico platillo que da origen al festival: \u201cEl proceso para elaborar nuestras gorditas de panza es muy especial; lleva m\u00e1s de 14 horas de cocci\u00f3n y una limpieza minuciosa del menudo. Cada cocinero aporta su toque \u00fanico, lo que nos hace destacar\u201d.<\/p>\n\n\n\n<figure class=\"wp-block-image size-full\"><img fetchpriority=\"high\" decoding=\"async\" width=\"933\" height=\"524\" src=\"https:\/\/www.zunoticia.com\/noticias-de-hidalgo\/wp-content\/uploads\/2024\/11\/Zunoticia-Huejutla-458.png\" alt=\"\" class=\"wp-image-573221\"\/><\/figure>\n\n\n\n<p>El festival contar\u00e1 con una amplia gama de actividades en dos escenarios principales, con espect\u00e1culos culturales, funciones de t\u00edteres gigantes y un espectacular baile popular a cargo de Estrellas de Chucho Rold\u00e1n. Adem\u00e1s, habr\u00e1 una carrera atl\u00e9tica que recorrer\u00e1 los puntos arquitect\u00f3nicos m\u00e1s emblem\u00e1ticos del municipio.<\/p>\n\n\n\n<p>Tambi\u00e9n se realizar\u00e1 el concurso \u201cEl Rey Gordero\u201d, donde los participantes demostrar\u00e1n su habilidad para comer gorditas r\u00e1pidamente, a\u00f1adiendo un toque divertido al evento.<\/p>\n\n\n\n<p>Este festival es una oportunidad \u00fanica para disfrutar lo mejor de la tradici\u00f3n, la cultura y la gastronom\u00eda en un ambiente familiar y festivo. Desde las 8:00 hasta las 23:00 horas, las calles del centro de Tepatepec se llenar\u00e1n de sabores, colores y m\u00fasica, convirtiendo este evento en un punto de encuentro para locales y visitantes.<\/p>\n\n\n\n<p>Montserrat Tapia, organizadora del festival, subray\u00f3 que la intenci\u00f3n es que este evento no solo sea un escaparate gastron\u00f3mico, sino tambi\u00e9n una oportunidad para que las personas conozcan nuestras ra\u00edces y el valor arquitect\u00f3nico de Francisco I. Madero.<\/p>\n\n\n\n<p>El 8\u00ba Festival de la Gordita no solo celebra la riqueza culinaria de Hidalgo, sino que nos invita a redescubrir la magia de nuestras tradiciones en cada bocado, en cada artesan\u00eda y en cada encuentro. Es un recordatorio de que nuestra identidad se nutre del orgullo de compartir lo mejor de nosotros mismos con el mundo.<\/p>\n","protected":false},"excerpt":{"rendered":"<p>Por Redacci\u00f3n\/Zunoticia Pachuca de Soto, Hgo.&#8211; El pr\u00f3ximo 14 de diciembre, el coraz\u00f3n de Francisco I. Madero ser\u00e1 el escenario de una gran fiesta cultural y gastron\u00f3mica: el 8\u00ba Festival de la Gordita. Este evento ha roto r\u00e9cords de participaci\u00f3n y promete una experiencia inolvidable para todos los asistentes. Gracias al invaluable apoyo de la&hellip; <a class=\"more-link\" href=\"https:\/\/www.zunoticia.com\/noticias-de-hidalgo\/2024\/11\/26\/festival-de-la-gordita-2024\/\">Seguir leyendo <span class=\"screen-reader-text\">Festival de la Gordita 2024<\/span><\/a><\/p>\n","protected":false},"author":20,"featured_media":573220,"comment_status":"open","ping_status":"open","sticky":false,"template":"","format":"standard","meta":{"rop_custom_images_group":[],"rop_custom_messages_group":[],"rop_publish_now":"initial","rop_publish_now_accounts":{"facebook_10159540855086992_322828327761733":""},"rop_publish_now_history":[],"rop_publish_now_status":"pending","footnotes":""},"categories":[208],"tags":[214],"class_list":["post-573219","post","type-post","status-publish","format-standard","has-post-thumbnail","hentry","category-estado","tag-estado","entry"],"_links":{"self":[{"href":"https:\/\/www.zunoticia.com\/noticias-de-hidalgo\/wp-json\/wp\/v2\/posts\/573219","targetHints":{"allow":["GET"]}}],"collection":[{"href":"https:\/\/www.zunoticia.com\/noticias-de-hidalgo\/wp-json\/wp\/v2\/posts"}],"about":[{"href":"https:\/\/www.zunoticia.com\/noticias-de-hidalgo\/wp-json\/wp\/v2\/types\/post"}],"author":[{"embeddable":true,"href":"https:\/\/www.zunoticia.com\/noticias-de-hidalgo\/wp-json\/wp\/v2\/users\/20"}],"replies":[{"embeddable":true,"href":"https:\/\/www.zunoticia.com\/noticias-de-hidalgo\/wp-json\/wp\/v2\/comments?post=573219"}],"version-history":[{"count":1,"href":"https:\/\/www.zunoticia.com\/noticias-de-hidalgo\/wp-json\/wp\/v2\/posts\/573219\/revisions"}],"predecessor-version":[{"id":573222,"href":"https:\/\/www.zunoticia.com\/noticias-de-hidalgo\/wp-json\/wp\/v2\/posts\/573219\/revisions\/573222"}],"wp:featuredmedia":[{"embeddable":true,"href":"https:\/\/www.zunoticia.com\/noticias-de-hidalgo\/wp-json\/wp\/v2\/media\/573220"}],"wp:attachment":[{"href":"https:\/\/www.zunoticia.com\/noticias-de-hidalgo\/wp-json\/wp\/v2\/media?parent=573219"}],"wp:term":[{"taxonomy":"category","embeddable":true,"href":"https:\/\/www.zunoticia.com\/noticias-de-hidalgo\/wp-json\/wp\/v2\/categories?post=573219"},{"taxonomy":"post_tag","embeddable":true,"href":"https:\/\/www.zunoticia.com\/noticias-de-hidalgo\/wp-json\/wp\/v2\/tags?post=573219"}],"curies":[{"name":"wp","href":"https:\/\/api.w.org\/{rel}","templated":true}]}}