{"id":573329,"date":"2024-11-27T17:11:55","date_gmt":"2024-11-27T23:11:55","guid":{"rendered":"https:\/\/www.zunoticia.com\/noticias-de-hidalgo\/?p=573329"},"modified":"2024-11-27T17:11:57","modified_gmt":"2024-11-27T23:11:57","slug":"conafor-llevo-la-1er-sesion-de-capacitacion-sobre-prevencion-de-incendios-forestales","status":"publish","type":"post","link":"https:\/\/www.zunoticia.com\/noticias-de-hidalgo\/2024\/11\/27\/conafor-llevo-la-1er-sesion-de-capacitacion-sobre-prevencion-de-incendios-forestales\/","title":{"rendered":"CONAFOR llev\u00f3 la 1er. sesi\u00f3n de capacitaci\u00f3n sobre prevenci\u00f3n de incendios forestales"},"content":{"rendered":"<aside class=\"mashsb-container mashsb-main mashsb-stretched\"><div class=\"mashsb-box\"><div class=\"mashsb-count mash-large\" style=\"float:left\"><div class=\"counts mashsbcount\">0<\/div><span class=\"mashsb-sharetext\">SHARES<\/span><\/div><div class=\"mashsb-buttons\"><a class=\"mashicon-facebook mash-large mash-center mashsb-noshadow\" href=\"https:\/\/www.facebook.com\/sharer.php?u=https%3A%2F%2Fwww.zunoticia.com%2Fnoticias-de-hidalgo%2F2024%2F11%2F27%2Fconafor-llevo-la-1er-sesion-de-capacitacion-sobre-prevencion-de-incendios-forestales%2F\" target=\"_top\" rel=\"nofollow\"><span class=\"icon\"><\/span><span class=\"text\">Share<\/span><\/a><a class=\"mashicon-twitter mash-large mash-center mashsb-noshadow\" href=\"https:\/\/twitter.com\/intent\/tweet?text=&amp;url=https:\/\/www.zunoticia.com\/noticias-de-hidalgo\/2024\/11\/27\/conafor-llevo-la-1er-sesion-de-capacitacion-sobre-prevencion-de-incendios-forestales\/\" target=\"_top\" rel=\"nofollow\"><span class=\"icon\"><\/span><span class=\"text\">Tweet<\/span><\/a><div class=\"onoffswitch2 mash-large mashsb-noshadow\" style=\"display:none\"><\/div><\/div>\n            <\/div>\n                <div style=\"clear:both\"><\/div><div class=\"mashsb-toggle-container\"><\/div><\/aside>\n            <!-- Share buttons by mashshare.net - Version: 4.0.47-->\n<p><em>Por Esmeralda Vargas \/ Zunoticia<\/em><\/p>\n\n\n\n<p><strong>San Agust\u00edn Metzquititl\u00e1n, Hgo<\/strong>.- Con el objetivo de fortalecer las capacidades de respuesta ante posibles incendios forestales, la Comisi\u00f3n Nacional Forestal (CONAFOR) inaugur\u00f3 una capacitaci\u00f3n especializada en la que participan diversas \u00e1reas del municipio.&nbsp;<\/p>\n\n\n\n<p>El evento cont\u00f3 con la presencia de personal de Protecci\u00f3n Civil de San Agust\u00edn Metzquititl\u00e1n, as\u00ed como representantes de las \u00e1reas de Servicios Municipales y Ecolog\u00eda. Tambi\u00e9n se sum\u00f3 Protecci\u00f3n Civil de Metztitl\u00e1n, reforzando la colaboraci\u00f3n regional para enfrentar este tipo de emergencias.&nbsp;<\/p>\n\n\n\n<p>La capacitaci\u00f3n, que tendr\u00e1 una duraci\u00f3n total de 20 horas, abordar\u00e1 m\u00faltiples temas clave para garantizar que los asistentes sepan c\u00f3mo actuar en caso de incendios forestales. Entre los puntos a tratar se encuentran la identificaci\u00f3n de riesgos, estrategias de control y mitigaci\u00f3n, y la implementaci\u00f3n de protocolos de seguridad tanto para los brigadistas como para la poblaci\u00f3n en general.&nbsp;<\/p>\n\n\n\n<p>Durante el acto inaugural, se destac\u00f3 la importancia de la prevenci\u00f3n como herramienta fundamental para reducir el impacto de los incendios forestales en las comunidades y los ecosistemas. Autoridades locales y representantes de la CONAFOR hicieron un llamado a reforzar el compromiso con la conservaci\u00f3n del medio ambiente, subrayando que la capacitaci\u00f3n es un paso esencial en esa direcci\u00f3n.&nbsp;<\/p>\n\n\n\n<p>Con esta actividad San Agust\u00edn Metzquititl\u00e1n reafirma su compromiso con la protecci\u00f3n de su riqueza natural y la seguridad de sus habitantes, fortaleciendo una cultura de prevenci\u00f3n y respuesta ante emergencias ambientales.<\/p>\n\n\n\n<figure class=\"wp-block-image size-full\"><img fetchpriority=\"high\" decoding=\"async\" width=\"933\" height=\"524\" src=\"https:\/\/www.zunoticia.com\/noticias-de-hidalgo\/wp-content\/uploads\/2024\/11\/Zunoticia-Huejutla-471.png\" alt=\"\" class=\"wp-image-573331\"\/><\/figure>\n","protected":false},"excerpt":{"rendered":"<p>Por Esmeralda Vargas \/ Zunoticia San Agust\u00edn Metzquititl\u00e1n, Hgo.- Con el objetivo de fortalecer las capacidades de respuesta ante posibles incendios forestales, la Comisi\u00f3n Nacional Forestal (CONAFOR) inaugur\u00f3 una capacitaci\u00f3n especializada en la que participan diversas \u00e1reas del municipio.&nbsp; El evento cont\u00f3 con la presencia de personal de Protecci\u00f3n Civil de San Agust\u00edn Metzquititl\u00e1n, as\u00ed&hellip; <a class=\"more-link\" href=\"https:\/\/www.zunoticia.com\/noticias-de-hidalgo\/2024\/11\/27\/conafor-llevo-la-1er-sesion-de-capacitacion-sobre-prevencion-de-incendios-forestales\/\">Seguir leyendo <span class=\"screen-reader-text\">CONAFOR llev\u00f3 la 1er. sesi\u00f3n de capacitaci\u00f3n sobre prevenci\u00f3n de incendios forestales<\/span><\/a><\/p>\n","protected":false},"author":20,"featured_media":573330,"comment_status":"open","ping_status":"open","sticky":false,"template":"","format":"standard","meta":{"rop_custom_images_group":[],"rop_custom_messages_group":[],"rop_publish_now":"initial","rop_publish_now_accounts":{"facebook_10159540855086992_322828327761733":""},"rop_publish_now_history":[],"rop_publish_now_status":"pending","footnotes":""},"categories":[443,433],"tags":[300,436],"class_list":["post-573329","post","type-post","status-publish","format-standard","has-post-thumbnail","hentry","category-san-agustin-metzquititlan","category-sierra-alta","tag-san-agustin-metzquititlan","tag-sierra-alta","entry"],"_links":{"self":[{"href":"https:\/\/www.zunoticia.com\/noticias-de-hidalgo\/wp-json\/wp\/v2\/posts\/573329","targetHints":{"allow":["GET"]}}],"collection":[{"href":"https:\/\/www.zunoticia.com\/noticias-de-hidalgo\/wp-json\/wp\/v2\/posts"}],"about":[{"href":"https:\/\/www.zunoticia.com\/noticias-de-hidalgo\/wp-json\/wp\/v2\/types\/post"}],"author":[{"embeddable":true,"href":"https:\/\/www.zunoticia.com\/noticias-de-hidalgo\/wp-json\/wp\/v2\/users\/20"}],"replies":[{"embeddable":true,"href":"https:\/\/www.zunoticia.com\/noticias-de-hidalgo\/wp-json\/wp\/v2\/comments?post=573329"}],"version-history":[{"count":1,"href":"https:\/\/www.zunoticia.com\/noticias-de-hidalgo\/wp-json\/wp\/v2\/posts\/573329\/revisions"}],"predecessor-version":[{"id":573332,"href":"https:\/\/www.zunoticia.com\/noticias-de-hidalgo\/wp-json\/wp\/v2\/posts\/573329\/revisions\/573332"}],"wp:featuredmedia":[{"embeddable":true,"href":"https:\/\/www.zunoticia.com\/noticias-de-hidalgo\/wp-json\/wp\/v2\/media\/573330"}],"wp:attachment":[{"href":"https:\/\/www.zunoticia.com\/noticias-de-hidalgo\/wp-json\/wp\/v2\/media?parent=573329"}],"wp:term":[{"taxonomy":"category","embeddable":true,"href":"https:\/\/www.zunoticia.com\/noticias-de-hidalgo\/wp-json\/wp\/v2\/categories?post=573329"},{"taxonomy":"post_tag","embeddable":true,"href":"https:\/\/www.zunoticia.com\/noticias-de-hidalgo\/wp-json\/wp\/v2\/tags?post=573329"}],"curies":[{"name":"wp","href":"https:\/\/api.w.org\/{rel}","templated":true}]}}