{"id":573519,"date":"2024-11-28T17:04:17","date_gmt":"2024-11-28T23:04:17","guid":{"rendered":"https:\/\/www.zunoticia.com\/noticias-de-hidalgo\/?p=573519"},"modified":"2024-11-28T17:04:19","modified_gmt":"2024-11-28T23:04:19","slug":"no-hay-que-combatir-incendios-hay-que-prevenir-jose-francisco-monroy-jefe-del-campamento-conafor","status":"publish","type":"post","link":"https:\/\/www.zunoticia.com\/noticias-de-hidalgo\/2024\/11\/28\/no-hay-que-combatir-incendios-hay-que-prevenir-jose-francisco-monroy-jefe-del-campamento-conafor\/","title":{"rendered":"No hay que combatir incendios, hay que prevenir: Jos\u00e9 Francisco Monroy jefe del campamento CONAFOR"},"content":{"rendered":"<aside class=\"mashsb-container mashsb-main mashsb-stretched\"><div class=\"mashsb-box\"><div class=\"mashsb-count mash-large\" style=\"float:left\"><div class=\"counts mashsbcount\">0<\/div><span class=\"mashsb-sharetext\">SHARES<\/span><\/div><div class=\"mashsb-buttons\"><a class=\"mashicon-facebook mash-large mash-center mashsb-noshadow\" href=\"https:\/\/www.facebook.com\/sharer.php?u=https%3A%2F%2Fwww.zunoticia.com%2Fnoticias-de-hidalgo%2F2024%2F11%2F28%2Fno-hay-que-combatir-incendios-hay-que-prevenir-jose-francisco-monroy-jefe-del-campamento-conafor%2F\" target=\"_top\" rel=\"nofollow\"><span class=\"icon\"><\/span><span class=\"text\">Share<\/span><\/a><a class=\"mashicon-twitter mash-large mash-center mashsb-noshadow\" href=\"https:\/\/twitter.com\/intent\/tweet?text=&amp;url=https:\/\/www.zunoticia.com\/noticias-de-hidalgo\/2024\/11\/28\/no-hay-que-combatir-incendios-hay-que-prevenir-jose-francisco-monroy-jefe-del-campamento-conafor\/\" target=\"_top\" rel=\"nofollow\"><span class=\"icon\"><\/span><span class=\"text\">Tweet<\/span><\/a><div class=\"onoffswitch2 mash-large mashsb-noshadow\" style=\"display:none\"><\/div><\/div>\n            <\/div>\n                <div style=\"clear:both\"><\/div><div class=\"mashsb-toggle-container\"><\/div><\/aside>\n            <!-- Share buttons by mashshare.net - Version: 4.0.47-->\n<p><em>Por Esmeralda Vargas \/ Zunoticia<\/em><\/p>\n\n\n\n<p><strong>San Agust\u00edn Metzquititl\u00e1n, Hgo.-<\/strong> El jefe del campamento Zacualtip\u00e1n contra incendios forestales de la CONAFOR, Jos\u00e9 Francisco Monroy Sosa, encabez\u00f3 una capacitaci\u00f3n intensiva orientada a la prevenci\u00f3n y manejo seguro de incendios forestales; la actividad tuvo lugar en el municipio anfitri\u00f3n de San Agust\u00edn Metzquititl\u00e1n y cont\u00f3 con la participaci\u00f3n de diferentes \u00e1reas del ayuntamiento, adem\u00e1s de representantes del municipio<\/p>\n\n\n\n<p>La capacitaci\u00f3n, dise\u00f1ada para reforzar la capacidad de respuesta ante incendios forestales, tiene una duraci\u00f3n de 20 horas divididas en tres d\u00edas, con sesiones de 8 horas diarias. \u201cEl motivo de la capacitaci\u00f3n contra incendios forestales va enfocado a la prevenci\u00f3n y al trabajo con seguridad en un incendio\u201d, se\u00f1al\u00f3 Monroy Sosa, destacando la importancia de preparar a los asistentes con las herramientas necesarias para manejar estas situaciones de forma eficiente y segura.&nbsp;<\/p>\n\n\n\n<p>En esta regi\u00f3n, la zona boscosa de San Agust\u00edn Metzquititl\u00e1n, especialmente las \u00e1reas de Carpinteros, Cieneguillas y Tuzanapa ha registrado los mayores casos de incendios forestales, lo que motiv\u00f3 a priorizar al municipio en esta capacitaci\u00f3n. Monroy Sosa enfatiz\u00f3 \u201cNo hay que combatir, hay que prevenir incendios forestales, es m\u00e1s f\u00e1cil prevenir que combatir, y es uno de los prop\u00f3sitos que tenemos nosotros con estas capacitaciones\u201d.&nbsp;<\/p>\n\n\n\n<p>La capacitaci\u00f3n subraya el compromiso de la CONAFOR de trabajar en conjunto con los municipios para reducir la incidencia de incendios forestales mediante la prevenci\u00f3n y la educaci\u00f3n; adem\u00e1s de dotar a los participantes de conocimientos t\u00e9cnicos, se busca crear conciencia sobre la importancia de proteger los recursos naturales y minimizar riesgos para las comunidades y el personal que interviene en el combate de incendios.<\/p>\n\n\n\n<p>Con estas acciones, se espera fortalecer la capacidad de respuesta en la regi\u00f3n y promover una cultura de prevenci\u00f3n, protegiendo as\u00ed la riqueza forestal y la seguridad de quienes habitan en estas zonas.<\/p>\n","protected":false},"excerpt":{"rendered":"<p>Por Esmeralda Vargas \/ Zunoticia San Agust\u00edn Metzquititl\u00e1n, Hgo.- El jefe del campamento Zacualtip\u00e1n contra incendios forestales de la CONAFOR, Jos\u00e9 Francisco Monroy Sosa, encabez\u00f3 una capacitaci\u00f3n intensiva orientada a la prevenci\u00f3n y manejo seguro de incendios forestales; la actividad tuvo lugar en el municipio anfitri\u00f3n de San Agust\u00edn Metzquititl\u00e1n y cont\u00f3 con la participaci\u00f3n&hellip; <a class=\"more-link\" href=\"https:\/\/www.zunoticia.com\/noticias-de-hidalgo\/2024\/11\/28\/no-hay-que-combatir-incendios-hay-que-prevenir-jose-francisco-monroy-jefe-del-campamento-conafor\/\">Seguir leyendo <span class=\"screen-reader-text\">No hay que combatir incendios, hay que prevenir: Jos\u00e9 Francisco Monroy jefe del campamento CONAFOR<\/span><\/a><\/p>\n","protected":false},"author":20,"featured_media":573520,"comment_status":"open","ping_status":"open","sticky":false,"template":"","format":"standard","meta":{"rop_custom_images_group":[],"rop_custom_messages_group":[],"rop_publish_now":"initial","rop_publish_now_accounts":{"facebook_10159540855086992_322828327761733":""},"rop_publish_now_history":[],"rop_publish_now_status":"pending","footnotes":""},"categories":[443,433],"tags":[300,436],"class_list":["post-573519","post","type-post","status-publish","format-standard","has-post-thumbnail","hentry","category-san-agustin-metzquititlan","category-sierra-alta","tag-san-agustin-metzquititlan","tag-sierra-alta","entry"],"_links":{"self":[{"href":"https:\/\/www.zunoticia.com\/noticias-de-hidalgo\/wp-json\/wp\/v2\/posts\/573519","targetHints":{"allow":["GET"]}}],"collection":[{"href":"https:\/\/www.zunoticia.com\/noticias-de-hidalgo\/wp-json\/wp\/v2\/posts"}],"about":[{"href":"https:\/\/www.zunoticia.com\/noticias-de-hidalgo\/wp-json\/wp\/v2\/types\/post"}],"author":[{"embeddable":true,"href":"https:\/\/www.zunoticia.com\/noticias-de-hidalgo\/wp-json\/wp\/v2\/users\/20"}],"replies":[{"embeddable":true,"href":"https:\/\/www.zunoticia.com\/noticias-de-hidalgo\/wp-json\/wp\/v2\/comments?post=573519"}],"version-history":[{"count":1,"href":"https:\/\/www.zunoticia.com\/noticias-de-hidalgo\/wp-json\/wp\/v2\/posts\/573519\/revisions"}],"predecessor-version":[{"id":573521,"href":"https:\/\/www.zunoticia.com\/noticias-de-hidalgo\/wp-json\/wp\/v2\/posts\/573519\/revisions\/573521"}],"wp:featuredmedia":[{"embeddable":true,"href":"https:\/\/www.zunoticia.com\/noticias-de-hidalgo\/wp-json\/wp\/v2\/media\/573520"}],"wp:attachment":[{"href":"https:\/\/www.zunoticia.com\/noticias-de-hidalgo\/wp-json\/wp\/v2\/media?parent=573519"}],"wp:term":[{"taxonomy":"category","embeddable":true,"href":"https:\/\/www.zunoticia.com\/noticias-de-hidalgo\/wp-json\/wp\/v2\/categories?post=573519"},{"taxonomy":"post_tag","embeddable":true,"href":"https:\/\/www.zunoticia.com\/noticias-de-hidalgo\/wp-json\/wp\/v2\/tags?post=573519"}],"curies":[{"name":"wp","href":"https:\/\/api.w.org\/{rel}","templated":true}]}}