{"id":573863,"date":"2024-11-30T16:15:56","date_gmt":"2024-11-30T22:15:56","guid":{"rendered":"https:\/\/www.zunoticia.com\/noticias-de-hidalgo\/?p=573863"},"modified":"2024-11-30T16:15:57","modified_gmt":"2024-11-30T22:15:57","slug":"reunion-de-trabajo-en-san-agustin-metzquititlan-delegados-presentan-necesidades-comunitarias","status":"publish","type":"post","link":"https:\/\/www.zunoticia.com\/noticias-de-hidalgo\/2024\/11\/30\/reunion-de-trabajo-en-san-agustin-metzquititlan-delegados-presentan-necesidades-comunitarias\/","title":{"rendered":"Reuni\u00f3n de trabajo en San Agust\u00edn Metzquititl\u00e1n, delegados presentan necesidades comunitarias"},"content":{"rendered":"<aside class=\"mashsb-container mashsb-main mashsb-stretched\"><div class=\"mashsb-box\"><div class=\"mashsb-count mash-large\" style=\"float:left\"><div class=\"counts mashsbcount\">0<\/div><span class=\"mashsb-sharetext\">SHARES<\/span><\/div><div class=\"mashsb-buttons\"><a class=\"mashicon-facebook mash-large mash-center mashsb-noshadow\" href=\"https:\/\/www.facebook.com\/sharer.php?u=https%3A%2F%2Fwww.zunoticia.com%2Fnoticias-de-hidalgo%2F2024%2F11%2F30%2Freunion-de-trabajo-en-san-agustin-metzquititlan-delegados-presentan-necesidades-comunitarias%2F\" target=\"_top\" rel=\"nofollow\"><span class=\"icon\"><\/span><span class=\"text\">Share<\/span><\/a><a class=\"mashicon-twitter mash-large mash-center mashsb-noshadow\" href=\"https:\/\/twitter.com\/intent\/tweet?text=&amp;url=https:\/\/www.zunoticia.com\/noticias-de-hidalgo\/2024\/11\/30\/reunion-de-trabajo-en-san-agustin-metzquititlan-delegados-presentan-necesidades-comunitarias\/\" target=\"_top\" rel=\"nofollow\"><span class=\"icon\"><\/span><span class=\"text\">Tweet<\/span><\/a><div class=\"onoffswitch2 mash-large mashsb-noshadow\" style=\"display:none\"><\/div><\/div>\n            <\/div>\n                <div style=\"clear:both\"><\/div><div class=\"mashsb-toggle-container\"><\/div><\/aside>\n            <!-- Share buttons by mashshare.net - Version: 4.0.47-->\n<p><em>Por Esmeralda Vargas\/Zunoticia<\/em><\/p>\n\n\n\n<p><strong>San Agust\u00edn Metzquititl\u00e1n, Hgo<\/strong>.- En San Agust\u00edn Metzquititl\u00e1n se realiz\u00f3 una reuni\u00f3n de trabajo que congreg\u00f3 a todos los delegados de las comunidades del municipio. El evento cont\u00f3 con la presencia de la Lic. Bertha Miranda Rodr\u00edguez, subsecretaria de Desarrollo Pol\u00edtico del Estado de Hidalgo; el presidente municipal, Lic. Germ\u00e1n Hern\u00e1ndez P\u00e9rez, acompa\u00f1ado de su cabildo y el secretario de Gobernaci\u00f3n municipal, Ing. Gabriel Neri Hern\u00e1ndez Valdez.&nbsp;<\/p>\n\n\n\n<p>Durante la sesi\u00f3n, los delegados tuvieron la oportunidad de exponer las principales necesidades de sus comunidades. Entre las problem\u00e1ticas m\u00e1s destacadas se mencionaron el mal estado de los caminos, que dificulta el acceso y la movilidad, as\u00ed como la escasez de agua, que afecta a numerosas familias en la regi\u00f3n.&nbsp;<\/p>\n\n\n\n<figure class=\"wp-block-image size-full\"><img fetchpriority=\"high\" decoding=\"async\" width=\"933\" height=\"524\" src=\"https:\/\/www.zunoticia.com\/noticias-de-hidalgo\/wp-content\/uploads\/2024\/11\/Zunoticia-Huejutla-547.png\" alt=\"\" class=\"wp-image-573865\"\/><\/figure>\n\n\n\n<p>La Lic. Bertha Miranda Rodr\u00edguez escuch\u00f3 atentamente cada una de las solicitudes y se comprometi\u00f3 a trabajar en conjunto con las autoridades municipales para buscar soluciones viables y eficientes que atiendan estas demandas prioritarias.&nbsp;<\/p>\n\n\n\n<p>El presidente municipal, Germ\u00e1n Hern\u00e1ndez P\u00e9rez, expres\u00f3 su respaldo a los delegados y asegur\u00f3 que su administraci\u00f3n continuar\u00e1 gestionando recursos y colaborando con el Gobierno del Estado para mejorar las condiciones de vida en el municipio.&nbsp;<\/p>\n\n\n\n<p>Esta reuni\u00f3n refleja el compromiso de las autoridades estatales y municipales con el di\u00e1logo abierto y la b\u00fasqueda de soluciones que beneficien a las comunidades de San Agust\u00edn Metzquititl\u00e1n, fortaleciendo la comunicaci\u00f3n entre el gobierno y sus ciudadanos.<\/p>\n","protected":false},"excerpt":{"rendered":"<p>Por Esmeralda Vargas\/Zunoticia San Agust\u00edn Metzquititl\u00e1n, Hgo.- En San Agust\u00edn Metzquititl\u00e1n se realiz\u00f3 una reuni\u00f3n de trabajo que congreg\u00f3 a todos los delegados de las comunidades del municipio. El evento cont\u00f3 con la presencia de la Lic. Bertha Miranda Rodr\u00edguez, subsecretaria de Desarrollo Pol\u00edtico del Estado de Hidalgo; el presidente municipal, Lic. Germ\u00e1n Hern\u00e1ndez P\u00e9rez,&hellip; <a class=\"more-link\" href=\"https:\/\/www.zunoticia.com\/noticias-de-hidalgo\/2024\/11\/30\/reunion-de-trabajo-en-san-agustin-metzquititlan-delegados-presentan-necesidades-comunitarias\/\">Seguir leyendo <span class=\"screen-reader-text\">Reuni\u00f3n de trabajo en San Agust\u00edn Metzquititl\u00e1n, delegados presentan necesidades comunitarias<\/span><\/a><\/p>\n","protected":false},"author":20,"featured_media":573864,"comment_status":"open","ping_status":"open","sticky":false,"template":"","format":"standard","meta":{"rop_custom_images_group":[],"rop_custom_messages_group":[],"rop_publish_now":"initial","rop_publish_now_accounts":{"facebook_10159540855086992_322828327761733":""},"rop_publish_now_history":[],"rop_publish_now_status":"pending","footnotes":""},"categories":[443,433],"tags":[300,436],"class_list":["post-573863","post","type-post","status-publish","format-standard","has-post-thumbnail","hentry","category-san-agustin-metzquititlan","category-sierra-alta","tag-san-agustin-metzquititlan","tag-sierra-alta","entry"],"_links":{"self":[{"href":"https:\/\/www.zunoticia.com\/noticias-de-hidalgo\/wp-json\/wp\/v2\/posts\/573863","targetHints":{"allow":["GET"]}}],"collection":[{"href":"https:\/\/www.zunoticia.com\/noticias-de-hidalgo\/wp-json\/wp\/v2\/posts"}],"about":[{"href":"https:\/\/www.zunoticia.com\/noticias-de-hidalgo\/wp-json\/wp\/v2\/types\/post"}],"author":[{"embeddable":true,"href":"https:\/\/www.zunoticia.com\/noticias-de-hidalgo\/wp-json\/wp\/v2\/users\/20"}],"replies":[{"embeddable":true,"href":"https:\/\/www.zunoticia.com\/noticias-de-hidalgo\/wp-json\/wp\/v2\/comments?post=573863"}],"version-history":[{"count":1,"href":"https:\/\/www.zunoticia.com\/noticias-de-hidalgo\/wp-json\/wp\/v2\/posts\/573863\/revisions"}],"predecessor-version":[{"id":573866,"href":"https:\/\/www.zunoticia.com\/noticias-de-hidalgo\/wp-json\/wp\/v2\/posts\/573863\/revisions\/573866"}],"wp:featuredmedia":[{"embeddable":true,"href":"https:\/\/www.zunoticia.com\/noticias-de-hidalgo\/wp-json\/wp\/v2\/media\/573864"}],"wp:attachment":[{"href":"https:\/\/www.zunoticia.com\/noticias-de-hidalgo\/wp-json\/wp\/v2\/media?parent=573863"}],"wp:term":[{"taxonomy":"category","embeddable":true,"href":"https:\/\/www.zunoticia.com\/noticias-de-hidalgo\/wp-json\/wp\/v2\/categories?post=573863"},{"taxonomy":"post_tag","embeddable":true,"href":"https:\/\/www.zunoticia.com\/noticias-de-hidalgo\/wp-json\/wp\/v2\/tags?post=573863"}],"curies":[{"name":"wp","href":"https:\/\/api.w.org\/{rel}","templated":true}]}}