{"id":573907,"date":"2024-11-30T18:53:08","date_gmt":"2024-12-01T00:53:08","guid":{"rendered":"https:\/\/www.zunoticia.com\/noticias-de-hidalgo\/?p=573907"},"modified":"2024-11-30T18:53:09","modified_gmt":"2024-12-01T00:53:09","slug":"camion-mueblero-volco-en-la-mexico-tampico","status":"publish","type":"post","link":"https:\/\/www.zunoticia.com\/noticias-de-hidalgo\/2024\/11\/30\/camion-mueblero-volco-en-la-mexico-tampico\/","title":{"rendered":"Cami\u00f3n mueblero volc\u00f3 en la M\u00e9xico \u2013 Tampico"},"content":{"rendered":"<aside class=\"mashsb-container mashsb-main mashsb-stretched\"><div class=\"mashsb-box\"><div class=\"mashsb-count mash-large\" style=\"float:left\"><div class=\"counts mashsbcount\">0<\/div><span class=\"mashsb-sharetext\">SHARES<\/span><\/div><div class=\"mashsb-buttons\"><a class=\"mashicon-facebook mash-large mash-center mashsb-noshadow\" href=\"https:\/\/www.facebook.com\/sharer.php?u=https%3A%2F%2Fwww.zunoticia.com%2Fnoticias-de-hidalgo%2F2024%2F11%2F30%2Fcamion-mueblero-volco-en-la-mexico-tampico%2F\" target=\"_top\" rel=\"nofollow\"><span class=\"icon\"><\/span><span class=\"text\">Share<\/span><\/a><a class=\"mashicon-twitter mash-large mash-center mashsb-noshadow\" href=\"https:\/\/twitter.com\/intent\/tweet?text=&amp;url=https:\/\/www.zunoticia.com\/noticias-de-hidalgo\/2024\/11\/30\/camion-mueblero-volco-en-la-mexico-tampico\/\" target=\"_top\" rel=\"nofollow\"><span class=\"icon\"><\/span><span class=\"text\">Tweet<\/span><\/a><div class=\"onoffswitch2 mash-large mashsb-noshadow\" style=\"display:none\"><\/div><\/div>\n            <\/div>\n                <div style=\"clear:both\"><\/div><div class=\"mashsb-toggle-container\"><\/div><\/aside>\n            <!-- Share buttons by mashshare.net - Version: 4.0.47-->\n<p><em>Por Jos\u00e9 Luis Romero Ruiz\/Zunoticia<\/em><\/p>\n\n\n\n<p><strong>Huejutla, Hgo<\/strong>.- Un cami\u00f3n que transporta muebles tipo remolque, se volc\u00f3 sobre la carretera federal M\u00e9xico Tampico a la altura de \u201cla Curva del Mono\u201d y termin\u00f3 a un costado de la cinta asf\u00e1ltica en territorio veracruzano.<\/p>\n\n\n\n<p>El s\u00e1bado 30 de noviembre de los corrientes, se report\u00f3 una llamada de auxilio, en donde un cami\u00f3n F350, circulaba sobre el tramo conocido como \u201cla Curva del Mono\u201d dentro del municipio de Chalma, Veracruz, sobre carretera federal M\u00e9xico \u2013 Tampico y termin\u00f3 recostado de lado derecho del veh\u00edculo.<\/p>\n\n\n\n<p>Al lugar acudieron elementos de la Polic\u00eda Municipal de Chalma, Veracruz, para tomar conocimiento del percance automovil\u00edstico y agilizar la vialidad; as\u00ed evitar otro accidente. Se presume que el factor que origin\u00f3 dicho accidente fue el exceso de velocidad, y el desconocimiento del recorrido de la unidad volcada.<\/p>\n\n\n\n<p>La Polic\u00eda Municipal de Chalma, Veracruz, solo report\u00f3 los da\u00f1os materiales; no hubo lesionados por lo que no fue necesario que los param\u00e9dicos del Departamento de Bomberos y Cruz Roja de Huejutla, estuvieran presentes.<\/p>\n\n\n\n<figure class=\"wp-block-image size-full\"><img fetchpriority=\"high\" decoding=\"async\" width=\"933\" height=\"524\" src=\"https:\/\/www.zunoticia.com\/noticias-de-hidalgo\/wp-content\/uploads\/2024\/11\/Zunoticia-Huejutla-1-373.png\" alt=\"\" class=\"wp-image-573909\"\/><\/figure>\n","protected":false},"excerpt":{"rendered":"<p>Por Jos\u00e9 Luis Romero Ruiz\/Zunoticia Huejutla, Hgo.- Un cami\u00f3n que transporta muebles tipo remolque, se volc\u00f3 sobre la carretera federal M\u00e9xico Tampico a la altura de \u201cla Curva del Mono\u201d y termin\u00f3 a un costado de la cinta asf\u00e1ltica en territorio veracruzano. El s\u00e1bado 30 de noviembre de los corrientes, se report\u00f3 una llamada de&hellip; <a class=\"more-link\" href=\"https:\/\/www.zunoticia.com\/noticias-de-hidalgo\/2024\/11\/30\/camion-mueblero-volco-en-la-mexico-tampico\/\">Seguir leyendo <span class=\"screen-reader-text\">Cami\u00f3n mueblero volc\u00f3 en la M\u00e9xico \u2013 Tampico<\/span><\/a><\/p>\n","protected":false},"author":20,"featured_media":573908,"comment_status":"open","ping_status":"open","sticky":false,"template":"","format":"standard","meta":{"rop_custom_images_group":[],"rop_custom_messages_group":[],"rop_publish_now":"initial","rop_publish_now_accounts":{"facebook_10159540855086992_322828327761733":""},"rop_publish_now_history":[],"rop_publish_now_status":"pending","footnotes":""},"categories":[1],"tags":[259],"class_list":["post-573907","post","type-post","status-publish","format-standard","has-post-thumbnail","hentry","category-sin-categoria","tag-policiaca","entry"],"_links":{"self":[{"href":"https:\/\/www.zunoticia.com\/noticias-de-hidalgo\/wp-json\/wp\/v2\/posts\/573907","targetHints":{"allow":["GET"]}}],"collection":[{"href":"https:\/\/www.zunoticia.com\/noticias-de-hidalgo\/wp-json\/wp\/v2\/posts"}],"about":[{"href":"https:\/\/www.zunoticia.com\/noticias-de-hidalgo\/wp-json\/wp\/v2\/types\/post"}],"author":[{"embeddable":true,"href":"https:\/\/www.zunoticia.com\/noticias-de-hidalgo\/wp-json\/wp\/v2\/users\/20"}],"replies":[{"embeddable":true,"href":"https:\/\/www.zunoticia.com\/noticias-de-hidalgo\/wp-json\/wp\/v2\/comments?post=573907"}],"version-history":[{"count":2,"href":"https:\/\/www.zunoticia.com\/noticias-de-hidalgo\/wp-json\/wp\/v2\/posts\/573907\/revisions"}],"predecessor-version":[{"id":573911,"href":"https:\/\/www.zunoticia.com\/noticias-de-hidalgo\/wp-json\/wp\/v2\/posts\/573907\/revisions\/573911"}],"wp:featuredmedia":[{"embeddable":true,"href":"https:\/\/www.zunoticia.com\/noticias-de-hidalgo\/wp-json\/wp\/v2\/media\/573908"}],"wp:attachment":[{"href":"https:\/\/www.zunoticia.com\/noticias-de-hidalgo\/wp-json\/wp\/v2\/media?parent=573907"}],"wp:term":[{"taxonomy":"category","embeddable":true,"href":"https:\/\/www.zunoticia.com\/noticias-de-hidalgo\/wp-json\/wp\/v2\/categories?post=573907"},{"taxonomy":"post_tag","embeddable":true,"href":"https:\/\/www.zunoticia.com\/noticias-de-hidalgo\/wp-json\/wp\/v2\/tags?post=573907"}],"curies":[{"name":"wp","href":"https:\/\/api.w.org\/{rel}","templated":true}]}}