{"id":573932,"date":"2024-12-01T16:32:54","date_gmt":"2024-12-01T22:32:54","guid":{"rendered":"https:\/\/www.zunoticia.com\/noticias-de-hidalgo\/?p=573932"},"modified":"2024-12-01T16:32:55","modified_gmt":"2024-12-01T22:32:55","slug":"conmemoraran-el-dia-de-la-discapacidad","status":"publish","type":"post","link":"https:\/\/www.zunoticia.com\/noticias-de-hidalgo\/2024\/12\/01\/conmemoraran-el-dia-de-la-discapacidad\/","title":{"rendered":"Conmemorar\u00e1n el D\u00eda de la Discapacidad"},"content":{"rendered":"<aside class=\"mashsb-container mashsb-main mashsb-stretched\"><div class=\"mashsb-box\"><div class=\"mashsb-count mash-large\" style=\"float:left\"><div class=\"counts mashsbcount\">0<\/div><span class=\"mashsb-sharetext\">SHARES<\/span><\/div><div class=\"mashsb-buttons\"><a class=\"mashicon-facebook mash-large mash-center mashsb-noshadow\" href=\"https:\/\/www.facebook.com\/sharer.php?u=https%3A%2F%2Fwww.zunoticia.com%2Fnoticias-de-hidalgo%2F2024%2F12%2F01%2Fconmemoraran-el-dia-de-la-discapacidad%2F\" target=\"_top\" rel=\"nofollow\"><span class=\"icon\"><\/span><span class=\"text\">Share<\/span><\/a><a class=\"mashicon-twitter mash-large mash-center mashsb-noshadow\" href=\"https:\/\/twitter.com\/intent\/tweet?text=&amp;url=https:\/\/www.zunoticia.com\/noticias-de-hidalgo\/2024\/12\/01\/conmemoraran-el-dia-de-la-discapacidad\/\" target=\"_top\" rel=\"nofollow\"><span class=\"icon\"><\/span><span class=\"text\">Tweet<\/span><\/a><div class=\"onoffswitch2 mash-large mashsb-noshadow\" style=\"display:none\"><\/div><\/div>\n            <\/div>\n                <div style=\"clear:both\"><\/div><div class=\"mashsb-toggle-container\"><\/div><\/aside>\n            <!-- Share buttons by mashshare.net - Version: 4.0.47-->\n<p><em>Por Karen Rivera\/Zunoticia<\/em><\/p>\n\n\n\n<p><strong>Huejutla de Reyes, Hgo.-<\/strong> El pr\u00f3ximo 3 de diciembre del 2024, a las 8:30 de la ma\u00f1ana, en el Centro de Rehabilitaci\u00f3n Integral Regional de Huejutla, se estar\u00e1 llevando a cabo una rueda de prensa para conmemorar el D\u00eda de la Discapacidad.<\/p>\n\n\n\n<p>Rubicel Hern\u00e1ndez Garc\u00eda, representante de Vida Independiente de M\u00e9xico, mencion\u00f3 que, durante la ma\u00f1ana del domingo sostuvo una reuni\u00f3n con los integrantes de VIM, con la finalidad de no dejar pasar desapercibido el D\u00eda de la Discapacidad, el cual se conmemora el 3 de diciembre.<\/p>\n\n\n\n<p>En punto de las 8:30 de la ma\u00f1ana del martes, en las instalaciones del Centro de Rehabilitaci\u00f3n Integral Regional de Huejutla (CRIRH), se dar\u00e1n cita los integrantes del VIM para llevar a cabo una rueda de prensa con los diferentes medios de comunicaci\u00f3n escritos y digitales, a quienes brindar\u00e1n informaci\u00f3n sobre este tema.<\/p>\n\n\n\n<p>Har\u00e1n lectura de un escrito y brindar\u00e1n testimonios por parte de algunos de los integrantes. <\/p>\n","protected":false},"excerpt":{"rendered":"<p>Por Karen Rivera\/Zunoticia Huejutla de Reyes, Hgo.- El pr\u00f3ximo 3 de diciembre del 2024, a las 8:30 de la ma\u00f1ana, en el Centro de Rehabilitaci\u00f3n Integral Regional de Huejutla, se estar\u00e1 llevando a cabo una rueda de prensa para conmemorar el D\u00eda de la Discapacidad. Rubicel Hern\u00e1ndez Garc\u00eda, representante de Vida Independiente de M\u00e9xico, mencion\u00f3&hellip; <a class=\"more-link\" href=\"https:\/\/www.zunoticia.com\/noticias-de-hidalgo\/2024\/12\/01\/conmemoraran-el-dia-de-la-discapacidad\/\">Seguir leyendo <span class=\"screen-reader-text\">Conmemorar\u00e1n el D\u00eda de la Discapacidad<\/span><\/a><\/p>\n","protected":false},"author":12,"featured_media":573930,"comment_status":"open","ping_status":"open","sticky":false,"template":"","format":"standard","meta":{"rop_custom_images_group":[],"rop_custom_messages_group":[],"rop_publish_now":"initial","rop_publish_now_accounts":{"facebook_10159540855086992_322828327761733":""},"rop_publish_now_history":[],"rop_publish_now_status":"pending","footnotes":""},"categories":[181],"tags":[121],"class_list":["post-573932","post","type-post","status-publish","format-standard","has-post-thumbnail","hentry","category-huejutla","tag-huejutla","entry"],"_links":{"self":[{"href":"https:\/\/www.zunoticia.com\/noticias-de-hidalgo\/wp-json\/wp\/v2\/posts\/573932","targetHints":{"allow":["GET"]}}],"collection":[{"href":"https:\/\/www.zunoticia.com\/noticias-de-hidalgo\/wp-json\/wp\/v2\/posts"}],"about":[{"href":"https:\/\/www.zunoticia.com\/noticias-de-hidalgo\/wp-json\/wp\/v2\/types\/post"}],"author":[{"embeddable":true,"href":"https:\/\/www.zunoticia.com\/noticias-de-hidalgo\/wp-json\/wp\/v2\/users\/12"}],"replies":[{"embeddable":true,"href":"https:\/\/www.zunoticia.com\/noticias-de-hidalgo\/wp-json\/wp\/v2\/comments?post=573932"}],"version-history":[{"count":1,"href":"https:\/\/www.zunoticia.com\/noticias-de-hidalgo\/wp-json\/wp\/v2\/posts\/573932\/revisions"}],"predecessor-version":[{"id":573938,"href":"https:\/\/www.zunoticia.com\/noticias-de-hidalgo\/wp-json\/wp\/v2\/posts\/573932\/revisions\/573938"}],"wp:featuredmedia":[{"embeddable":true,"href":"https:\/\/www.zunoticia.com\/noticias-de-hidalgo\/wp-json\/wp\/v2\/media\/573930"}],"wp:attachment":[{"href":"https:\/\/www.zunoticia.com\/noticias-de-hidalgo\/wp-json\/wp\/v2\/media?parent=573932"}],"wp:term":[{"taxonomy":"category","embeddable":true,"href":"https:\/\/www.zunoticia.com\/noticias-de-hidalgo\/wp-json\/wp\/v2\/categories?post=573932"},{"taxonomy":"post_tag","embeddable":true,"href":"https:\/\/www.zunoticia.com\/noticias-de-hidalgo\/wp-json\/wp\/v2\/tags?post=573932"}],"curies":[{"name":"wp","href":"https:\/\/api.w.org\/{rel}","templated":true}]}}