{"id":573940,"date":"2024-12-01T16:46:38","date_gmt":"2024-12-01T22:46:38","guid":{"rendered":"https:\/\/www.zunoticia.com\/noticias-de-hidalgo\/?p=573940"},"modified":"2024-12-01T16:46:40","modified_gmt":"2024-12-01T22:46:40","slug":"brindaron-culto-al-relicario-de-san-judas-tadeo-en-la-diocesis-de-huejutla","status":"publish","type":"post","link":"https:\/\/www.zunoticia.com\/noticias-de-hidalgo\/2024\/12\/01\/brindaron-culto-al-relicario-de-san-judas-tadeo-en-la-diocesis-de-huejutla\/","title":{"rendered":"Brindaron culto al Relicario de San Judas Tadeo en la Di\u00f3cesis de Huejutla"},"content":{"rendered":"<aside class=\"mashsb-container mashsb-main mashsb-stretched\"><div class=\"mashsb-box\"><div class=\"mashsb-count mash-large\" style=\"float:left\"><div class=\"counts mashsbcount\">0<\/div><span class=\"mashsb-sharetext\">SHARES<\/span><\/div><div class=\"mashsb-buttons\"><a class=\"mashicon-facebook mash-large mash-center mashsb-noshadow\" href=\"https:\/\/www.facebook.com\/sharer.php?u=https%3A%2F%2Fwww.zunoticia.com%2Fnoticias-de-hidalgo%2F2024%2F12%2F01%2Fbrindaron-culto-al-relicario-de-san-judas-tadeo-en-la-diocesis-de-huejutla%2F\" target=\"_top\" rel=\"nofollow\"><span class=\"icon\"><\/span><span class=\"text\">Share<\/span><\/a><a class=\"mashicon-twitter mash-large mash-center mashsb-noshadow\" href=\"https:\/\/twitter.com\/intent\/tweet?text=&amp;url=https:\/\/www.zunoticia.com\/noticias-de-hidalgo\/2024\/12\/01\/brindaron-culto-al-relicario-de-san-judas-tadeo-en-la-diocesis-de-huejutla\/\" target=\"_top\" rel=\"nofollow\"><span class=\"icon\"><\/span><span class=\"text\">Tweet<\/span><\/a><div class=\"onoffswitch2 mash-large mashsb-noshadow\" style=\"display:none\"><\/div><\/div>\n            <\/div>\n                <div style=\"clear:both\"><\/div><div class=\"mashsb-toggle-container\"><\/div><\/aside>\n            <!-- Share buttons by mashshare.net - Version: 4.0.47-->\n<p><em>Por Karen Rivera\/Zunoticia<\/em><\/p>\n\n\n\n<p><strong>Huejutla de Reyes, Hgo.-<\/strong> La devoci\u00f3n hacia San Judas Tadeo sigue siendo un llamado de fe para millones de mexicanos, recientemente, la veneraci\u00f3n de la reliquia del brazo de San Judas Tadeo ha causado gran fervor en diferentes di\u00f3cesis del pa\u00eds, al ser una oportunidad \u00fanica para los fieles de rendir homenaje a esta pieza sagrada.<\/p>\n\n\n\n<p>La historia de esta visita comenz\u00f3 cuando se gestion\u00f3 ante el vicario de Roma, Su Eminencia \u00c1ngelo Cardenal de Donatis, Vicario General de la Di\u00f3cesis de Roma y la Congregaci\u00f3n para las Causas de los Santos, la posibilidad de que la reliquia de San Judas Tadeo pudiera viajar a M\u00e9xico.<\/p>\n\n\n\n<p>A trav\u00e9s de este esfuerzo se obtuvo el permiso necesario para que la reliquia, que se venera desde tiempos memoriales en la Bas\u00edlica de Salvatore in Lauro en Roma, fuera trasladada a suelo mexicano.<\/p>\n\n\n\n<p>El pasado 29 de julio de 2024, la reliquia lleg\u00f3 a nuestro pa\u00eds, marcando el inicio de un recorrido que ha tocado ya 24 di\u00f3cesis, en el que m\u00e1s de 50 millones de personas han tenido la oportunidad de venerarla.<\/p>\n\n\n\n<p>Este evento ha sido un acontecimiento espiritual significativo que ha reunido a miles de fieles, ansiosos por rendir homenaje a San Judas Tadeo, considerado el santo de las causas dif\u00edciles.<\/p>\n\n\n\n<p>Dada la extraordinaria devoci\u00f3n que los mexicanos sienten por este santo, la Santa Sede, reconociendo el fervor popular, ha autorizado una extensi\u00f3n de la visita, por lo que la reliquia continuar\u00e1 su recorrido por la Rep\u00fablica Mexicana hasta los primeros meses del 2025, permitiendo que m\u00e1s personas puedan experimentar esta bendici\u00f3n.<\/p>\n\n\n\n<figure class=\"wp-block-image size-full\"><img fetchpriority=\"high\" decoding=\"async\" width=\"1280\" height=\"960\" src=\"https:\/\/www.zunoticia.com\/noticias-de-hidalgo\/wp-content\/uploads\/2024\/12\/eZy-Watermark_01-12-2024_04-03-41-7930p.m.jpg\" alt=\"\" class=\"wp-image-573934\"\/><\/figure>\n\n\n\n<p>Uno de los momentos recientes m\u00e1s destacados tuvo lugar el pasado s\u00e1bado 30 de noviembre, cuando se celebr\u00f3 una misa de veneraci\u00f3n en la Parroquia de Nuestra Se\u00f1ora de Guadalupe, en Huejutla de Reyes, a las 6:00 de la tarde.<\/p>\n\n\n\n<p>Este acto de fe congreg\u00f3 a numerosos devotos que pudieron rendir tributo a San Judas Tadeo, solicitando su intercesi\u00f3n, sin embargo, el recorrido de la reliquia no termin\u00f3 ah\u00ed, ya que este domingo 1 de diciembre, se realiz\u00f3 una visita a la Parroquia de San Felipe de Jes\u00fas en Orizatl\u00e1n y posteriormente continuar\u00e1 en la Iglesia de San Pedro Ap\u00f3stol en Chapulhuac\u00e1n. La devoci\u00f3n popular por este santo sigue creciendo y los fieles contin\u00faan llenando los templos a su paso por las comunidades.<\/p>\n\n\n\n<figure class=\"wp-block-image size-full\"><img decoding=\"async\" width=\"1280\" height=\"721\" src=\"https:\/\/www.zunoticia.com\/noticias-de-hidalgo\/wp-content\/uploads\/2024\/12\/eZy-Watermark_01-12-2024_04-03-24-3580p.m.jpg\" alt=\"\" class=\"wp-image-573936\"\/><\/figure>\n\n\n\n<p>Este acontecimiento se ha convertido en un recordatorio de la fe que une y de c\u00f3mo la devoci\u00f3n a los santos sigue siendo un motor espiritual que moviliza a miles de creyentes en todo el pa\u00eds.<\/p>\n","protected":false},"excerpt":{"rendered":"<p>Por Karen Rivera\/Zunoticia Huejutla de Reyes, Hgo.- La devoci\u00f3n hacia San Judas Tadeo sigue siendo un llamado de fe para millones de mexicanos, recientemente, la veneraci\u00f3n de la reliquia del brazo de San Judas Tadeo ha causado gran fervor en diferentes di\u00f3cesis del pa\u00eds, al ser una oportunidad \u00fanica para los fieles de rendir homenaje&hellip; <a class=\"more-link\" href=\"https:\/\/www.zunoticia.com\/noticias-de-hidalgo\/2024\/12\/01\/brindaron-culto-al-relicario-de-san-judas-tadeo-en-la-diocesis-de-huejutla\/\">Seguir leyendo <span class=\"screen-reader-text\">Brindaron culto al Relicario de San Judas Tadeo en la Di\u00f3cesis de Huejutla<\/span><\/a><\/p>\n","protected":false},"author":12,"featured_media":573935,"comment_status":"open","ping_status":"open","sticky":false,"template":"","format":"standard","meta":{"rop_custom_images_group":[],"rop_custom_messages_group":[],"rop_publish_now":"initial","rop_publish_now_accounts":{"facebook_10159540855086992_322828327761733":""},"rop_publish_now_history":[],"rop_publish_now_status":"pending","footnotes":""},"categories":[181],"tags":[121],"class_list":["post-573940","post","type-post","status-publish","format-standard","has-post-thumbnail","hentry","category-huejutla","tag-huejutla","entry"],"_links":{"self":[{"href":"https:\/\/www.zunoticia.com\/noticias-de-hidalgo\/wp-json\/wp\/v2\/posts\/573940","targetHints":{"allow":["GET"]}}],"collection":[{"href":"https:\/\/www.zunoticia.com\/noticias-de-hidalgo\/wp-json\/wp\/v2\/posts"}],"about":[{"href":"https:\/\/www.zunoticia.com\/noticias-de-hidalgo\/wp-json\/wp\/v2\/types\/post"}],"author":[{"embeddable":true,"href":"https:\/\/www.zunoticia.com\/noticias-de-hidalgo\/wp-json\/wp\/v2\/users\/12"}],"replies":[{"embeddable":true,"href":"https:\/\/www.zunoticia.com\/noticias-de-hidalgo\/wp-json\/wp\/v2\/comments?post=573940"}],"version-history":[{"count":1,"href":"https:\/\/www.zunoticia.com\/noticias-de-hidalgo\/wp-json\/wp\/v2\/posts\/573940\/revisions"}],"predecessor-version":[{"id":573941,"href":"https:\/\/www.zunoticia.com\/noticias-de-hidalgo\/wp-json\/wp\/v2\/posts\/573940\/revisions\/573941"}],"wp:featuredmedia":[{"embeddable":true,"href":"https:\/\/www.zunoticia.com\/noticias-de-hidalgo\/wp-json\/wp\/v2\/media\/573935"}],"wp:attachment":[{"href":"https:\/\/www.zunoticia.com\/noticias-de-hidalgo\/wp-json\/wp\/v2\/media?parent=573940"}],"wp:term":[{"taxonomy":"category","embeddable":true,"href":"https:\/\/www.zunoticia.com\/noticias-de-hidalgo\/wp-json\/wp\/v2\/categories?post=573940"},{"taxonomy":"post_tag","embeddable":true,"href":"https:\/\/www.zunoticia.com\/noticias-de-hidalgo\/wp-json\/wp\/v2\/tags?post=573940"}],"curies":[{"name":"wp","href":"https:\/\/api.w.org\/{rel}","templated":true}]}}