{"id":573995,"date":"2024-12-01T19:15:10","date_gmt":"2024-12-02T01:15:10","guid":{"rendered":"https:\/\/www.zunoticia.com\/noticias-de-hidalgo\/?p=573995"},"modified":"2024-12-01T19:15:12","modified_gmt":"2024-12-02T01:15:12","slug":"sebiso-invita-a-tercera-feria-estatal-de-inclusion","status":"publish","type":"post","link":"https:\/\/www.zunoticia.com\/noticias-de-hidalgo\/2024\/12\/01\/sebiso-invita-a-tercera-feria-estatal-de-inclusion\/","title":{"rendered":"Sebiso invita a Tercera Feria Estatal de Inclusi\u00f3n"},"content":{"rendered":"<aside class=\"mashsb-container mashsb-main mashsb-stretched\"><div class=\"mashsb-box\"><div class=\"mashsb-count mash-large\" style=\"float:left\"><div class=\"counts mashsbcount\">0<\/div><span class=\"mashsb-sharetext\">SHARES<\/span><\/div><div class=\"mashsb-buttons\"><a class=\"mashicon-facebook mash-large mash-center mashsb-noshadow\" href=\"https:\/\/www.facebook.com\/sharer.php?u=https%3A%2F%2Fwww.zunoticia.com%2Fnoticias-de-hidalgo%2F2024%2F12%2F01%2Fsebiso-invita-a-tercera-feria-estatal-de-inclusion%2F\" target=\"_top\" rel=\"nofollow\"><span class=\"icon\"><\/span><span class=\"text\">Share<\/span><\/a><a class=\"mashicon-twitter mash-large mash-center mashsb-noshadow\" href=\"https:\/\/twitter.com\/intent\/tweet?text=&amp;url=https:\/\/www.zunoticia.com\/noticias-de-hidalgo\/2024\/12\/01\/sebiso-invita-a-tercera-feria-estatal-de-inclusion\/\" target=\"_top\" rel=\"nofollow\"><span class=\"icon\"><\/span><span class=\"text\">Tweet<\/span><\/a><div class=\"onoffswitch2 mash-large mashsb-noshadow\" style=\"display:none\"><\/div><\/div>\n            <\/div>\n                <div style=\"clear:both\"><\/div><div class=\"mashsb-toggle-container\"><\/div><\/aside>\n            <!-- Share buttons by mashshare.net - Version: 4.0.47-->\n<ul class=\"wp-block-list\">\n<li>Habr\u00e1 actividades culturales, deportivas, l\u00fadicas, de servicios e informativas.<\/li>\n<\/ul>\n\n\n\n<p><em>Por Redacci\u00f3n\/Zunoticia<\/em><\/p>\n\n\n\n<p><strong>Pachuca de Soto, Hgo<\/strong><strong>.-<\/strong> Con la visi\u00f3n de lograr un Hidalgo m\u00e1s justo e igualitario en el que toda la gente sea tomada en cuenta, se invita a la poblaci\u00f3n a ser parte de la Tercera Feria Estatal de Inclusi\u00f3n de, con y para las Personas con Discapacidad, que organiza la Secretar\u00eda de Bienestar e Inclusi\u00f3n Social (SEBISO) los d\u00edas 8 y 9 de diciembre.<\/p>\n\n\n\n<p>El objetivo es intercambiar experiencias entre las personas con discapacidad, familiares y especialistas en este tema, as\u00ed como participar en las actividades culturales, deportivas, l\u00fadicas, de servicios e informativas.<\/p>\n\n\n\n<p>El evento denominado &#8220;La inclusi\u00f3n tambi\u00e9n es arte, cultura y diversi\u00f3n&#8221;, se llevar\u00e1 a cabo en las instalaciones del Instituto Tecnol\u00f3gico de Pachuca, de 10:00 a 16:00 horas el pr\u00f3ximo domingo y de 9:00 a 17:00 horas el lunes.<\/p>\n\n\n\n<p>Como parte de la visi\u00f3n y las pol\u00edticas p\u00fablicas del gobierno estatal, es que desde la Sebiso se impulsan acciones para atender a la poblaci\u00f3n que vive con alguna de las cinco discapacidades, como son: psicosocial, intelectual, visual, auditiva, motriz.<\/p>\n\n\n\n<figure class=\"wp-block-image size-full\"><img fetchpriority=\"high\" decoding=\"async\" width=\"1170\" height=\"780\" src=\"https:\/\/www.zunoticia.com\/noticias-de-hidalgo\/wp-content\/uploads\/2024\/12\/eZy-Watermark_01-12-2024_06-45-15-5110p.m.jpg\" alt=\"\" class=\"wp-image-573960\"\/><\/figure>\n\n\n\n<p>Con esto se busca involucrar a los diferentes sectores de la poblaci\u00f3n a compartir diversas experiencias en la atenci\u00f3n y apoyo a las personas con discapacidad, a fin de garantizar el pleno respeto de los derechos humanos de todas y todos los hidalguenses.<\/p>\n\n\n\n<p>El titular de la Direcci\u00f3n General de Inclusi\u00f3n para las Personas con Discapacidad, Alfonso Hayyim Flores Barrera, invit\u00f3 a la poblaci\u00f3n de todas las edades a participar en esta actividad, recordando que ah\u00ed encontrar\u00e1n organizaciones civiles, instituciones p\u00fablicas y especialistas que podr\u00e1n orientarles y acompa\u00f1arles.<\/p>\n\n\n\n<p>Convoc\u00f3 a las personas del sector que quieran participar activamente en esta feria, a que se comuniquen al tel\u00e9fono 771 71 76000, extensi\u00f3n 8563, sobre todo si eres persona con discapacidad e interact\u00faas en las categor\u00edas de danza, pintura, m\u00fasica, teatro, escultura, fotograf\u00eda y literatura.<\/p>\n\n\n\n<p>Finalmente record\u00f3 que se trabaja en los 84 municipios en coordinaci\u00f3n con los representantes en los cabildos municipales para dar la atenci\u00f3n y asesor\u00eda necesaria en el tema de la Inclusi\u00f3n y apoyo a personas con discapacidad.<\/p>\n","protected":false},"excerpt":{"rendered":"<p>Por Redacci\u00f3n\/Zunoticia Pachuca de Soto, Hgo.- Con la visi\u00f3n de lograr un Hidalgo m\u00e1s justo e igualitario en el que toda la gente sea tomada en cuenta, se invita a la poblaci\u00f3n a ser parte de la Tercera Feria Estatal de Inclusi\u00f3n de, con y para las Personas con Discapacidad, que organiza la Secretar\u00eda de&hellip; <a class=\"more-link\" href=\"https:\/\/www.zunoticia.com\/noticias-de-hidalgo\/2024\/12\/01\/sebiso-invita-a-tercera-feria-estatal-de-inclusion\/\">Seguir leyendo <span class=\"screen-reader-text\">Sebiso invita a Tercera Feria Estatal de Inclusi\u00f3n<\/span><\/a><\/p>\n","protected":false},"author":12,"featured_media":573959,"comment_status":"open","ping_status":"open","sticky":false,"template":"","format":"standard","meta":{"rop_custom_images_group":[],"rop_custom_messages_group":[],"rop_publish_now":"initial","rop_publish_now_accounts":{"facebook_10159540855086992_322828327761733":""},"rop_publish_now_history":[],"rop_publish_now_status":"pending","footnotes":""},"categories":[208],"tags":[214],"class_list":["post-573995","post","type-post","status-publish","format-standard","has-post-thumbnail","hentry","category-estado","tag-estado","entry"],"_links":{"self":[{"href":"https:\/\/www.zunoticia.com\/noticias-de-hidalgo\/wp-json\/wp\/v2\/posts\/573995","targetHints":{"allow":["GET"]}}],"collection":[{"href":"https:\/\/www.zunoticia.com\/noticias-de-hidalgo\/wp-json\/wp\/v2\/posts"}],"about":[{"href":"https:\/\/www.zunoticia.com\/noticias-de-hidalgo\/wp-json\/wp\/v2\/types\/post"}],"author":[{"embeddable":true,"href":"https:\/\/www.zunoticia.com\/noticias-de-hidalgo\/wp-json\/wp\/v2\/users\/12"}],"replies":[{"embeddable":true,"href":"https:\/\/www.zunoticia.com\/noticias-de-hidalgo\/wp-json\/wp\/v2\/comments?post=573995"}],"version-history":[{"count":1,"href":"https:\/\/www.zunoticia.com\/noticias-de-hidalgo\/wp-json\/wp\/v2\/posts\/573995\/revisions"}],"predecessor-version":[{"id":573998,"href":"https:\/\/www.zunoticia.com\/noticias-de-hidalgo\/wp-json\/wp\/v2\/posts\/573995\/revisions\/573998"}],"wp:featuredmedia":[{"embeddable":true,"href":"https:\/\/www.zunoticia.com\/noticias-de-hidalgo\/wp-json\/wp\/v2\/media\/573959"}],"wp:attachment":[{"href":"https:\/\/www.zunoticia.com\/noticias-de-hidalgo\/wp-json\/wp\/v2\/media?parent=573995"}],"wp:term":[{"taxonomy":"category","embeddable":true,"href":"https:\/\/www.zunoticia.com\/noticias-de-hidalgo\/wp-json\/wp\/v2\/categories?post=573995"},{"taxonomy":"post_tag","embeddable":true,"href":"https:\/\/www.zunoticia.com\/noticias-de-hidalgo\/wp-json\/wp\/v2\/tags?post=573995"}],"curies":[{"name":"wp","href":"https:\/\/api.w.org\/{rel}","templated":true}]}}