{"id":574006,"date":"2024-12-01T19:25:39","date_gmt":"2024-12-02T01:25:39","guid":{"rendered":"https:\/\/www.zunoticia.com\/noticias-de-hidalgo\/?p=574006"},"modified":"2024-12-01T19:25:41","modified_gmt":"2024-12-02T01:25:41","slug":"capacita-oei-en-educacion-socioemocional-a-personal-educativo-de-hidalgo","status":"publish","type":"post","link":"https:\/\/www.zunoticia.com\/noticias-de-hidalgo\/2024\/12\/01\/capacita-oei-en-educacion-socioemocional-a-personal-educativo-de-hidalgo\/","title":{"rendered":"Capacita OEI en educaci\u00f3n socioemocional a personal educativo de Hidalgo"},"content":{"rendered":"<aside class=\"mashsb-container mashsb-main mashsb-stretched\"><div class=\"mashsb-box\"><div class=\"mashsb-count mash-large\" style=\"float:left\"><div class=\"counts mashsbcount\">0<\/div><span class=\"mashsb-sharetext\">SHARES<\/span><\/div><div class=\"mashsb-buttons\"><a class=\"mashicon-facebook mash-large mash-center mashsb-noshadow\" href=\"https:\/\/www.facebook.com\/sharer.php?u=https%3A%2F%2Fwww.zunoticia.com%2Fnoticias-de-hidalgo%2F2024%2F12%2F01%2Fcapacita-oei-en-educacion-socioemocional-a-personal-educativo-de-hidalgo%2F\" target=\"_top\" rel=\"nofollow\"><span class=\"icon\"><\/span><span class=\"text\">Share<\/span><\/a><a class=\"mashicon-twitter mash-large mash-center mashsb-noshadow\" href=\"https:\/\/twitter.com\/intent\/tweet?text=&amp;url=https:\/\/www.zunoticia.com\/noticias-de-hidalgo\/2024\/12\/01\/capacita-oei-en-educacion-socioemocional-a-personal-educativo-de-hidalgo\/\" target=\"_top\" rel=\"nofollow\"><span class=\"icon\"><\/span><span class=\"text\">Tweet<\/span><\/a><div class=\"onoffswitch2 mash-large mashsb-noshadow\" style=\"display:none\"><\/div><\/div>\n            <\/div>\n                <div style=\"clear:both\"><\/div><div class=\"mashsb-toggle-container\"><\/div><\/aside>\n            <!-- Share buttons by mashshare.net - Version: 4.0.47-->\n<p><em>Por Redacci\u00f3n\/Zunoticia<\/em><\/p>\n\n\n\n<p><strong>Pachuca de Soto, Hgo<\/strong><strong>.-<\/strong> El Instituto Hidalguense de Educaci\u00f3n (IHE) llev\u00f3 a cabo el cierre de la formaci\u00f3n iniciada en el mes de junio por parte de la Organizaci\u00f3n de Estados Iberoamericanos para la Educaci\u00f3n, la Ciencia y la Cultura (OEI) en relaci\u00f3n con el dominio y aplicaci\u00f3n de la educaci\u00f3n socioemocional en las escuelas de educaci\u00f3n b\u00e1sica.<\/p>\n\n\n\n<p>El objetivo de esta formaci\u00f3n fue contribuir en el desarrollo y fortalecimiento de competencias y habilidades emocionales de las y los docentes, figuras educativas y autoridades de educaci\u00f3n b\u00e1sica del estado Hidalgo, a trav\u00e9s de su formaci\u00f3n y capacitaci\u00f3n.<\/p>\n\n\n\n<p>Este esfuerzo contribuye a generar ambientes positivos para el aprendizaje, impactando de manera significativa en el desarrollo integral de estudiantes y docentes, instrucci\u00f3n del gobernador Julio Menchaca Salazar y del titular del IHE, Natividad Castrej\u00f3n Valdez.<\/p>\n\n\n\n<p>Dicha capacitaci\u00f3n surgi\u00f3 como resultado de la visita a Hidalgo del reconocido especialista en educaci\u00f3n socioemocional, Rafael Bisquerra Alzina, quien brind\u00f3 una conferencia en la materia a figuras educativas y posteriormente se concert\u00f3 una formaci\u00f3n masiva para este a\u00f1o, la cual ha sido llevada a cabo con gran \u00e9xito.<\/p>\n\n\n\n<p>Esta formaci\u00f3n fue realizada en conjunto con la Direcci\u00f3n General de Educaci\u00f3n B\u00e1sica, a cargo de Nancy Adriana Le\u00f3n Vite y fue socializada a todos los niveles y modalidades de educaci\u00f3n b\u00e1sica.<\/p>\n\n\n\n<figure class=\"wp-block-image size-full\"><img fetchpriority=\"high\" decoding=\"async\" width=\"960\" height=\"641\" src=\"https:\/\/www.zunoticia.com\/noticias-de-hidalgo\/wp-content\/uploads\/2024\/12\/eZy-Watermark_01-12-2024_06-42-54-3900p.m.jpg\" alt=\"\" class=\"wp-image-573967\"\/><\/figure>\n\n\n\n<p>Con estas acciones se fortalecen las competencias sociales y emocionales de docentes y autoridades educativas, fomentando entornos de empat\u00eda, cuidado mutuo y respeto en las comunidades escolares.<\/p>\n\n\n\n<p>En el evento estuvieron presentes: la subsecretaria de Planeaci\u00f3n y Evaluaci\u00f3n, X\u00f3chitl Beatriz Garc\u00eda Curiel; la titular de la Unidad Institucional para la Igualdad entre Mujeres y Hombres, Mar\u00eda Teresa Andrade Ram\u00edrez; el titular de la Unidad de Coordinaci\u00f3n Acad\u00e9mica y Vinculaci\u00f3n, Fernando Cuatepotzo Costeira.<\/p>\n\n\n\n<p>Tambi\u00e9n acudieron los directores generales de: Acompa\u00f1amiento Socioemocional y Educativo, Samuel Nava Alc\u00e1ntara; Servicios Regionales, Josefina Serrano Bautista; Desarrollo Curricular, Mar\u00eda del Rosario Ram\u00edrez Hern\u00e1ndez; Mejora de la Pol\u00edtica Educativa, Iv\u00e1n Enrique Ram\u00edrez Alc\u00e1zar y de Evaluaci\u00f3n, Selene Mu\u00f1oz Ortega, entre otros funcionarios. &nbsp;<\/p>\n\n\n\n<p><\/p>\n","protected":false},"excerpt":{"rendered":"<p>Por Redacci\u00f3n\/Zunoticia Pachuca de Soto, Hgo.- El Instituto Hidalguense de Educaci\u00f3n (IHE) llev\u00f3 a cabo el cierre de la formaci\u00f3n iniciada en el mes de junio por parte de la Organizaci\u00f3n de Estados Iberoamericanos para la Educaci\u00f3n, la Ciencia y la Cultura (OEI) en relaci\u00f3n con el dominio y aplicaci\u00f3n de la educaci\u00f3n socioemocional en&hellip; <a class=\"more-link\" href=\"https:\/\/www.zunoticia.com\/noticias-de-hidalgo\/2024\/12\/01\/capacita-oei-en-educacion-socioemocional-a-personal-educativo-de-hidalgo\/\">Seguir leyendo <span class=\"screen-reader-text\">Capacita OEI en educaci\u00f3n socioemocional a personal educativo de Hidalgo<\/span><\/a><\/p>\n","protected":false},"author":12,"featured_media":573966,"comment_status":"open","ping_status":"open","sticky":false,"template":"","format":"standard","meta":{"rop_custom_images_group":[],"rop_custom_messages_group":[],"rop_publish_now":"initial","rop_publish_now_accounts":{"facebook_10159540855086992_322828327761733":""},"rop_publish_now_history":[],"rop_publish_now_status":"pending","footnotes":""},"categories":[208],"tags":[214],"class_list":["post-574006","post","type-post","status-publish","format-standard","has-post-thumbnail","hentry","category-estado","tag-estado","entry"],"_links":{"self":[{"href":"https:\/\/www.zunoticia.com\/noticias-de-hidalgo\/wp-json\/wp\/v2\/posts\/574006","targetHints":{"allow":["GET"]}}],"collection":[{"href":"https:\/\/www.zunoticia.com\/noticias-de-hidalgo\/wp-json\/wp\/v2\/posts"}],"about":[{"href":"https:\/\/www.zunoticia.com\/noticias-de-hidalgo\/wp-json\/wp\/v2\/types\/post"}],"author":[{"embeddable":true,"href":"https:\/\/www.zunoticia.com\/noticias-de-hidalgo\/wp-json\/wp\/v2\/users\/12"}],"replies":[{"embeddable":true,"href":"https:\/\/www.zunoticia.com\/noticias-de-hidalgo\/wp-json\/wp\/v2\/comments?post=574006"}],"version-history":[{"count":1,"href":"https:\/\/www.zunoticia.com\/noticias-de-hidalgo\/wp-json\/wp\/v2\/posts\/574006\/revisions"}],"predecessor-version":[{"id":574008,"href":"https:\/\/www.zunoticia.com\/noticias-de-hidalgo\/wp-json\/wp\/v2\/posts\/574006\/revisions\/574008"}],"wp:featuredmedia":[{"embeddable":true,"href":"https:\/\/www.zunoticia.com\/noticias-de-hidalgo\/wp-json\/wp\/v2\/media\/573966"}],"wp:attachment":[{"href":"https:\/\/www.zunoticia.com\/noticias-de-hidalgo\/wp-json\/wp\/v2\/media?parent=574006"}],"wp:term":[{"taxonomy":"category","embeddable":true,"href":"https:\/\/www.zunoticia.com\/noticias-de-hidalgo\/wp-json\/wp\/v2\/categories?post=574006"},{"taxonomy":"post_tag","embeddable":true,"href":"https:\/\/www.zunoticia.com\/noticias-de-hidalgo\/wp-json\/wp\/v2\/tags?post=574006"}],"curies":[{"name":"wp","href":"https:\/\/api.w.org\/{rel}","templated":true}]}}