{"id":574016,"date":"2024-12-01T20:05:13","date_gmt":"2024-12-02T02:05:13","guid":{"rendered":"https:\/\/www.zunoticia.com\/noticias-de-hidalgo\/?p=574016"},"modified":"2024-12-01T20:05:15","modified_gmt":"2024-12-02T02:05:15","slug":"conmemoran-el-dia-mundial-de-la-lucha-contra-el-sida","status":"publish","type":"post","link":"https:\/\/www.zunoticia.com\/noticias-de-hidalgo\/2024\/12\/01\/conmemoran-el-dia-mundial-de-la-lucha-contra-el-sida\/","title":{"rendered":"Conmemoran el D\u00eda Mundial de la lucha contra el Sida"},"content":{"rendered":"<aside class=\"mashsb-container mashsb-main mashsb-stretched\"><div class=\"mashsb-box\"><div class=\"mashsb-count mash-large\" style=\"float:left\"><div class=\"counts mashsbcount\">0<\/div><span class=\"mashsb-sharetext\">SHARES<\/span><\/div><div class=\"mashsb-buttons\"><a class=\"mashicon-facebook mash-large mash-center mashsb-noshadow\" href=\"https:\/\/www.facebook.com\/sharer.php?u=https%3A%2F%2Fwww.zunoticia.com%2Fnoticias-de-hidalgo%2F2024%2F12%2F01%2Fconmemoran-el-dia-mundial-de-la-lucha-contra-el-sida%2F\" target=\"_top\" rel=\"nofollow\"><span class=\"icon\"><\/span><span class=\"text\">Share<\/span><\/a><a class=\"mashicon-twitter mash-large mash-center mashsb-noshadow\" href=\"https:\/\/twitter.com\/intent\/tweet?text=&amp;url=https:\/\/www.zunoticia.com\/noticias-de-hidalgo\/2024\/12\/01\/conmemoran-el-dia-mundial-de-la-lucha-contra-el-sida\/\" target=\"_top\" rel=\"nofollow\"><span class=\"icon\"><\/span><span class=\"text\">Tweet<\/span><\/a><div class=\"onoffswitch2 mash-large mashsb-noshadow\" style=\"display:none\"><\/div><\/div>\n            <\/div>\n                <div style=\"clear:both\"><\/div><div class=\"mashsb-toggle-container\"><\/div><\/aside>\n            <!-- Share buttons by mashshare.net - Version: 4.0.47-->\n<p><a><em>Por Gabriela Hern\u00e1ndez\/Zunoticia<\/em><\/a><\/p>\n\n\n\n<p><strong>Jaltoc\u00e1n, Hgo.-<\/strong> El 1 de diciembre se conmemora el D\u00eda Mundial del Sida y el Seguro Social mantiene una campa\u00f1a permanente para fortalecer la cultura de la prevenci\u00f3n.<\/p>\n\n\n\n<p>En el marco del D\u00eda Mundial del sida (s\u00edndrome de inmunodeficiencia adquirida), este 1 de diciembre el Instituto Mexicano del Seguro Social (IMSS) de Jaltoc\u00e1n reitera su compromiso con la salud de la poblaci\u00f3n derechohabiente que vive con el Virus de Inmunodeficiencia Humana (VIH) y fortalece las acciones de prevenci\u00f3n para disminuir los casos y complicaciones por este padecimiento.<\/p>\n\n\n\n<p>El director de la unidad m\u00e9dica, Christian Garc\u00eda, explic\u00f3 que, en cumplimiento al compromiso de prevenir los casos por este virus, el IMSS entrega condones femeninos, realiza platicas de infecciones de transmisi\u00f3n sexual y embarazos en adolescentes etc., en instituciones educativas, as\u00ed como en la unidad m\u00e9dica.<\/p>\n\n\n\n<p>Subray\u00f3 que, el IMSS mantiene una campa\u00f1a permanente para fortalecer la cultura de la prevenci\u00f3n entre su poblaci\u00f3n afiliada, principalmente en el primer nivel de atenci\u00f3n, donde se les invita a realizarse la prueba para conocer si tienen la infecci\u00f3n y de ser el caso, iniciar tratamiento de inmediato para evitar complicaciones o desarrollar sida.<\/p>\n\n\n\n<p>Aunado a esto, dijo que, entre los factores que incrementan la probabilidad de adquirir la infecci\u00f3n se encuentran tener encuentros sexuales sin cond\u00f3n, compartir agujas u otros objetos intravenosos, ser pareja sexual de una persona con VIH en tratamiento antirretroviral sin supresi\u00f3n virol\u00f3gica o con desconocimiento, entre otros.<\/p>\n\n\n\n<p>Finalmente exhorta a la poblaci\u00f3n derechohabiente a incorporar h\u00e1bitos saludables como una dieta balanceada, disminuir el consumo de tabaco y alcohol, evitar uso de drogas, dormir bien, realizar ejercicio diariamente, as\u00ed como asistir a la unidad para asesor\u00eda y acciones necesarias para&nbsp;resolver&nbsp;dudas.<\/p>\n","protected":false},"excerpt":{"rendered":"<p>Por Gabriela Hern\u00e1ndez\/Zunoticia Jaltoc\u00e1n, Hgo.- El 1 de diciembre se conmemora el D\u00eda Mundial del Sida y el Seguro Social mantiene una campa\u00f1a permanente para fortalecer la cultura de la prevenci\u00f3n. En el marco del D\u00eda Mundial del sida (s\u00edndrome de inmunodeficiencia adquirida), este 1 de diciembre el Instituto Mexicano del Seguro Social (IMSS) de&hellip; <a class=\"more-link\" href=\"https:\/\/www.zunoticia.com\/noticias-de-hidalgo\/2024\/12\/01\/conmemoran-el-dia-mundial-de-la-lucha-contra-el-sida\/\">Seguir leyendo <span class=\"screen-reader-text\">Conmemoran el D\u00eda Mundial de la lucha contra el Sida<\/span><\/a><\/p>\n","protected":false},"author":12,"featured_media":573985,"comment_status":"open","ping_status":"open","sticky":false,"template":"","format":"standard","meta":{"rop_custom_images_group":[],"rop_custom_messages_group":[],"rop_publish_now":"initial","rop_publish_now_accounts":{"facebook_10159540855086992_322828327761733":""},"rop_publish_now_history":[],"rop_publish_now_status":"pending","footnotes":""},"categories":[179,200],"tags":[131],"class_list":["post-574016","post","type-post","status-publish","format-standard","has-post-thumbnail","hentry","category-huasteca","category-jaltocan","tag-jaltocan","entry"],"_links":{"self":[{"href":"https:\/\/www.zunoticia.com\/noticias-de-hidalgo\/wp-json\/wp\/v2\/posts\/574016","targetHints":{"allow":["GET"]}}],"collection":[{"href":"https:\/\/www.zunoticia.com\/noticias-de-hidalgo\/wp-json\/wp\/v2\/posts"}],"about":[{"href":"https:\/\/www.zunoticia.com\/noticias-de-hidalgo\/wp-json\/wp\/v2\/types\/post"}],"author":[{"embeddable":true,"href":"https:\/\/www.zunoticia.com\/noticias-de-hidalgo\/wp-json\/wp\/v2\/users\/12"}],"replies":[{"embeddable":true,"href":"https:\/\/www.zunoticia.com\/noticias-de-hidalgo\/wp-json\/wp\/v2\/comments?post=574016"}],"version-history":[{"count":1,"href":"https:\/\/www.zunoticia.com\/noticias-de-hidalgo\/wp-json\/wp\/v2\/posts\/574016\/revisions"}],"predecessor-version":[{"id":574018,"href":"https:\/\/www.zunoticia.com\/noticias-de-hidalgo\/wp-json\/wp\/v2\/posts\/574016\/revisions\/574018"}],"wp:featuredmedia":[{"embeddable":true,"href":"https:\/\/www.zunoticia.com\/noticias-de-hidalgo\/wp-json\/wp\/v2\/media\/573985"}],"wp:attachment":[{"href":"https:\/\/www.zunoticia.com\/noticias-de-hidalgo\/wp-json\/wp\/v2\/media?parent=574016"}],"wp:term":[{"taxonomy":"category","embeddable":true,"href":"https:\/\/www.zunoticia.com\/noticias-de-hidalgo\/wp-json\/wp\/v2\/categories?post=574016"},{"taxonomy":"post_tag","embeddable":true,"href":"https:\/\/www.zunoticia.com\/noticias-de-hidalgo\/wp-json\/wp\/v2\/tags?post=574016"}],"curies":[{"name":"wp","href":"https:\/\/api.w.org\/{rel}","templated":true}]}}