{"id":574023,"date":"2024-12-01T20:30:00","date_gmt":"2024-12-02T02:30:00","guid":{"rendered":"https:\/\/www.zunoticia.com\/noticias-de-hidalgo\/?p=574023"},"modified":"2024-12-01T20:30:02","modified_gmt":"2024-12-02T02:30:02","slug":"ingresaron-al-cereso-a-conductor-de-diconsa","status":"publish","type":"post","link":"https:\/\/www.zunoticia.com\/noticias-de-hidalgo\/2024\/12\/01\/ingresaron-al-cereso-a-conductor-de-diconsa\/","title":{"rendered":"Ingresaron al CERESO a conductor de Diconsa"},"content":{"rendered":"<aside class=\"mashsb-container mashsb-main mashsb-stretched\"><div class=\"mashsb-box\"><div class=\"mashsb-count mash-large\" style=\"float:left\"><div class=\"counts mashsbcount\">0<\/div><span class=\"mashsb-sharetext\">SHARES<\/span><\/div><div class=\"mashsb-buttons\"><a class=\"mashicon-facebook mash-large mash-center mashsb-noshadow\" href=\"https:\/\/www.facebook.com\/sharer.php?u=https%3A%2F%2Fwww.zunoticia.com%2Fnoticias-de-hidalgo%2F2024%2F12%2F01%2Fingresaron-al-cereso-a-conductor-de-diconsa%2F\" target=\"_top\" rel=\"nofollow\"><span class=\"icon\"><\/span><span class=\"text\">Share<\/span><\/a><a class=\"mashicon-twitter mash-large mash-center mashsb-noshadow\" href=\"https:\/\/twitter.com\/intent\/tweet?text=&amp;url=https:\/\/www.zunoticia.com\/noticias-de-hidalgo\/2024\/12\/01\/ingresaron-al-cereso-a-conductor-de-diconsa\/\" target=\"_top\" rel=\"nofollow\"><span class=\"icon\"><\/span><span class=\"text\">Tweet<\/span><\/a><div class=\"onoffswitch2 mash-large mashsb-noshadow\" style=\"display:none\"><\/div><\/div>\n            <\/div>\n                <div style=\"clear:both\"><\/div><div class=\"mashsb-toggle-container\"><\/div><\/aside>\n            <!-- Share buttons by mashshare.net - Version: 4.0.47-->\n<p><em>Por Jos\u00e9 Luis Romero Ruiz\/Zunoticia<\/em><\/p>\n\n\n\n<p><strong>Huejutla, Hgo.-<\/strong> El conductor del cami\u00f3n de carga de la empresa Diconsa \u2013 SEGALMEX de nombre Mois\u00e9s \u201cN\u201d \u201dN\u201d fue ingresado al Centro de Readaptaci\u00f3n Social (CERESO) de la Lima, Jaltoc\u00e1n, como presunto responsable de homicidio involuntario.<\/p>\n\n\n\n<p>El lunes 25 de noviembre del presente a\u00f1o ocurri\u00f3 un accidente automovil\u00edstico, en donde un cami\u00f3n de carga de la empresa Diconsa impact\u00f3 de forma brutal una camioneta Honda CVR de color negro, en carretera Huejutla \u2013 Santa Cruz, cerca de la comunidad de Cececapa.<\/p>\n\n\n\n<figure class=\"wp-block-image size-full\"><img fetchpriority=\"high\" decoding=\"async\" width=\"1600\" height=\"737\" src=\"https:\/\/www.zunoticia.com\/noticias-de-hidalgo\/wp-content\/uploads\/2024\/12\/eZy-Watermark_01-12-2024_06-50-04-8160p.m.jpg\" alt=\"\" class=\"wp-image-573945\"\/><\/figure>\n\n\n\n<p>Como resultado consecuencia del brutal accidente carretero fallecieron dos personas de la Honda CVR, Karol M. P y Danery O. S, mientras que Gamaliel M. P. fue trasladado a la ciudad de Pachuca y lo reportan grave.<\/p>\n\n\n\n<p>El chofer del cami\u00f3n de carga Mois\u00e9s \u201cN\u201d \u201cN\u201d fue trasladado a la cl\u00ednica hospital Rural No. 21 del IMSS \u2013 Bienestar para recibir atenci\u00f3n m\u00e9dica, con vigilancia polic\u00edaca, para evitar un intento de fuga del imputado.<\/p>\n\n\n\n<figure class=\"wp-block-image size-full\"><img decoding=\"async\" width=\"1520\" height=\"720\" src=\"https:\/\/www.zunoticia.com\/noticias-de-hidalgo\/wp-content\/uploads\/2024\/12\/eZy-Watermark_01-12-2024_07-36-44-2800p.m.-1.jpg\" alt=\"\" class=\"wp-image-574027\"\/><\/figure>\n\n\n\n<p>Una vez que el conductor del cami\u00f3n de Diconsa Mois\u00e9s \u201cN\u201d \u201cN\u201d recibi\u00f3 su alta m\u00e9dica la agencia del Ministerio P\u00fablico lo traslad\u00f3 al CERESO por la presunci\u00f3n de homicidio involuntario, con el n\u00famero de averiguaci\u00f3n 05 \u2013 2024 \u2013 2121.<\/p>\n","protected":false},"excerpt":{"rendered":"<p>Por Jos\u00e9 Luis Romero Ruiz\/Zunoticia Huejutla, Hgo.- El conductor del cami\u00f3n de carga de la empresa Diconsa \u2013 SEGALMEX de nombre Mois\u00e9s \u201cN\u201d \u201dN\u201d fue ingresado al Centro de Readaptaci\u00f3n Social (CERESO) de la Lima, Jaltoc\u00e1n, como presunto responsable de homicidio involuntario. El lunes 25 de noviembre del presente a\u00f1o ocurri\u00f3 un accidente automovil\u00edstico, en&hellip; <a class=\"more-link\" href=\"https:\/\/www.zunoticia.com\/noticias-de-hidalgo\/2024\/12\/01\/ingresaron-al-cereso-a-conductor-de-diconsa\/\">Seguir leyendo <span class=\"screen-reader-text\">Ingresaron al CERESO a conductor de Diconsa<\/span><\/a><\/p>\n","protected":false},"author":12,"featured_media":573946,"comment_status":"open","ping_status":"open","sticky":false,"template":"","format":"standard","meta":{"rop_custom_images_group":[],"rop_custom_messages_group":[],"rop_publish_now":"initial","rop_publish_now_accounts":{"facebook_10159540855086992_322828327761733":""},"rop_publish_now_history":[],"rop_publish_now_status":"pending","footnotes":""},"categories":[178],"tags":[259],"class_list":["post-574023","post","type-post","status-publish","format-standard","has-post-thumbnail","hentry","category-policiaca","tag-policiaca","entry"],"_links":{"self":[{"href":"https:\/\/www.zunoticia.com\/noticias-de-hidalgo\/wp-json\/wp\/v2\/posts\/574023","targetHints":{"allow":["GET"]}}],"collection":[{"href":"https:\/\/www.zunoticia.com\/noticias-de-hidalgo\/wp-json\/wp\/v2\/posts"}],"about":[{"href":"https:\/\/www.zunoticia.com\/noticias-de-hidalgo\/wp-json\/wp\/v2\/types\/post"}],"author":[{"embeddable":true,"href":"https:\/\/www.zunoticia.com\/noticias-de-hidalgo\/wp-json\/wp\/v2\/users\/12"}],"replies":[{"embeddable":true,"href":"https:\/\/www.zunoticia.com\/noticias-de-hidalgo\/wp-json\/wp\/v2\/comments?post=574023"}],"version-history":[{"count":1,"href":"https:\/\/www.zunoticia.com\/noticias-de-hidalgo\/wp-json\/wp\/v2\/posts\/574023\/revisions"}],"predecessor-version":[{"id":574029,"href":"https:\/\/www.zunoticia.com\/noticias-de-hidalgo\/wp-json\/wp\/v2\/posts\/574023\/revisions\/574029"}],"wp:featuredmedia":[{"embeddable":true,"href":"https:\/\/www.zunoticia.com\/noticias-de-hidalgo\/wp-json\/wp\/v2\/media\/573946"}],"wp:attachment":[{"href":"https:\/\/www.zunoticia.com\/noticias-de-hidalgo\/wp-json\/wp\/v2\/media?parent=574023"}],"wp:term":[{"taxonomy":"category","embeddable":true,"href":"https:\/\/www.zunoticia.com\/noticias-de-hidalgo\/wp-json\/wp\/v2\/categories?post=574023"},{"taxonomy":"post_tag","embeddable":true,"href":"https:\/\/www.zunoticia.com\/noticias-de-hidalgo\/wp-json\/wp\/v2\/tags?post=574023"}],"curies":[{"name":"wp","href":"https:\/\/api.w.org\/{rel}","templated":true}]}}