{"id":574221,"date":"2024-12-03T15:17:18","date_gmt":"2024-12-03T21:17:18","guid":{"rendered":"https:\/\/www.zunoticia.com\/noticias-de-hidalgo\/?p=574221"},"modified":"2024-12-03T15:17:20","modified_gmt":"2024-12-03T21:17:20","slug":"las-mujeres-no-denuncian-por-temor-o-por-costumbre-presidenta-del-sistema-municipal-dif","status":"publish","type":"post","link":"https:\/\/www.zunoticia.com\/noticias-de-hidalgo\/2024\/12\/03\/las-mujeres-no-denuncian-por-temor-o-por-costumbre-presidenta-del-sistema-municipal-dif\/","title":{"rendered":"Las mujeres no denuncian por temor o por costumbre: presidenta del Sistema Municipal DIF"},"content":{"rendered":"<aside class=\"mashsb-container mashsb-main mashsb-stretched\"><div class=\"mashsb-box\"><div class=\"mashsb-count mash-large\" style=\"float:left\"><div class=\"counts mashsbcount\">0<\/div><span class=\"mashsb-sharetext\">SHARES<\/span><\/div><div class=\"mashsb-buttons\"><a class=\"mashicon-facebook mash-large mash-center mashsb-noshadow\" href=\"https:\/\/www.facebook.com\/sharer.php?u=https%3A%2F%2Fwww.zunoticia.com%2Fnoticias-de-hidalgo%2F2024%2F12%2F03%2Flas-mujeres-no-denuncian-por-temor-o-por-costumbre-presidenta-del-sistema-municipal-dif%2F\" target=\"_top\" rel=\"nofollow\"><span class=\"icon\"><\/span><span class=\"text\">Share<\/span><\/a><a class=\"mashicon-twitter mash-large mash-center mashsb-noshadow\" href=\"https:\/\/twitter.com\/intent\/tweet?text=&amp;url=https:\/\/www.zunoticia.com\/noticias-de-hidalgo\/2024\/12\/03\/las-mujeres-no-denuncian-por-temor-o-por-costumbre-presidenta-del-sistema-municipal-dif\/\" target=\"_top\" rel=\"nofollow\"><span class=\"icon\"><\/span><span class=\"text\">Tweet<\/span><\/a><div class=\"onoffswitch2 mash-large mashsb-noshadow\" style=\"display:none\"><\/div><\/div>\n            <\/div>\n                <div style=\"clear:both\"><\/div><div class=\"mashsb-toggle-container\"><\/div><\/aside>\n            <!-- Share buttons by mashshare.net - Version: 4.0.47-->\n<p><em>Por<\/em> Salvador Altamirano\/Zunoticia<\/p>\n\n\n\n<p><strong>Yahualica, Hgo<\/strong>.- Entrevistada en el marco de los &#8220;16 d\u00edas de activismo contra la violencia de g\u00e9nero&#8221;, en torno a qu\u00e9 tan acentuada est\u00e1 la problem\u00e1tica de maltrato a la mujer en la jurisdicci\u00f3n, la presidenta del Sistema Municipal DIF, Arisbeth Hern\u00e1ndez Lara, enfatiz\u00f3 que lamentablemente est\u00e1 muy arraigada.<\/p>\n\n\n\n<p>Especific\u00f3 que lo anterior, es resultado de que &#8220;por temor o por costumbre, porque aqu\u00ed estamos acostumbradas a que en la casa \u2018manda el hombre\u2019, las mujeres no denuncian y soportan que se les violente\u201d.<\/p>\n\n\n\n<p>Agreg\u00f3 que, por esas dos situaciones, hay mujeres que no se atreven alzar la voz y a denunciar, \u201caunque hemos sabido de muchos casos a trav\u00e9s de la Instancia Municipal de la Mujer, con la cual estamos en coordinaci\u00f3n estrecha\u201d.<\/p>\n\n\n\n<p>Asimismo, subray\u00f3 que, actualmente la mujer tiene mucho respaldo de las autoridades competentes, por lo que las exhort\u00f3 p\u00fablicamente a que denuncien cualquier maltrato en su contra, ya sea f\u00edsico, verbal o psicol\u00f3gico. Ya no toleren -acentu\u00f3-, a que el hombre las agreda.<\/p>\n\n\n\n<p>Para finalizar, la titular del DIF Municipal manifest\u00f3 que, para atenderles en caso de que quieran presentar una denuncia por el precitado motivo, est\u00e1 la Instancia de la Mujer, el Juzgado Conciliador y, por supuesto, la dependencia a su cargo.<\/p>\n","protected":false},"excerpt":{"rendered":"<p>Por Salvador Altamirano\/Zunoticia Yahualica, Hgo.- Entrevistada en el marco de los &#8220;16 d\u00edas de activismo contra la violencia de g\u00e9nero&#8221;, en torno a qu\u00e9 tan acentuada est\u00e1 la problem\u00e1tica de maltrato a la mujer en la jurisdicci\u00f3n, la presidenta del Sistema Municipal DIF, Arisbeth Hern\u00e1ndez Lara, enfatiz\u00f3 que lamentablemente est\u00e1 muy arraigada. Especific\u00f3 que lo&hellip; <a class=\"more-link\" href=\"https:\/\/www.zunoticia.com\/noticias-de-hidalgo\/2024\/12\/03\/las-mujeres-no-denuncian-por-temor-o-por-costumbre-presidenta-del-sistema-municipal-dif\/\">Seguir leyendo <span class=\"screen-reader-text\">Las mujeres no denuncian por temor o por costumbre: presidenta del Sistema Municipal DIF<\/span><\/a><\/p>\n","protected":false},"author":20,"featured_media":574222,"comment_status":"open","ping_status":"open","sticky":false,"template":"","format":"standard","meta":{"rop_custom_images_group":[],"rop_custom_messages_group":[],"rop_publish_now":"initial","rop_publish_now_accounts":{"facebook_10159540855086992_322828327761733":""},"rop_publish_now_history":[],"rop_publish_now_status":"pending","footnotes":""},"categories":[179,203],"tags":[229,123],"class_list":["post-574221","post","type-post","status-publish","format-standard","has-post-thumbnail","hentry","category-huasteca","category-yahualica","tag-huasteca","tag-yahualica","entry"],"_links":{"self":[{"href":"https:\/\/www.zunoticia.com\/noticias-de-hidalgo\/wp-json\/wp\/v2\/posts\/574221","targetHints":{"allow":["GET"]}}],"collection":[{"href":"https:\/\/www.zunoticia.com\/noticias-de-hidalgo\/wp-json\/wp\/v2\/posts"}],"about":[{"href":"https:\/\/www.zunoticia.com\/noticias-de-hidalgo\/wp-json\/wp\/v2\/types\/post"}],"author":[{"embeddable":true,"href":"https:\/\/www.zunoticia.com\/noticias-de-hidalgo\/wp-json\/wp\/v2\/users\/20"}],"replies":[{"embeddable":true,"href":"https:\/\/www.zunoticia.com\/noticias-de-hidalgo\/wp-json\/wp\/v2\/comments?post=574221"}],"version-history":[{"count":1,"href":"https:\/\/www.zunoticia.com\/noticias-de-hidalgo\/wp-json\/wp\/v2\/posts\/574221\/revisions"}],"predecessor-version":[{"id":574223,"href":"https:\/\/www.zunoticia.com\/noticias-de-hidalgo\/wp-json\/wp\/v2\/posts\/574221\/revisions\/574223"}],"wp:featuredmedia":[{"embeddable":true,"href":"https:\/\/www.zunoticia.com\/noticias-de-hidalgo\/wp-json\/wp\/v2\/media\/574222"}],"wp:attachment":[{"href":"https:\/\/www.zunoticia.com\/noticias-de-hidalgo\/wp-json\/wp\/v2\/media?parent=574221"}],"wp:term":[{"taxonomy":"category","embeddable":true,"href":"https:\/\/www.zunoticia.com\/noticias-de-hidalgo\/wp-json\/wp\/v2\/categories?post=574221"},{"taxonomy":"post_tag","embeddable":true,"href":"https:\/\/www.zunoticia.com\/noticias-de-hidalgo\/wp-json\/wp\/v2\/tags?post=574221"}],"curies":[{"name":"wp","href":"https:\/\/api.w.org\/{rel}","templated":true}]}}