{"id":574251,"date":"2024-12-03T17:17:16","date_gmt":"2024-12-03T23:17:16","guid":{"rendered":"https:\/\/www.zunoticia.com\/noticias-de-hidalgo\/?p=574251"},"modified":"2024-12-03T17:17:17","modified_gmt":"2024-12-03T23:17:17","slug":"imparten-conferencia-contra-la-violencia-de-genero-en-el-cobaeh-plantel-santa-teresa","status":"publish","type":"post","link":"https:\/\/www.zunoticia.com\/noticias-de-hidalgo\/2024\/12\/03\/imparten-conferencia-contra-la-violencia-de-genero-en-el-cobaeh-plantel-santa-teresa\/","title":{"rendered":"Imparten conferencia contra la violencia de g\u00e9nero en el COBAEH, plantel Santa Teresa"},"content":{"rendered":"<aside class=\"mashsb-container mashsb-main mashsb-stretched\"><div class=\"mashsb-box\"><div class=\"mashsb-count mash-large\" style=\"float:left\"><div class=\"counts mashsbcount\">0<\/div><span class=\"mashsb-sharetext\">SHARES<\/span><\/div><div class=\"mashsb-buttons\"><a class=\"mashicon-facebook mash-large mash-center mashsb-noshadow\" href=\"https:\/\/www.facebook.com\/sharer.php?u=https%3A%2F%2Fwww.zunoticia.com%2Fnoticias-de-hidalgo%2F2024%2F12%2F03%2Fimparten-conferencia-contra-la-violencia-de-genero-en-el-cobaeh-plantel-santa-teresa%2F\" target=\"_top\" rel=\"nofollow\"><span class=\"icon\"><\/span><span class=\"text\">Share<\/span><\/a><a class=\"mashicon-twitter mash-large mash-center mashsb-noshadow\" href=\"https:\/\/twitter.com\/intent\/tweet?text=&amp;url=https:\/\/www.zunoticia.com\/noticias-de-hidalgo\/2024\/12\/03\/imparten-conferencia-contra-la-violencia-de-genero-en-el-cobaeh-plantel-santa-teresa\/\" target=\"_top\" rel=\"nofollow\"><span class=\"icon\"><\/span><span class=\"text\">Tweet<\/span><\/a><div class=\"onoffswitch2 mash-large mashsb-noshadow\" style=\"display:none\"><\/div><\/div>\n            <\/div>\n                <div style=\"clear:both\"><\/div><div class=\"mashsb-toggle-container\"><\/div><\/aside>\n            <!-- Share buttons by mashshare.net - Version: 4.0.47-->\n<p><em>Por Salvador Altamirano\/Zunoticia<\/em><\/p>\n\n\n\n<p><strong>Yahualica, Hgo<\/strong>.- El proyecto denominado &#8220;16 D\u00edas de Activismo Contra la Violencia de G\u00e9nero&#8221;, es una estrategia implementada con la finalidad de exigir la prevenci\u00f3n y eliminaci\u00f3n de la agresividad contra las mujeres.<\/p>\n\n\n\n<p>Por tal motivo, en el marco del mismo, el pasado lunes se imparti\u00f3 una conferencia en el Colegio de Bachilleres del Estado de Hidalgo (COBAEH), de la comunidad de Santa Teresa, a la cual asistieron alumnos y padres de familia.<\/p>\n\n\n\n<p>Especific\u00f3 Comunicaci\u00f3n Social Municipal, cuyo director es \u00c1ngel Aquino, que el evento fue presidido por la presidenta del DIF municipal, Arisbeth Hern\u00e1ndez Lara, al cual asisti\u00f3 la subdirectora de Planeaci\u00f3n, Lizzeth L\u00f3pez Camacho; y la titular de la Instancia Municipal de la Mujer, Elizabeth Castillo Vel\u00e1zquez, entre otros.<\/p>\n\n\n\n<p>Explic\u00f3 la voz municipal que, la ponencia magistral, denominada, precisamente, &#8220;16 D\u00edas de Activismo Contra la Violencia de G\u00e9nero&#8221;, fue impartida por \u00c1ngel Calixto Santos, titular de la Comisi\u00f3n de Derechos Humanos con sede en Huejutla.<\/p>\n\n\n\n<p>Para finalizar, detall\u00f3 que cada a\u00f1o, del 25 de octubre al 10 de noviembre, se lleva a cabo una campa\u00f1a que tiene como prop\u00f3sito crear conciencia y movilizar acciones tendientes a poner fin a las m\u00faltiples formas de violencia contra ni\u00f1as y mujeres.<\/p>\n","protected":false},"excerpt":{"rendered":"<p>Por Salvador Altamirano\/Zunoticia Yahualica, Hgo.- El proyecto denominado &#8220;16 D\u00edas de Activismo Contra la Violencia de G\u00e9nero&#8221;, es una estrategia implementada con la finalidad de exigir la prevenci\u00f3n y eliminaci\u00f3n de la agresividad contra las mujeres. Por tal motivo, en el marco del mismo, el pasado lunes se imparti\u00f3 una conferencia en el Colegio de&hellip; <a class=\"more-link\" href=\"https:\/\/www.zunoticia.com\/noticias-de-hidalgo\/2024\/12\/03\/imparten-conferencia-contra-la-violencia-de-genero-en-el-cobaeh-plantel-santa-teresa\/\">Seguir leyendo <span class=\"screen-reader-text\">Imparten conferencia contra la violencia de g\u00e9nero en el COBAEH, plantel Santa Teresa<\/span><\/a><\/p>\n","protected":false},"author":20,"featured_media":574252,"comment_status":"open","ping_status":"open","sticky":false,"template":"","format":"standard","meta":{"rop_custom_images_group":[],"rop_custom_messages_group":[],"rop_publish_now":"initial","rop_publish_now_accounts":{"facebook_10159540855086992_322828327761733":""},"rop_publish_now_history":[],"rop_publish_now_status":"pending","footnotes":""},"categories":[179,203],"tags":[229,123],"class_list":["post-574251","post","type-post","status-publish","format-standard","has-post-thumbnail","hentry","category-huasteca","category-yahualica","tag-huasteca","tag-yahualica","entry"],"_links":{"self":[{"href":"https:\/\/www.zunoticia.com\/noticias-de-hidalgo\/wp-json\/wp\/v2\/posts\/574251","targetHints":{"allow":["GET"]}}],"collection":[{"href":"https:\/\/www.zunoticia.com\/noticias-de-hidalgo\/wp-json\/wp\/v2\/posts"}],"about":[{"href":"https:\/\/www.zunoticia.com\/noticias-de-hidalgo\/wp-json\/wp\/v2\/types\/post"}],"author":[{"embeddable":true,"href":"https:\/\/www.zunoticia.com\/noticias-de-hidalgo\/wp-json\/wp\/v2\/users\/20"}],"replies":[{"embeddable":true,"href":"https:\/\/www.zunoticia.com\/noticias-de-hidalgo\/wp-json\/wp\/v2\/comments?post=574251"}],"version-history":[{"count":1,"href":"https:\/\/www.zunoticia.com\/noticias-de-hidalgo\/wp-json\/wp\/v2\/posts\/574251\/revisions"}],"predecessor-version":[{"id":574253,"href":"https:\/\/www.zunoticia.com\/noticias-de-hidalgo\/wp-json\/wp\/v2\/posts\/574251\/revisions\/574253"}],"wp:featuredmedia":[{"embeddable":true,"href":"https:\/\/www.zunoticia.com\/noticias-de-hidalgo\/wp-json\/wp\/v2\/media\/574252"}],"wp:attachment":[{"href":"https:\/\/www.zunoticia.com\/noticias-de-hidalgo\/wp-json\/wp\/v2\/media?parent=574251"}],"wp:term":[{"taxonomy":"category","embeddable":true,"href":"https:\/\/www.zunoticia.com\/noticias-de-hidalgo\/wp-json\/wp\/v2\/categories?post=574251"},{"taxonomy":"post_tag","embeddable":true,"href":"https:\/\/www.zunoticia.com\/noticias-de-hidalgo\/wp-json\/wp\/v2\/tags?post=574251"}],"curies":[{"name":"wp","href":"https:\/\/api.w.org\/{rel}","templated":true}]}}