{"id":574401,"date":"2024-12-04T17:06:04","date_gmt":"2024-12-04T23:06:04","guid":{"rendered":"https:\/\/www.zunoticia.com\/noticias-de-hidalgo\/?p=574401"},"modified":"2024-12-04T17:06:05","modified_gmt":"2024-12-04T23:06:05","slug":"mas-de-500-personas-participan-en-jornada-de-credencializacion-de-imss-bienestar","status":"publish","type":"post","link":"https:\/\/www.zunoticia.com\/noticias-de-hidalgo\/2024\/12\/04\/mas-de-500-personas-participan-en-jornada-de-credencializacion-de-imss-bienestar\/","title":{"rendered":"M\u00e1s de\u00a0500\u00a0personas participan en jornada de credencializaci\u00f3n de IMSS Bienestar"},"content":{"rendered":"<aside class=\"mashsb-container mashsb-main mashsb-stretched\"><div class=\"mashsb-box\"><div class=\"mashsb-count mash-large\" style=\"float:left\"><div class=\"counts mashsbcount\">0<\/div><span class=\"mashsb-sharetext\">SHARES<\/span><\/div><div class=\"mashsb-buttons\"><a class=\"mashicon-facebook mash-large mash-center mashsb-noshadow\" href=\"https:\/\/www.facebook.com\/sharer.php?u=https%3A%2F%2Fwww.zunoticia.com%2Fnoticias-de-hidalgo%2F2024%2F12%2F04%2Fmas-de-500-personas-participan-en-jornada-de-credencializacion-de-imss-bienestar%2F\" target=\"_top\" rel=\"nofollow\"><span class=\"icon\"><\/span><span class=\"text\">Share<\/span><\/a><a class=\"mashicon-twitter mash-large mash-center mashsb-noshadow\" href=\"https:\/\/twitter.com\/intent\/tweet?text=&amp;url=https:\/\/www.zunoticia.com\/noticias-de-hidalgo\/2024\/12\/04\/mas-de-500-personas-participan-en-jornada-de-credencializacion-de-imss-bienestar\/\" target=\"_top\" rel=\"nofollow\"><span class=\"icon\"><\/span><span class=\"text\">Tweet<\/span><\/a><div class=\"onoffswitch2 mash-large mashsb-noshadow\" style=\"display:none\"><\/div><\/div>\n            <\/div>\n                <div style=\"clear:both\"><\/div><div class=\"mashsb-toggle-container\"><\/div><\/aside>\n            <!-- Share buttons by mashshare.net - Version: 4.0.47-->\n<p><em>Por Esmeralda Vargas \/ Zunoticia<\/em><\/p>\n\n\n\n<p><strong>San Agust\u00edn Metzquititl\u00e1n, Hgo<\/strong>.- El municipio fue sede de una jornada de credencializaci\u00f3n organizada por el programa IMSS Bienestar, en la que m\u00e1s de&nbsp;500&nbsp;personas pudieron realizar su tr\u00e1mite en el auditorio municipal.&nbsp;<\/p>\n\n\n\n<p>Adela Carpio Espinoza, responsable del \u00e1rea de credencializaci\u00f3n de IMSS Bienestar, explic\u00f3 en entrevista que, el objetivo es atender a quienes no cuentan con seguro social, ISSSTE o alg\u00fan otro tipo de cobertura m\u00e9dica. &#8220;Citamos a alrededor de&nbsp;500&nbsp;personas para credencializar a quienes no cuenten con seguro o ISSSTE; el gobierno federal est\u00e1 credencializando para que puedan obtener los servicios de salud gratuitos en hospitales y unidades de salud en toda la rep\u00fablica mexicana&#8221;, se\u00f1al\u00f3.&nbsp;<\/p>\n\n\n\n<p>El beneficio est\u00e1 dirigido a toda la poblaci\u00f3n sin seguridad social, y el \u00fanico requisito para adultos es presentar su credencial de elector (INE). Para menores de 18 a\u00f1os, se requiere una copia del acta de nacimiento y CURP. Durante el tr\u00e1mite, se toma una fotograf\u00eda que ser\u00e1 utilizada en la credencial oficial.&nbsp;<\/p>\n\n\n\n<p>La iniciativa busca garantizar el acceso universal a los servicios de salud y forma parte de los esfuerzos del Gobierno Federal por fortalecer la cobertura m\u00e9dica en comunidades. La jornada fue calificada como exitosa por los organizadores, quienes destacaron la gran participaci\u00f3n de la poblaci\u00f3n local.<\/p>\n\n\n\n<figure class=\"wp-block-image size-full\"><img fetchpriority=\"high\" decoding=\"async\" width=\"933\" height=\"524\" src=\"https:\/\/www.zunoticia.com\/noticias-de-hidalgo\/wp-content\/uploads\/2024\/12\/Zunoticia-Huejutla-1-31.png\" alt=\"\" class=\"wp-image-574403\"\/><\/figure>\n","protected":false},"excerpt":{"rendered":"<p>Por Esmeralda Vargas \/ Zunoticia San Agust\u00edn Metzquititl\u00e1n, Hgo.- El municipio fue sede de una jornada de credencializaci\u00f3n organizada por el programa IMSS Bienestar, en la que m\u00e1s de&nbsp;500&nbsp;personas pudieron realizar su tr\u00e1mite en el auditorio municipal.&nbsp; Adela Carpio Espinoza, responsable del \u00e1rea de credencializaci\u00f3n de IMSS Bienestar, explic\u00f3 en entrevista que, el objetivo es&hellip; <a class=\"more-link\" href=\"https:\/\/www.zunoticia.com\/noticias-de-hidalgo\/2024\/12\/04\/mas-de-500-personas-participan-en-jornada-de-credencializacion-de-imss-bienestar\/\">Seguir leyendo <span class=\"screen-reader-text\">M\u00e1s de\u00a0500\u00a0personas participan en jornada de credencializaci\u00f3n de IMSS Bienestar<\/span><\/a><\/p>\n","protected":false},"author":20,"featured_media":574402,"comment_status":"open","ping_status":"open","sticky":false,"template":"","format":"standard","meta":{"rop_custom_images_group":[],"rop_custom_messages_group":[],"rop_publish_now":"initial","rop_publish_now_accounts":{"facebook_10159540855086992_322828327761733":""},"rop_publish_now_history":[],"rop_publish_now_status":"pending","footnotes":""},"categories":[443,433],"tags":[300,436],"class_list":["post-574401","post","type-post","status-publish","format-standard","has-post-thumbnail","hentry","category-san-agustin-metzquititlan","category-sierra-alta","tag-san-agustin-metzquititlan","tag-sierra-alta","entry"],"_links":{"self":[{"href":"https:\/\/www.zunoticia.com\/noticias-de-hidalgo\/wp-json\/wp\/v2\/posts\/574401","targetHints":{"allow":["GET"]}}],"collection":[{"href":"https:\/\/www.zunoticia.com\/noticias-de-hidalgo\/wp-json\/wp\/v2\/posts"}],"about":[{"href":"https:\/\/www.zunoticia.com\/noticias-de-hidalgo\/wp-json\/wp\/v2\/types\/post"}],"author":[{"embeddable":true,"href":"https:\/\/www.zunoticia.com\/noticias-de-hidalgo\/wp-json\/wp\/v2\/users\/20"}],"replies":[{"embeddable":true,"href":"https:\/\/www.zunoticia.com\/noticias-de-hidalgo\/wp-json\/wp\/v2\/comments?post=574401"}],"version-history":[{"count":1,"href":"https:\/\/www.zunoticia.com\/noticias-de-hidalgo\/wp-json\/wp\/v2\/posts\/574401\/revisions"}],"predecessor-version":[{"id":574404,"href":"https:\/\/www.zunoticia.com\/noticias-de-hidalgo\/wp-json\/wp\/v2\/posts\/574401\/revisions\/574404"}],"wp:featuredmedia":[{"embeddable":true,"href":"https:\/\/www.zunoticia.com\/noticias-de-hidalgo\/wp-json\/wp\/v2\/media\/574402"}],"wp:attachment":[{"href":"https:\/\/www.zunoticia.com\/noticias-de-hidalgo\/wp-json\/wp\/v2\/media?parent=574401"}],"wp:term":[{"taxonomy":"category","embeddable":true,"href":"https:\/\/www.zunoticia.com\/noticias-de-hidalgo\/wp-json\/wp\/v2\/categories?post=574401"},{"taxonomy":"post_tag","embeddable":true,"href":"https:\/\/www.zunoticia.com\/noticias-de-hidalgo\/wp-json\/wp\/v2\/tags?post=574401"}],"curies":[{"name":"wp","href":"https:\/\/api.w.org\/{rel}","templated":true}]}}