{"id":574920,"date":"2024-12-08T02:30:35","date_gmt":"2024-12-08T08:30:35","guid":{"rendered":"https:\/\/www.zunoticia.com\/noticias-de-hidalgo\/?p=574920"},"modified":"2024-12-08T02:30:40","modified_gmt":"2024-12-08T08:30:40","slug":"san-agustin-metzquititlan-se-ilumina-con-el-encendido-de-su-arbol-navideno","status":"publish","type":"post","link":"https:\/\/www.zunoticia.com\/noticias-de-hidalgo\/2024\/12\/08\/san-agustin-metzquititlan-se-ilumina-con-el-encendido-de-su-arbol-navideno\/","title":{"rendered":"San Agust\u00edn Metzquititl\u00e1n se ilumina con el encendido de su \u00e1rbol navide\u00f1o\u00a0"},"content":{"rendered":"<aside class=\"mashsb-container mashsb-main mashsb-stretched\"><div class=\"mashsb-box\"><div class=\"mashsb-count mash-large\" style=\"float:left\"><div class=\"counts mashsbcount\">0<\/div><span class=\"mashsb-sharetext\">SHARES<\/span><\/div><div class=\"mashsb-buttons\"><a class=\"mashicon-facebook mash-large mash-center mashsb-noshadow\" href=\"https:\/\/www.facebook.com\/sharer.php?u=https%3A%2F%2Fwww.zunoticia.com%2Fnoticias-de-hidalgo%2F2024%2F12%2F08%2Fsan-agustin-metzquititlan-se-ilumina-con-el-encendido-de-su-arbol-navideno%2F\" target=\"_top\" rel=\"nofollow\"><span class=\"icon\"><\/span><span class=\"text\">Share<\/span><\/a><a class=\"mashicon-twitter mash-large mash-center mashsb-noshadow\" href=\"https:\/\/twitter.com\/intent\/tweet?text=&amp;url=https:\/\/www.zunoticia.com\/noticias-de-hidalgo\/2024\/12\/08\/san-agustin-metzquititlan-se-ilumina-con-el-encendido-de-su-arbol-navideno\/\" target=\"_top\" rel=\"nofollow\"><span class=\"icon\"><\/span><span class=\"text\">Tweet<\/span><\/a><div class=\"onoffswitch2 mash-large mashsb-noshadow\" style=\"display:none\"><\/div><\/div>\n            <\/div>\n                <div style=\"clear:both\"><\/div><div class=\"mashsb-toggle-container\"><\/div><\/aside>\n            <!-- Share buttons by mashshare.net - Version: 4.0.47-->\n<p><em>Esmeralda Vargas\/Zunoticia<\/em><\/p>\n\n\n\n<p><strong>San Agust\u00edn Metzquititl\u00e1n.-<\/strong> La magia de la Navidad lleg\u00f3 a San Agust\u00edn Metzquititl\u00e1n con un evento inolvidable: El encendido del \u00e1rbol navide\u00f1o, organizado por el ayuntamiento. Este momento, que reuni\u00f3 a familias y vecinos del municipio, marc\u00f3 el inicio de una tradici\u00f3n que busca fomentar la unidad y el esp\u00edritu festivo.&nbsp;<\/p>\n\n\n\n<p>El evento comenz\u00f3 con una colorida caravana en la que participaron ni\u00f1os de nivel preescolar, primaria, secundaria y el COBAEH, junto con personal del ayuntamiento, todos caracterizados como personajes de Disney y superh\u00e9roes. La caravana recorri\u00f3 las principales calles del municipio, llenando de alegr\u00eda y asombro a los espectadores, especialmente a los m\u00e1s peque\u00f1os.&nbsp;<\/p>\n\n\n\n<figure class=\"wp-block-gallery has-nested-images columns-default is-cropped wp-block-gallery-1 is-layout-flex wp-block-gallery-is-layout-flex\">\n<figure class=\"wp-block-image size-large\"><img fetchpriority=\"high\" decoding=\"async\" width=\"1200\" height=\"630\" data-id=\"574923\" src=\"https:\/\/www.zunoticia.com\/noticias-de-hidalgo\/wp-content\/uploads\/2024\/12\/encendido3.jpg\" alt=\"\" class=\"wp-image-574923\"\/><\/figure>\n\n\n\n<figure class=\"wp-block-image size-large\"><img decoding=\"async\" width=\"1200\" height=\"630\" data-id=\"574924\" src=\"https:\/\/www.zunoticia.com\/noticias-de-hidalgo\/wp-content\/uploads\/2024\/12\/encendio2.jpg\" alt=\"\" class=\"wp-image-574924\"\/><\/figure>\n<\/figure>\n\n\n\n<p>Al llegar a la plaza Constituci\u00f3n, la celebraci\u00f3n alcanz\u00f3 su punto culminante. Las bastoneras del COBAEH y de la secundaria Nicandro Castillo sorprendieron al p\u00fablico con sus coreograf\u00edas, aportando dinamismo y elegancia a la noche.&nbsp;<\/p>\n\n\n\n<p>Finalmente, el presidente municipal tom\u00f3 la palabra, destacando la importancia de las fechas decembrinas como un momento de reflexi\u00f3n y convivencia familiar. Su mensaje prepar\u00f3 el ambiente para el momento m\u00e1s esperado: La cuenta regresiva que dio paso al encendido del \u00e1rbol navide\u00f1o.&nbsp;<\/p>\n\n\n\n<p>Con luces brillantes y colores vibrantes, el \u00e1rbol ilumin\u00f3 la plaza, llenando de emoci\u00f3n y esperanza a los asistentes. Este evento marc\u00f3 el inicio de las festividades en el municipio, as\u00ed como tambi\u00e9n dej\u00f3 en los corazones de los presentes la promesa de una Navidad llena de uni\u00f3n y alegr\u00eda.<\/p>\n\n\n\n<figure class=\"wp-block-gallery has-nested-images columns-default is-cropped wp-block-gallery-2 is-layout-flex wp-block-gallery-is-layout-flex\">\n<figure class=\"wp-block-image size-large\"><img decoding=\"async\" width=\"1200\" height=\"630\" data-id=\"574925\" src=\"https:\/\/www.zunoticia.com\/noticias-de-hidalgo\/wp-content\/uploads\/2024\/12\/encendio1.jpg\" alt=\"\" class=\"wp-image-574925\"\/><\/figure>\n\n\n\n<figure class=\"wp-block-image size-large\"><img loading=\"lazy\" decoding=\"async\" width=\"1200\" height=\"630\" data-id=\"574922\" src=\"https:\/\/www.zunoticia.com\/noticias-de-hidalgo\/wp-content\/uploads\/2024\/12\/encendido4.jpg\" alt=\"\" class=\"wp-image-574922\"\/><\/figure>\n<\/figure>\n","protected":false},"excerpt":{"rendered":"<p>Esmeralda Vargas\/Zunoticia San Agust\u00edn Metzquititl\u00e1n.- La magia de la Navidad lleg\u00f3 a San Agust\u00edn Metzquititl\u00e1n con un evento inolvidable: El encendido del \u00e1rbol navide\u00f1o, organizado por el ayuntamiento. Este momento, que reuni\u00f3 a familias y vecinos del municipio, marc\u00f3 el inicio de una tradici\u00f3n que busca fomentar la unidad y el esp\u00edritu festivo.&nbsp; El evento&hellip; <a class=\"more-link\" href=\"https:\/\/www.zunoticia.com\/noticias-de-hidalgo\/2024\/12\/08\/san-agustin-metzquititlan-se-ilumina-con-el-encendido-de-su-arbol-navideno\/\">Seguir leyendo <span class=\"screen-reader-text\">San Agust\u00edn Metzquititl\u00e1n se ilumina con el encendido de su \u00e1rbol navide\u00f1o\u00a0<\/span><\/a><\/p>\n","protected":false},"author":13,"featured_media":574921,"comment_status":"open","ping_status":"open","sticky":false,"template":"","format":"standard","meta":{"rop_custom_images_group":[],"rop_custom_messages_group":[],"rop_publish_now":"initial","rop_publish_now_accounts":{"facebook_10159540855086992_322828327761733":""},"rop_publish_now_history":[],"rop_publish_now_status":"pending","footnotes":""},"categories":[1],"tags":[],"class_list":["post-574920","post","type-post","status-publish","format-standard","has-post-thumbnail","hentry","category-sin-categoria","entry"],"_links":{"self":[{"href":"https:\/\/www.zunoticia.com\/noticias-de-hidalgo\/wp-json\/wp\/v2\/posts\/574920","targetHints":{"allow":["GET"]}}],"collection":[{"href":"https:\/\/www.zunoticia.com\/noticias-de-hidalgo\/wp-json\/wp\/v2\/posts"}],"about":[{"href":"https:\/\/www.zunoticia.com\/noticias-de-hidalgo\/wp-json\/wp\/v2\/types\/post"}],"author":[{"embeddable":true,"href":"https:\/\/www.zunoticia.com\/noticias-de-hidalgo\/wp-json\/wp\/v2\/users\/13"}],"replies":[{"embeddable":true,"href":"https:\/\/www.zunoticia.com\/noticias-de-hidalgo\/wp-json\/wp\/v2\/comments?post=574920"}],"version-history":[{"count":1,"href":"https:\/\/www.zunoticia.com\/noticias-de-hidalgo\/wp-json\/wp\/v2\/posts\/574920\/revisions"}],"predecessor-version":[{"id":574927,"href":"https:\/\/www.zunoticia.com\/noticias-de-hidalgo\/wp-json\/wp\/v2\/posts\/574920\/revisions\/574927"}],"wp:featuredmedia":[{"embeddable":true,"href":"https:\/\/www.zunoticia.com\/noticias-de-hidalgo\/wp-json\/wp\/v2\/media\/574921"}],"wp:attachment":[{"href":"https:\/\/www.zunoticia.com\/noticias-de-hidalgo\/wp-json\/wp\/v2\/media?parent=574920"}],"wp:term":[{"taxonomy":"category","embeddable":true,"href":"https:\/\/www.zunoticia.com\/noticias-de-hidalgo\/wp-json\/wp\/v2\/categories?post=574920"},{"taxonomy":"post_tag","embeddable":true,"href":"https:\/\/www.zunoticia.com\/noticias-de-hidalgo\/wp-json\/wp\/v2\/tags?post=574920"}],"curies":[{"name":"wp","href":"https:\/\/api.w.org\/{rel}","templated":true}]}}