{"id":574941,"date":"2024-12-08T14:31:19","date_gmt":"2024-12-08T20:31:19","guid":{"rendered":"https:\/\/www.zunoticia.com\/noticias-de-hidalgo\/?p=574941"},"modified":"2024-12-08T16:09:46","modified_gmt":"2024-12-08T22:09:46","slug":"presidenta-del-sistema-dif-municipal-acudio-a-capacitacion-de-la-sep","status":"publish","type":"post","link":"https:\/\/www.zunoticia.com\/noticias-de-hidalgo\/2024\/12\/08\/presidenta-del-sistema-dif-municipal-acudio-a-capacitacion-de-la-sep\/","title":{"rendered":"Presidenta del Sistema DIF Municipal acudi\u00f3 a capacitaci\u00f3n de la SEP"},"content":{"rendered":"<aside class=\"mashsb-container mashsb-main mashsb-stretched\"><div class=\"mashsb-box\"><div class=\"mashsb-count mash-large\" style=\"float:left\"><div class=\"counts mashsbcount\">0<\/div><span class=\"mashsb-sharetext\">SHARES<\/span><\/div><div class=\"mashsb-buttons\"><a class=\"mashicon-facebook mash-large mash-center mashsb-noshadow\" href=\"https:\/\/www.facebook.com\/sharer.php?u=https%3A%2F%2Fwww.zunoticia.com%2Fnoticias-de-hidalgo%2F2024%2F12%2F08%2Fpresidenta-del-sistema-dif-municipal-acudio-a-capacitacion-de-la-sep%2F\" target=\"_top\" rel=\"nofollow\"><span class=\"icon\"><\/span><span class=\"text\">Share<\/span><\/a><a class=\"mashicon-twitter mash-large mash-center mashsb-noshadow\" href=\"https:\/\/twitter.com\/intent\/tweet?text=&amp;url=https:\/\/www.zunoticia.com\/noticias-de-hidalgo\/2024\/12\/08\/presidenta-del-sistema-dif-municipal-acudio-a-capacitacion-de-la-sep\/\" target=\"_top\" rel=\"nofollow\"><span class=\"icon\"><\/span><span class=\"text\">Tweet<\/span><\/a><div class=\"onoffswitch2 mash-large mashsb-noshadow\" style=\"display:none\"><\/div><\/div>\n            <\/div>\n                <div style=\"clear:both\"><\/div><div class=\"mashsb-toggle-container\"><\/div><\/aside>\n            <!-- Share buttons by mashshare.net - Version: 4.0.47-->\n<p><em>Por Salvador Altamirano\/Zunoticia<\/em><\/p>\n\n\n\n<p><strong>Yahualica, Hgo.-<\/strong> A invitaci\u00f3n expresa del Subdirector de Servicios Regionales de Atlapexco, Mario Villegas Escobar, la Presidenta del Sistema DIF Municipal, Arisbeth Hern\u00e1ndez Lara, acudi\u00f3 a una capacitaci\u00f3n impartida por personal de la Secretar\u00eda de Educaci\u00f3n P\u00fablica (SEP) a comit\u00e9s de participaci\u00f3n escolar y asociaciones de padres de familia (APF).<\/p>\n\n\n\n<p>Al evento, que tuvo efecto el pasado viernes a las 10:00 horas en el Auditorio Municipal de Atlapexco, asistieron 28 supervisores y 3 jefes de sector de los municipios de Yahualica, Xochiatipan, Huautla y Atlapexco.<\/p>\n\n\n\n<figure class=\"wp-block-image size-full\"><img fetchpriority=\"high\" decoding=\"async\" width=\"1600\" height=\"1200\" src=\"https:\/\/www.zunoticia.com\/noticias-de-hidalgo\/wp-content\/uploads\/2024\/12\/eZy-Watermark_08-12-2024_02-02-26-2650p.m.jpg\" alt=\"\" class=\"wp-image-574946\"\/><\/figure>\n\n\n\n<p>Al respecto, la direcci\u00f3n de Comunicaci\u00f3n Social cuyo director es \u00c1ngel Aquino, enfatiz\u00f3 que, con su presencia en el evento de capacitaci\u00f3n la titular del DIF Municipal reafirm\u00f3 lo importante y fundamental que son los comit\u00e9s de las instituciones educativas del municipio, con quienes est\u00e1 en la disposici\u00f3n de coadyuvar para el beneficio de la comuna estudiantil.<\/p>\n\n\n\n<p>Es importante explicar que, la capacitaci\u00f3n consisti\u00f3 en que tanto consejos de participaci\u00f3n ciudadana, como asociaciones de padres de familia conozcan qu\u00e9 diferencias hay en las funciones de cada uno, para que puedan atraer los beneficios que se requieren en sus instituciones educativas.<\/p>\n","protected":false},"excerpt":{"rendered":"<p>Por Salvador Altamirano\/Zunoticia Yahualica, Hgo.- A invitaci\u00f3n expresa del Subdirector de Servicios Regionales de Atlapexco, Mario Villegas Escobar, la Presidenta del Sistema DIF Municipal, Arisbeth Hern\u00e1ndez Lara, acudi\u00f3 a una capacitaci\u00f3n impartida por personal de la Secretar\u00eda de Educaci\u00f3n P\u00fablica (SEP) a comit\u00e9s de participaci\u00f3n escolar y asociaciones de padres de familia (APF). Al evento,&hellip; <a class=\"more-link\" href=\"https:\/\/www.zunoticia.com\/noticias-de-hidalgo\/2024\/12\/08\/presidenta-del-sistema-dif-municipal-acudio-a-capacitacion-de-la-sep\/\">Seguir leyendo <span class=\"screen-reader-text\">Presidenta del Sistema DIF Municipal acudi\u00f3 a capacitaci\u00f3n de la SEP<\/span><\/a><\/p>\n","protected":false},"author":12,"featured_media":574959,"comment_status":"open","ping_status":"open","sticky":false,"template":"","format":"standard","meta":{"rop_custom_images_group":[],"rop_custom_messages_group":[],"rop_publish_now":"initial","rop_publish_now_accounts":{"facebook_10159540855086992_322828327761733":""},"rop_publish_now_history":[],"rop_publish_now_status":"pending","footnotes":""},"categories":[179,203],"tags":[123],"class_list":["post-574941","post","type-post","status-publish","format-standard","has-post-thumbnail","hentry","category-huasteca","category-yahualica","tag-yahualica","entry"],"_links":{"self":[{"href":"https:\/\/www.zunoticia.com\/noticias-de-hidalgo\/wp-json\/wp\/v2\/posts\/574941","targetHints":{"allow":["GET"]}}],"collection":[{"href":"https:\/\/www.zunoticia.com\/noticias-de-hidalgo\/wp-json\/wp\/v2\/posts"}],"about":[{"href":"https:\/\/www.zunoticia.com\/noticias-de-hidalgo\/wp-json\/wp\/v2\/types\/post"}],"author":[{"embeddable":true,"href":"https:\/\/www.zunoticia.com\/noticias-de-hidalgo\/wp-json\/wp\/v2\/users\/12"}],"replies":[{"embeddable":true,"href":"https:\/\/www.zunoticia.com\/noticias-de-hidalgo\/wp-json\/wp\/v2\/comments?post=574941"}],"version-history":[{"count":1,"href":"https:\/\/www.zunoticia.com\/noticias-de-hidalgo\/wp-json\/wp\/v2\/posts\/574941\/revisions"}],"predecessor-version":[{"id":574953,"href":"https:\/\/www.zunoticia.com\/noticias-de-hidalgo\/wp-json\/wp\/v2\/posts\/574941\/revisions\/574953"}],"wp:featuredmedia":[{"embeddable":true,"href":"https:\/\/www.zunoticia.com\/noticias-de-hidalgo\/wp-json\/wp\/v2\/media\/574959"}],"wp:attachment":[{"href":"https:\/\/www.zunoticia.com\/noticias-de-hidalgo\/wp-json\/wp\/v2\/media?parent=574941"}],"wp:term":[{"taxonomy":"category","embeddable":true,"href":"https:\/\/www.zunoticia.com\/noticias-de-hidalgo\/wp-json\/wp\/v2\/categories?post=574941"},{"taxonomy":"post_tag","embeddable":true,"href":"https:\/\/www.zunoticia.com\/noticias-de-hidalgo\/wp-json\/wp\/v2\/tags?post=574941"}],"curies":[{"name":"wp","href":"https:\/\/api.w.org\/{rel}","templated":true}]}}