{"id":574956,"date":"2024-12-08T15:14:25","date_gmt":"2024-12-08T21:14:25","guid":{"rendered":"https:\/\/www.zunoticia.com\/noticias-de-hidalgo\/?p=574956"},"modified":"2024-12-08T15:14:27","modified_gmt":"2024-12-08T21:14:27","slug":"lluvia-no-fue-impedimento-para-disfrutar-del-encendido-del-arbol-navideno","status":"publish","type":"post","link":"https:\/\/www.zunoticia.com\/noticias-de-hidalgo\/2024\/12\/08\/lluvia-no-fue-impedimento-para-disfrutar-del-encendido-del-arbol-navideno\/","title":{"rendered":"Lluvia no fue impedimento para disfrutar del encendido del \u00e1rbol navide\u00f1o"},"content":{"rendered":"<aside class=\"mashsb-container mashsb-main mashsb-stretched\"><div class=\"mashsb-box\"><div class=\"mashsb-count mash-large\" style=\"float:left\"><div class=\"counts mashsbcount\">0<\/div><span class=\"mashsb-sharetext\">SHARES<\/span><\/div><div class=\"mashsb-buttons\"><a class=\"mashicon-facebook mash-large mash-center mashsb-noshadow\" href=\"https:\/\/www.facebook.com\/sharer.php?u=https%3A%2F%2Fwww.zunoticia.com%2Fnoticias-de-hidalgo%2F2024%2F12%2F08%2Flluvia-no-fue-impedimento-para-disfrutar-del-encendido-del-arbol-navideno%2F\" target=\"_top\" rel=\"nofollow\"><span class=\"icon\"><\/span><span class=\"text\">Share<\/span><\/a><a class=\"mashicon-twitter mash-large mash-center mashsb-noshadow\" href=\"https:\/\/twitter.com\/intent\/tweet?text=&amp;url=https:\/\/www.zunoticia.com\/noticias-de-hidalgo\/2024\/12\/08\/lluvia-no-fue-impedimento-para-disfrutar-del-encendido-del-arbol-navideno\/\" target=\"_top\" rel=\"nofollow\"><span class=\"icon\"><\/span><span class=\"text\">Tweet<\/span><\/a><div class=\"onoffswitch2 mash-large mashsb-noshadow\" style=\"display:none\"><\/div><\/div>\n            <\/div>\n                <div style=\"clear:both\"><\/div><div class=\"mashsb-toggle-container\"><\/div><\/aside>\n            <!-- Share buttons by mashshare.net - Version: 4.0.47-->\n<p><em>Por Karen Rivera\/Zunoticia<\/em><\/p>\n\n\n\n<p><strong>Huejutla de Reyes, Hgo.-<\/strong> A pesar de la lluvia que se registr\u00f3 durante la noche del s\u00e1bado, familias disfrutaron del espect\u00e1culo de fuegos pirot\u00e9cnicos, el desfile y de la vi\u00f1a navide\u00f1a.<\/p>\n\n\n\n<p>Por el ingreso del frente fr\u00edo n\u00famero 13, asociado con una vaguada polar, corriente en chorro subtropical y canales de baja presi\u00f3n, se generaron lloviznas en el municipio la tarde noche del 7 de diciembre del a\u00f1o en curso.<\/p>\n\n\n\n<figure class=\"wp-block-image size-full\"><img fetchpriority=\"high\" decoding=\"async\" width=\"1280\" height=\"721\" src=\"https:\/\/www.zunoticia.com\/noticias-de-hidalgo\/wp-content\/uploads\/2024\/12\/eZy-Watermark_08-12-2024_02-03-56-9030p.m.jpg\" alt=\"\" class=\"wp-image-574951\"\/><\/figure>\n\n\n\n<p>A pesar de la precipitaci\u00f3n pluvial que se registr\u00f3, no fue impedimento para que las familias huejutlenses asistieran al evento programado del desfile navide\u00f1o, el encendido del \u00e1rbol y el recorrido por la vi\u00f1a navide\u00f1a.<\/p>\n\n\n\n<p>Ante la presencia de este cambio clim\u00e1tico y para evitar enfermedades respiratorias, el ayuntamiento dio la pauta para acelerar las actividades programadas en ese d\u00eda.<\/p>\n\n\n\n<p>Al momento de la precipitaci\u00f3n pluvial, las familias que se concentraron en la Plaza 21 de Mayo comenzaron a dispersarse, mientras que otras disfrutaban del espect\u00e1culo.<\/p>\n\n\n\n<figure class=\"wp-block-image size-full\"><img decoding=\"async\" width=\"1280\" height=\"893\" src=\"https:\/\/www.zunoticia.com\/noticias-de-hidalgo\/wp-content\/uploads\/2024\/12\/eZy-Watermark_08-12-2024_02-04-39-6390p.m.jpg\" alt=\"\" class=\"wp-image-574950\"\/><\/figure>\n\n\n\n<p>Posteriormente, se prosigui\u00f3 a cantar el villancico general, en el que se cont\u00f3 con la presencia del alcalde, Jos\u00e9 Alfredo San Rom\u00e1n Duval, y la presidenta del SMDIF, Kristel Rodr\u00edguez Flores, adem\u00e1s de diferentes personalidades del \u00e1mbito educativo.<\/p>\n\n\n\n<p>Este magno evento concluy\u00f3 con el recorrido de la vi\u00f1a navide\u00f1a, la cual disfrutaron decenas de familias.<\/p>\n","protected":false},"excerpt":{"rendered":"<p>Por Karen Rivera\/Zunoticia Huejutla de Reyes, Hgo.- A pesar de la lluvia que se registr\u00f3 durante la noche del s\u00e1bado, familias disfrutaron del espect\u00e1culo de fuegos pirot\u00e9cnicos, el desfile y de la vi\u00f1a navide\u00f1a. Por el ingreso del frente fr\u00edo n\u00famero 13, asociado con una vaguada polar, corriente en chorro subtropical y canales de baja&hellip; <a class=\"more-link\" href=\"https:\/\/www.zunoticia.com\/noticias-de-hidalgo\/2024\/12\/08\/lluvia-no-fue-impedimento-para-disfrutar-del-encendido-del-arbol-navideno\/\">Seguir leyendo <span class=\"screen-reader-text\">Lluvia no fue impedimento para disfrutar del encendido del \u00e1rbol navide\u00f1o<\/span><\/a><\/p>\n","protected":false},"author":12,"featured_media":574949,"comment_status":"open","ping_status":"open","sticky":false,"template":"","format":"standard","meta":{"rop_custom_images_group":[],"rop_custom_messages_group":[],"rop_publish_now":"initial","rop_publish_now_accounts":{"facebook_10159540855086992_322828327761733":""},"rop_publish_now_history":[],"rop_publish_now_status":"pending","footnotes":""},"categories":[181],"tags":[121],"class_list":["post-574956","post","type-post","status-publish","format-standard","has-post-thumbnail","hentry","category-huejutla","tag-huejutla","entry"],"_links":{"self":[{"href":"https:\/\/www.zunoticia.com\/noticias-de-hidalgo\/wp-json\/wp\/v2\/posts\/574956","targetHints":{"allow":["GET"]}}],"collection":[{"href":"https:\/\/www.zunoticia.com\/noticias-de-hidalgo\/wp-json\/wp\/v2\/posts"}],"about":[{"href":"https:\/\/www.zunoticia.com\/noticias-de-hidalgo\/wp-json\/wp\/v2\/types\/post"}],"author":[{"embeddable":true,"href":"https:\/\/www.zunoticia.com\/noticias-de-hidalgo\/wp-json\/wp\/v2\/users\/12"}],"replies":[{"embeddable":true,"href":"https:\/\/www.zunoticia.com\/noticias-de-hidalgo\/wp-json\/wp\/v2\/comments?post=574956"}],"version-history":[{"count":1,"href":"https:\/\/www.zunoticia.com\/noticias-de-hidalgo\/wp-json\/wp\/v2\/posts\/574956\/revisions"}],"predecessor-version":[{"id":574958,"href":"https:\/\/www.zunoticia.com\/noticias-de-hidalgo\/wp-json\/wp\/v2\/posts\/574956\/revisions\/574958"}],"wp:featuredmedia":[{"embeddable":true,"href":"https:\/\/www.zunoticia.com\/noticias-de-hidalgo\/wp-json\/wp\/v2\/media\/574949"}],"wp:attachment":[{"href":"https:\/\/www.zunoticia.com\/noticias-de-hidalgo\/wp-json\/wp\/v2\/media?parent=574956"}],"wp:term":[{"taxonomy":"category","embeddable":true,"href":"https:\/\/www.zunoticia.com\/noticias-de-hidalgo\/wp-json\/wp\/v2\/categories?post=574956"},{"taxonomy":"post_tag","embeddable":true,"href":"https:\/\/www.zunoticia.com\/noticias-de-hidalgo\/wp-json\/wp\/v2\/tags?post=574956"}],"curies":[{"name":"wp","href":"https:\/\/api.w.org\/{rel}","templated":true}]}}