{"id":574964,"date":"2024-12-08T18:09:42","date_gmt":"2024-12-09T00:09:42","guid":{"rendered":"https:\/\/www.zunoticia.com\/noticias-de-hidalgo\/?p=574964"},"modified":"2024-12-08T18:09:44","modified_gmt":"2024-12-09T00:09:44","slug":"ayuntamiento-y-la-fundacion-alex-implementaron-jornada-medica-en-chiatitla","status":"publish","type":"post","link":"https:\/\/www.zunoticia.com\/noticias-de-hidalgo\/2024\/12\/08\/ayuntamiento-y-la-fundacion-alex-implementaron-jornada-medica-en-chiatitla\/","title":{"rendered":"Ayuntamiento y la &#8220;Fundaci\u00f3n Alex&#8221; implementaron jornada m\u00e9dica en Chiatitla"},"content":{"rendered":"<aside class=\"mashsb-container mashsb-main mashsb-stretched\"><div class=\"mashsb-box\"><div class=\"mashsb-count mash-large\" style=\"float:left\"><div class=\"counts mashsbcount\">0<\/div><span class=\"mashsb-sharetext\">SHARES<\/span><\/div><div class=\"mashsb-buttons\"><a class=\"mashicon-facebook mash-large mash-center mashsb-noshadow\" href=\"https:\/\/www.facebook.com\/sharer.php?u=https%3A%2F%2Fwww.zunoticia.com%2Fnoticias-de-hidalgo%2F2024%2F12%2F08%2Fayuntamiento-y-la-fundacion-alex-implementaron-jornada-medica-en-chiatitla%2F\" target=\"_top\" rel=\"nofollow\"><span class=\"icon\"><\/span><span class=\"text\">Share<\/span><\/a><a class=\"mashicon-twitter mash-large mash-center mashsb-noshadow\" href=\"https:\/\/twitter.com\/intent\/tweet?text=&amp;url=https:\/\/www.zunoticia.com\/noticias-de-hidalgo\/2024\/12\/08\/ayuntamiento-y-la-fundacion-alex-implementaron-jornada-medica-en-chiatitla\/\" target=\"_top\" rel=\"nofollow\"><span class=\"icon\"><\/span><span class=\"text\">Tweet<\/span><\/a><div class=\"onoffswitch2 mash-large mashsb-noshadow\" style=\"display:none\"><\/div><\/div>\n            <\/div>\n                <div style=\"clear:both\"><\/div><div class=\"mashsb-toggle-container\"><\/div><\/aside>\n            <!-- Share buttons by mashshare.net - Version: 4.0.47-->\n<p><em>Por Salvador Altamirano\/Zunoticia<\/em><\/p>\n\n\n\n<p><strong>Yahualica, Hgo.-<\/strong> El Ayuntamiento, que preside Francisca Lara Vel\u00e1zquez, a trav\u00e9s del Sistema DIF Municipal, cuya titular es la E.E.Q Arisbeth Hern\u00e1ndez Lara, en coordinaci\u00f3n con la &#8220;Fundaci\u00f3n Alex&#8221;, realizaron el pasado s\u00e1bado una jornada m\u00e9dica en la comunidad de Chiatitla, a la cual asistieron habitantes de localidades inmediatas.<\/p>\n\n\n<div class=\"wp-block-image\">\n<figure class=\"aligncenter size-full\"><img fetchpriority=\"high\" decoding=\"async\" width=\"720\" height=\"873\" src=\"https:\/\/www.zunoticia.com\/noticias-de-hidalgo\/wp-content\/uploads\/2024\/12\/eZy-Watermark_08-12-2024_05-37-12-8230p.m.jpg\" alt=\"\" class=\"wp-image-574978\"\/><\/figure>\n<\/div>\n\n\n<p>Durante la cual se brindaron consultas de medicina general, ex\u00e1menes de la vista y valoraciones dentales, con la finalidad de evitar, a trav\u00e9s de la prevenci\u00f3n, que se contraigan posibles enfermedades y as\u00ed preservar la salud de la poblaci\u00f3n, en especial de las comunidades en donde se encuentran los grupos sociales m\u00e1s vulnerables.<\/p>\n\n\n\n<figure class=\"wp-block-image size-full\"><img decoding=\"async\" width=\"720\" height=\"480\" src=\"https:\/\/www.zunoticia.com\/noticias-de-hidalgo\/wp-content\/uploads\/2024\/12\/eZy-Watermark_08-12-2024_05-38-02-8950p.m.jpg\" alt=\"\" class=\"wp-image-574979\"\/><\/figure>\n\n\n\n<p>Asimismo, en la especialidad de An\u00e1lisis Cl\u00ednicos se realizaron estudios de qu\u00edmica sangu\u00ednea de 6 elementos, biometr\u00eda hem\u00e1tica, examen general de orina, glucosa, colesterol y triglic\u00e9ridos.<\/p>\n\n\n<div class=\"wp-block-image\">\n<figure class=\"aligncenter size-full\"><img decoding=\"async\" width=\"513\" height=\"424\" src=\"https:\/\/www.zunoticia.com\/noticias-de-hidalgo\/wp-content\/uploads\/2024\/12\/eZy-Watermark_08-12-2024_05-37-25-6670p.m.jpg\" alt=\"\" class=\"wp-image-574980\"\/><\/figure>\n<\/div>\n\n\n<p>Es oportuno subrayar que, en el marco de la campa\u00f1a m\u00e9dica de car\u00e1cter gratuito no solamente se brindaron consultas y estudios de an\u00e1lisis cl\u00ednicos, sino que de manera simult\u00e1nea tambi\u00e9n se les entreg\u00f3 a los pacientes medicamentos sin ning\u00fan costo.<\/p>\n\n\n\n<p>Expres\u00f3 la mandataria municipal que, con el firme prop\u00f3sito de preservar la salud de los yahualiquenses, que es una de sus preocupaciones constantes, este tipo de campa\u00f1as se seguir\u00e1n implementando en m\u00e1s comunidades.<\/p>\n","protected":false},"excerpt":{"rendered":"<p>Por Salvador Altamirano\/Zunoticia Yahualica, Hgo.- El Ayuntamiento, que preside Francisca Lara Vel\u00e1zquez, a trav\u00e9s del Sistema DIF Municipal, cuya titular es la E.E.Q Arisbeth Hern\u00e1ndez Lara, en coordinaci\u00f3n con la &#8220;Fundaci\u00f3n Alex&#8221;, realizaron el pasado s\u00e1bado una jornada m\u00e9dica en la comunidad de Chiatitla, a la cual asistieron habitantes de localidades inmediatas. Durante la cual&hellip; <a class=\"more-link\" href=\"https:\/\/www.zunoticia.com\/noticias-de-hidalgo\/2024\/12\/08\/ayuntamiento-y-la-fundacion-alex-implementaron-jornada-medica-en-chiatitla\/\">Seguir leyendo <span class=\"screen-reader-text\">Ayuntamiento y la &#8220;Fundaci\u00f3n Alex&#8221; implementaron jornada m\u00e9dica en Chiatitla<\/span><\/a><\/p>\n","protected":false},"author":12,"featured_media":574977,"comment_status":"open","ping_status":"open","sticky":false,"template":"","format":"standard","meta":{"rop_custom_images_group":[],"rop_custom_messages_group":[],"rop_publish_now":"initial","rop_publish_now_accounts":{"facebook_10159540855086992_322828327761733":""},"rop_publish_now_history":[],"rop_publish_now_status":"pending","footnotes":""},"categories":[179,203],"tags":[123],"class_list":["post-574964","post","type-post","status-publish","format-standard","has-post-thumbnail","hentry","category-huasteca","category-yahualica","tag-yahualica","entry"],"_links":{"self":[{"href":"https:\/\/www.zunoticia.com\/noticias-de-hidalgo\/wp-json\/wp\/v2\/posts\/574964","targetHints":{"allow":["GET"]}}],"collection":[{"href":"https:\/\/www.zunoticia.com\/noticias-de-hidalgo\/wp-json\/wp\/v2\/posts"}],"about":[{"href":"https:\/\/www.zunoticia.com\/noticias-de-hidalgo\/wp-json\/wp\/v2\/types\/post"}],"author":[{"embeddable":true,"href":"https:\/\/www.zunoticia.com\/noticias-de-hidalgo\/wp-json\/wp\/v2\/users\/12"}],"replies":[{"embeddable":true,"href":"https:\/\/www.zunoticia.com\/noticias-de-hidalgo\/wp-json\/wp\/v2\/comments?post=574964"}],"version-history":[{"count":1,"href":"https:\/\/www.zunoticia.com\/noticias-de-hidalgo\/wp-json\/wp\/v2\/posts\/574964\/revisions"}],"predecessor-version":[{"id":574984,"href":"https:\/\/www.zunoticia.com\/noticias-de-hidalgo\/wp-json\/wp\/v2\/posts\/574964\/revisions\/574984"}],"wp:featuredmedia":[{"embeddable":true,"href":"https:\/\/www.zunoticia.com\/noticias-de-hidalgo\/wp-json\/wp\/v2\/media\/574977"}],"wp:attachment":[{"href":"https:\/\/www.zunoticia.com\/noticias-de-hidalgo\/wp-json\/wp\/v2\/media?parent=574964"}],"wp:term":[{"taxonomy":"category","embeddable":true,"href":"https:\/\/www.zunoticia.com\/noticias-de-hidalgo\/wp-json\/wp\/v2\/categories?post=574964"},{"taxonomy":"post_tag","embeddable":true,"href":"https:\/\/www.zunoticia.com\/noticias-de-hidalgo\/wp-json\/wp\/v2\/tags?post=574964"}],"curies":[{"name":"wp","href":"https:\/\/api.w.org\/{rel}","templated":true}]}}