{"id":574967,"date":"2024-12-08T17:32:30","date_gmt":"2024-12-08T23:32:30","guid":{"rendered":"https:\/\/www.zunoticia.com\/noticias-de-hidalgo\/?p=574967"},"modified":"2024-12-08T17:32:31","modified_gmt":"2024-12-08T23:32:31","slug":"yahualica-en-la-colonia-era-alcaldia-mayor-refieren","status":"publish","type":"post","link":"https:\/\/www.zunoticia.com\/noticias-de-hidalgo\/2024\/12\/08\/yahualica-en-la-colonia-era-alcaldia-mayor-refieren\/","title":{"rendered":"Yahualica, en la Colonia era Alcald\u00eda Mayor: Refieren"},"content":{"rendered":"<aside class=\"mashsb-container mashsb-main mashsb-stretched\"><div class=\"mashsb-box\"><div class=\"mashsb-count mash-large\" style=\"float:left\"><div class=\"counts mashsbcount\">0<\/div><span class=\"mashsb-sharetext\">SHARES<\/span><\/div><div class=\"mashsb-buttons\"><a class=\"mashicon-facebook mash-large mash-center mashsb-noshadow\" href=\"https:\/\/www.facebook.com\/sharer.php?u=https%3A%2F%2Fwww.zunoticia.com%2Fnoticias-de-hidalgo%2F2024%2F12%2F08%2Fyahualica-en-la-colonia-era-alcaldia-mayor-refieren%2F\" target=\"_top\" rel=\"nofollow\"><span class=\"icon\"><\/span><span class=\"text\">Share<\/span><\/a><a class=\"mashicon-twitter mash-large mash-center mashsb-noshadow\" href=\"https:\/\/twitter.com\/intent\/tweet?text=&amp;url=https:\/\/www.zunoticia.com\/noticias-de-hidalgo\/2024\/12\/08\/yahualica-en-la-colonia-era-alcaldia-mayor-refieren\/\" target=\"_top\" rel=\"nofollow\"><span class=\"icon\"><\/span><span class=\"text\">Tweet<\/span><\/a><div class=\"onoffswitch2 mash-large mashsb-noshadow\" style=\"display:none\"><\/div><\/div>\n            <\/div>\n                <div style=\"clear:both\"><\/div><div class=\"mashsb-toggle-container\"><\/div><\/aside>\n            <!-- Share buttons by mashshare.net - Version: 4.0.47-->\n<p><em>Por Salvador Altamirano\/Zunoticia<\/em><\/p>\n\n\n\n<p><strong>Yahualica, Hgo.-<\/strong> Ramiro P\u00e9rez Gonz\u00e1lez, quien dijo ser habitante de la regi\u00f3n, manifest\u00f3 que, seg\u00fan ha le\u00eddo en cr\u00f3nicas hist\u00f3ricas, Yahualica en la \u00e9poca de la Colonia era Alcald\u00eda Mayor, a la cual estaban sujetos los actuales municipios de Atlapexco, Huazalingo, Huautla, Xochiatipan y Yahualica.<\/p>\n\n\n\n<p>Especific\u00f3 que, a la cabecera del pueblo, en 1721, estaban sujetos dos Taxilacallis (barrios), 22 rancher\u00edas y 7 pueblos: Aguacatitl\u00e1n, Pachiquitla, Xochiatipan, Santiago, Santa Teresa, Tacac\u00e1huaco y Zoquitipan.<\/p>\n\n\n\n<p>Agreg\u00f3 que, no obstante, en 1740, Santa Catarina, Xochiatipan se constituy\u00f3 en cabecera India y, aunque sigui\u00f3 perteneciendo a la Alcald\u00eda Mayor, ya no depend\u00eda del Cabildo de Yahualica, ya que su separaci\u00f3n obedeci\u00f3 a que era uno de los pueblos con mayor n\u00famero de habitantes y el m\u00e1s distante.<\/p>\n\n\n\n<p>Asimismo, refiri\u00f3 que, seg\u00fan el libro denominado &#8220;La Alcald\u00eda Mayor de Yahualica&#8221;, de Ludka de Gortari Krauss, Yahualica era la instituci\u00f3n colonial en donde estaba la organizaci\u00f3n de las unidades pol\u00edtico &#8211; territoriales indias, constituidas por cabecera y sujetos.<\/p>\n\n\n\n<p>Para concluir, coment\u00f3 que la Alcald\u00eda Mayor de Yahualica era la responsable de concentrar el tributo para el rey, de coordinar que se cumpliera con las obligaciones impuestas por la encomienda, los curas y los alcaldes, asimismo, era el encargado de las tierras y bienes de comunidad, los administraba y proteg\u00eda.<\/p>\n","protected":false},"excerpt":{"rendered":"<p>Por Salvador Altamirano\/Zunoticia Yahualica, Hgo.- Ramiro P\u00e9rez Gonz\u00e1lez, quien dijo ser habitante de la regi\u00f3n, manifest\u00f3 que, seg\u00fan ha le\u00eddo en cr\u00f3nicas hist\u00f3ricas, Yahualica en la \u00e9poca de la Colonia era Alcald\u00eda Mayor, a la cual estaban sujetos los actuales municipios de Atlapexco, Huazalingo, Huautla, Xochiatipan y Yahualica. Especific\u00f3 que, a la cabecera del pueblo,&hellip; <a class=\"more-link\" href=\"https:\/\/www.zunoticia.com\/noticias-de-hidalgo\/2024\/12\/08\/yahualica-en-la-colonia-era-alcaldia-mayor-refieren\/\">Seguir leyendo <span class=\"screen-reader-text\">Yahualica, en la Colonia era Alcald\u00eda Mayor: Refieren<\/span><\/a><\/p>\n","protected":false},"author":12,"featured_media":574960,"comment_status":"open","ping_status":"open","sticky":false,"template":"","format":"standard","meta":{"rop_custom_images_group":[],"rop_custom_messages_group":[],"rop_publish_now":"initial","rop_publish_now_accounts":{"facebook_10159540855086992_322828327761733":""},"rop_publish_now_history":[],"rop_publish_now_status":"pending","footnotes":""},"categories":[179,203],"tags":[123],"class_list":["post-574967","post","type-post","status-publish","format-standard","has-post-thumbnail","hentry","category-huasteca","category-yahualica","tag-yahualica","entry"],"_links":{"self":[{"href":"https:\/\/www.zunoticia.com\/noticias-de-hidalgo\/wp-json\/wp\/v2\/posts\/574967","targetHints":{"allow":["GET"]}}],"collection":[{"href":"https:\/\/www.zunoticia.com\/noticias-de-hidalgo\/wp-json\/wp\/v2\/posts"}],"about":[{"href":"https:\/\/www.zunoticia.com\/noticias-de-hidalgo\/wp-json\/wp\/v2\/types\/post"}],"author":[{"embeddable":true,"href":"https:\/\/www.zunoticia.com\/noticias-de-hidalgo\/wp-json\/wp\/v2\/users\/12"}],"replies":[{"embeddable":true,"href":"https:\/\/www.zunoticia.com\/noticias-de-hidalgo\/wp-json\/wp\/v2\/comments?post=574967"}],"version-history":[{"count":1,"href":"https:\/\/www.zunoticia.com\/noticias-de-hidalgo\/wp-json\/wp\/v2\/posts\/574967\/revisions"}],"predecessor-version":[{"id":574968,"href":"https:\/\/www.zunoticia.com\/noticias-de-hidalgo\/wp-json\/wp\/v2\/posts\/574967\/revisions\/574968"}],"wp:featuredmedia":[{"embeddable":true,"href":"https:\/\/www.zunoticia.com\/noticias-de-hidalgo\/wp-json\/wp\/v2\/media\/574960"}],"wp:attachment":[{"href":"https:\/\/www.zunoticia.com\/noticias-de-hidalgo\/wp-json\/wp\/v2\/media?parent=574967"}],"wp:term":[{"taxonomy":"category","embeddable":true,"href":"https:\/\/www.zunoticia.com\/noticias-de-hidalgo\/wp-json\/wp\/v2\/categories?post=574967"},{"taxonomy":"post_tag","embeddable":true,"href":"https:\/\/www.zunoticia.com\/noticias-de-hidalgo\/wp-json\/wp\/v2\/tags?post=574967"}],"curies":[{"name":"wp","href":"https:\/\/api.w.org\/{rel}","templated":true}]}}