{"id":575026,"date":"2024-12-08T22:09:53","date_gmt":"2024-12-09T04:09:53","guid":{"rendered":"https:\/\/www.zunoticia.com\/noticias-de-hidalgo\/?p=575026"},"modified":"2024-12-08T22:09:54","modified_gmt":"2024-12-09T04:09:54","slug":"en-barrio-arriba-realizaron-la-velacion-a-la-morenita-del-tepeyac","status":"publish","type":"post","link":"https:\/\/www.zunoticia.com\/noticias-de-hidalgo\/2024\/12\/08\/en-barrio-arriba-realizaron-la-velacion-a-la-morenita-del-tepeyac\/","title":{"rendered":"En Barrio Arriba realizaron la velaci\u00f3n a la Morenita del Tepeyac"},"content":{"rendered":"<aside class=\"mashsb-container mashsb-main mashsb-stretched\"><div class=\"mashsb-box\"><div class=\"mashsb-count mash-large\" style=\"float:left\"><div class=\"counts mashsbcount\">0<\/div><span class=\"mashsb-sharetext\">SHARES<\/span><\/div><div class=\"mashsb-buttons\"><a class=\"mashicon-facebook mash-large mash-center mashsb-noshadow\" href=\"https:\/\/www.facebook.com\/sharer.php?u=https%3A%2F%2Fwww.zunoticia.com%2Fnoticias-de-hidalgo%2F2024%2F12%2F08%2Fen-barrio-arriba-realizaron-la-velacion-a-la-morenita-del-tepeyac%2F\" target=\"_top\" rel=\"nofollow\"><span class=\"icon\"><\/span><span class=\"text\">Share<\/span><\/a><a class=\"mashicon-twitter mash-large mash-center mashsb-noshadow\" href=\"https:\/\/twitter.com\/intent\/tweet?text=&amp;url=https:\/\/www.zunoticia.com\/noticias-de-hidalgo\/2024\/12\/08\/en-barrio-arriba-realizaron-la-velacion-a-la-morenita-del-tepeyac\/\" target=\"_top\" rel=\"nofollow\"><span class=\"icon\"><\/span><span class=\"text\">Tweet<\/span><\/a><div class=\"onoffswitch2 mash-large mashsb-noshadow\" style=\"display:none\"><\/div><\/div>\n            <\/div>\n                <div style=\"clear:both\"><\/div><div class=\"mashsb-toggle-container\"><\/div><\/aside>\n            <!-- Share buttons by mashshare.net - Version: 4.0.47-->\n<p><em>Por Karen Rivera\/Zunoticia<\/em><\/p>\n\n\n\n<p><strong>Huejutla de Reyes, Hgo.-<\/strong> Con una solemne ceremonia y la melod\u00eda de la Xochipitzahuatl, tradicional canto dedicado a la Virgen de Guadalupe, dio inicio la velaci\u00f3n en honor a la Madre de todos los mexicanos en el Barrio Arriba.<\/p>\n\n\n\n<p>La solemne celebraci\u00f3n congreg\u00f3 a vecinos y feligreses, quienes se reunieron para rendir homenaje a la imagen de la Morenita de Tepeyac y orar por el bienestar de las familias de la comunidad.<\/p>\n\n\n\n<p>A lo largo de la velaci\u00f3n, los asistentes expresaron su gratitud a la Virgen por un a\u00f1o m\u00e1s de vida y por las bendiciones que recibieron durante el a\u00f1o.<\/p>\n\n\n\n<p>En un ambiente de devoci\u00f3n, las oraciones fueron acompa\u00f1adas de c\u00e1nticos y ofrendas, reflejando la profunda fe de la comunidad.<\/p>\n\n\n\n<figure class=\"wp-block-image size-full\"><img fetchpriority=\"high\" decoding=\"async\" width=\"1280\" height=\"720\" src=\"https:\/\/www.zunoticia.com\/noticias-de-hidalgo\/wp-content\/uploads\/2024\/12\/WhatsApp-Image-2024-12-08-at-9.59.10-PM-1.jpeg\" alt=\"\" class=\"wp-image-575028\"\/><\/figure>\n\n\n\n<p>En el marco de esta festividad, el presb\u00edtero que presidi\u00f3 la celebraci\u00f3n eucar\u00edstica solicit\u00f3 a los feligreses a seguir orando y a vivir las fiestas Guadalupanas con fe y fervor, recordando el significado espiritual de esta fecha para los mexicanos y su vinculaci\u00f3n con la Virgen de Guadalupe.<\/p>\n\n\n\n<p>La velaci\u00f3n, que se extender\u00e1 durante toda la noche, es una de las actividades m\u00e1s significativas de la celebraci\u00f3n religiosa que une a los habitantes del barrio en un acto de comunidad y devoci\u00f3n.<\/p>\n","protected":false},"excerpt":{"rendered":"<p>Por Karen Rivera\/Zunoticia Huejutla de Reyes, Hgo.- Con una solemne ceremonia y la melod\u00eda de la Xochipitzahuatl, tradicional canto dedicado a la Virgen de Guadalupe, dio inicio la velaci\u00f3n en honor a la Madre de todos los mexicanos en el Barrio Arriba. La solemne celebraci\u00f3n congreg\u00f3 a vecinos y feligreses, quienes se reunieron para rendir&hellip; <a class=\"more-link\" href=\"https:\/\/www.zunoticia.com\/noticias-de-hidalgo\/2024\/12\/08\/en-barrio-arriba-realizaron-la-velacion-a-la-morenita-del-tepeyac\/\">Seguir leyendo <span class=\"screen-reader-text\">En Barrio Arriba realizaron la velaci\u00f3n a la Morenita del Tepeyac<\/span><\/a><\/p>\n","protected":false},"author":22,"featured_media":575027,"comment_status":"open","ping_status":"open","sticky":false,"template":"","format":"standard","meta":{"rop_custom_images_group":[],"rop_custom_messages_group":[],"rop_publish_now":"initial","rop_publish_now_accounts":{"facebook_10159540855086992_322828327761733":""},"rop_publish_now_history":[],"rop_publish_now_status":"pending","footnotes":""},"categories":[181],"tags":[121],"class_list":["post-575026","post","type-post","status-publish","format-standard","has-post-thumbnail","hentry","category-huejutla","tag-huejutla","entry"],"_links":{"self":[{"href":"https:\/\/www.zunoticia.com\/noticias-de-hidalgo\/wp-json\/wp\/v2\/posts\/575026","targetHints":{"allow":["GET"]}}],"collection":[{"href":"https:\/\/www.zunoticia.com\/noticias-de-hidalgo\/wp-json\/wp\/v2\/posts"}],"about":[{"href":"https:\/\/www.zunoticia.com\/noticias-de-hidalgo\/wp-json\/wp\/v2\/types\/post"}],"author":[{"embeddable":true,"href":"https:\/\/www.zunoticia.com\/noticias-de-hidalgo\/wp-json\/wp\/v2\/users\/22"}],"replies":[{"embeddable":true,"href":"https:\/\/www.zunoticia.com\/noticias-de-hidalgo\/wp-json\/wp\/v2\/comments?post=575026"}],"version-history":[{"count":1,"href":"https:\/\/www.zunoticia.com\/noticias-de-hidalgo\/wp-json\/wp\/v2\/posts\/575026\/revisions"}],"predecessor-version":[{"id":575029,"href":"https:\/\/www.zunoticia.com\/noticias-de-hidalgo\/wp-json\/wp\/v2\/posts\/575026\/revisions\/575029"}],"wp:featuredmedia":[{"embeddable":true,"href":"https:\/\/www.zunoticia.com\/noticias-de-hidalgo\/wp-json\/wp\/v2\/media\/575027"}],"wp:attachment":[{"href":"https:\/\/www.zunoticia.com\/noticias-de-hidalgo\/wp-json\/wp\/v2\/media?parent=575026"}],"wp:term":[{"taxonomy":"category","embeddable":true,"href":"https:\/\/www.zunoticia.com\/noticias-de-hidalgo\/wp-json\/wp\/v2\/categories?post=575026"},{"taxonomy":"post_tag","embeddable":true,"href":"https:\/\/www.zunoticia.com\/noticias-de-hidalgo\/wp-json\/wp\/v2\/tags?post=575026"}],"curies":[{"name":"wp","href":"https:\/\/api.w.org\/{rel}","templated":true}]}}