{"id":575260,"date":"2024-12-10T15:37:14","date_gmt":"2024-12-10T21:37:14","guid":{"rendered":"https:\/\/www.zunoticia.com\/noticias-de-hidalgo\/?p=575260"},"modified":"2024-12-10T15:37:17","modified_gmt":"2024-12-10T21:37:17","slug":"inicio-en-el-ayuntamiento-el-periodo-vacacional-de-fin-de-ano","status":"publish","type":"post","link":"https:\/\/www.zunoticia.com\/noticias-de-hidalgo\/2024\/12\/10\/inicio-en-el-ayuntamiento-el-periodo-vacacional-de-fin-de-ano\/","title":{"rendered":"Inici\u00f3 en el ayuntamiento el periodo vacacional de fin de a\u00f1o"},"content":{"rendered":"<aside class=\"mashsb-container mashsb-main mashsb-stretched\"><div class=\"mashsb-box\"><div class=\"mashsb-count mash-large\" style=\"float:left\"><div class=\"counts mashsbcount\">0<\/div><span class=\"mashsb-sharetext\">SHARES<\/span><\/div><div class=\"mashsb-buttons\"><a class=\"mashicon-facebook mash-large mash-center mashsb-noshadow\" href=\"https:\/\/www.facebook.com\/sharer.php?u=https%3A%2F%2Fwww.zunoticia.com%2Fnoticias-de-hidalgo%2F2024%2F12%2F10%2Finicio-en-el-ayuntamiento-el-periodo-vacacional-de-fin-de-ano%2F\" target=\"_top\" rel=\"nofollow\"><span class=\"icon\"><\/span><span class=\"text\">Share<\/span><\/a><a class=\"mashicon-twitter mash-large mash-center mashsb-noshadow\" href=\"https:\/\/twitter.com\/intent\/tweet?text=&amp;url=https:\/\/www.zunoticia.com\/noticias-de-hidalgo\/2024\/12\/10\/inicio-en-el-ayuntamiento-el-periodo-vacacional-de-fin-de-ano\/\" target=\"_top\" rel=\"nofollow\"><span class=\"icon\"><\/span><span class=\"text\">Tweet<\/span><\/a><div class=\"onoffswitch2 mash-large mashsb-noshadow\" style=\"display:none\"><\/div><\/div>\n            <\/div>\n                <div style=\"clear:both\"><\/div><div class=\"mashsb-toggle-container\"><\/div><\/aside>\n            <!-- Share buttons by mashshare.net - Version: 4.0.47-->\n<p><em>Por Salvador Altamirano\/Zunoticia<\/em><\/p>\n\n\n\n<p><strong>Yahualica, Hgo<\/strong>.- Personal adscrito al ayuntamiento que preside Francisca Lara Vel\u00e1zquez, inici\u00f3 desde el pasado lunes el periodo vacacional de fin de a\u00f1o, con motivo de los festejos tradicionales de Navidad y A\u00f1o Nuevo.<\/p>\n\n\n\n<p>Especific\u00f3 Comunicaci\u00f3n Social, cuyo director es \u00c1ngel Aquino, que el espacio vacacional est\u00e1 vigente del 09 de diciembre del 2024 (pasado lunes) al 06 de enero del 2025, o sea, que redundar\u00e1 en un total de 28 d\u00edas.<\/p>\n\n\n\n<p>Sin embargo -agreg\u00f3-, hay \u00e1reas que est\u00e1n y estar\u00e1n otorgando atenci\u00f3n al p\u00fablico con personal de guardia hasta el 19 de diciembre (pr\u00f3ximo jueves).<\/p>\n\n\n\n<p>A pregunta formulada, detallaron que, las dependencias en referencia son el Registro del Estado Familiar (Registro Civil); Tesorer\u00eda; Juzgado Conciliador; Obras P\u00fablicas; Protecci\u00f3n Civil y Seguridad P\u00fablica Municipal.<\/p>\n\n\n\n<p>Para finalizar, subrayaron que, las \u00e1reas que estar\u00e1n siempre atendiendo a la ciudadan\u00eda durante todo el per\u00edodo vacacional, sin ning\u00fan d\u00eda de excepci\u00f3n son Protecci\u00f3n Civil y la Polic\u00eda Municipal.<\/p>\n","protected":false},"excerpt":{"rendered":"<p>Por Salvador Altamirano\/Zunoticia Yahualica, Hgo.- Personal adscrito al ayuntamiento que preside Francisca Lara Vel\u00e1zquez, inici\u00f3 desde el pasado lunes el periodo vacacional de fin de a\u00f1o, con motivo de los festejos tradicionales de Navidad y A\u00f1o Nuevo. Especific\u00f3 Comunicaci\u00f3n Social, cuyo director es \u00c1ngel Aquino, que el espacio vacacional est\u00e1 vigente del 09 de diciembre&hellip; <a class=\"more-link\" href=\"https:\/\/www.zunoticia.com\/noticias-de-hidalgo\/2024\/12\/10\/inicio-en-el-ayuntamiento-el-periodo-vacacional-de-fin-de-ano\/\">Seguir leyendo <span class=\"screen-reader-text\">Inici\u00f3 en el ayuntamiento el periodo vacacional de fin de a\u00f1o<\/span><\/a><\/p>\n","protected":false},"author":20,"featured_media":575261,"comment_status":"open","ping_status":"open","sticky":false,"template":"","format":"standard","meta":{"rop_custom_images_group":[],"rop_custom_messages_group":[],"rop_publish_now":"initial","rop_publish_now_accounts":{"facebook_10159540855086992_322828327761733":""},"rop_publish_now_history":[],"rop_publish_now_status":"pending","footnotes":""},"categories":[179,203],"tags":[229,123],"class_list":["post-575260","post","type-post","status-publish","format-standard","has-post-thumbnail","hentry","category-huasteca","category-yahualica","tag-huasteca","tag-yahualica","entry"],"_links":{"self":[{"href":"https:\/\/www.zunoticia.com\/noticias-de-hidalgo\/wp-json\/wp\/v2\/posts\/575260","targetHints":{"allow":["GET"]}}],"collection":[{"href":"https:\/\/www.zunoticia.com\/noticias-de-hidalgo\/wp-json\/wp\/v2\/posts"}],"about":[{"href":"https:\/\/www.zunoticia.com\/noticias-de-hidalgo\/wp-json\/wp\/v2\/types\/post"}],"author":[{"embeddable":true,"href":"https:\/\/www.zunoticia.com\/noticias-de-hidalgo\/wp-json\/wp\/v2\/users\/20"}],"replies":[{"embeddable":true,"href":"https:\/\/www.zunoticia.com\/noticias-de-hidalgo\/wp-json\/wp\/v2\/comments?post=575260"}],"version-history":[{"count":1,"href":"https:\/\/www.zunoticia.com\/noticias-de-hidalgo\/wp-json\/wp\/v2\/posts\/575260\/revisions"}],"predecessor-version":[{"id":575262,"href":"https:\/\/www.zunoticia.com\/noticias-de-hidalgo\/wp-json\/wp\/v2\/posts\/575260\/revisions\/575262"}],"wp:featuredmedia":[{"embeddable":true,"href":"https:\/\/www.zunoticia.com\/noticias-de-hidalgo\/wp-json\/wp\/v2\/media\/575261"}],"wp:attachment":[{"href":"https:\/\/www.zunoticia.com\/noticias-de-hidalgo\/wp-json\/wp\/v2\/media?parent=575260"}],"wp:term":[{"taxonomy":"category","embeddable":true,"href":"https:\/\/www.zunoticia.com\/noticias-de-hidalgo\/wp-json\/wp\/v2\/categories?post=575260"},{"taxonomy":"post_tag","embeddable":true,"href":"https:\/\/www.zunoticia.com\/noticias-de-hidalgo\/wp-json\/wp\/v2\/tags?post=575260"}],"curies":[{"name":"wp","href":"https:\/\/api.w.org\/{rel}","templated":true}]}}