{"id":575300,"date":"2024-12-10T17:46:14","date_gmt":"2024-12-10T23:46:14","guid":{"rendered":"https:\/\/www.zunoticia.com\/noticias-de-hidalgo\/?p=575300"},"modified":"2024-12-10T17:46:16","modified_gmt":"2024-12-10T23:46:16","slug":"alcaldesa-acudio-a-1era-sesion-del-consejo-municipal-de-coordinacion-de-seguridad-publica","status":"publish","type":"post","link":"https:\/\/www.zunoticia.com\/noticias-de-hidalgo\/2024\/12\/10\/alcaldesa-acudio-a-1era-sesion-del-consejo-municipal-de-coordinacion-de-seguridad-publica\/","title":{"rendered":"Alcaldesa acudi\u00f3 a 1era. sesi\u00f3n del Consejo Municipal de Coordinaci\u00f3n de Seguridad P\u00fablica"},"content":{"rendered":"<aside class=\"mashsb-container mashsb-main mashsb-stretched\"><div class=\"mashsb-box\"><div class=\"mashsb-count mash-large\" style=\"float:left\"><div class=\"counts mashsbcount\">0<\/div><span class=\"mashsb-sharetext\">SHARES<\/span><\/div><div class=\"mashsb-buttons\"><a class=\"mashicon-facebook mash-large mash-center mashsb-noshadow\" href=\"https:\/\/www.facebook.com\/sharer.php?u=https%3A%2F%2Fwww.zunoticia.com%2Fnoticias-de-hidalgo%2F2024%2F12%2F10%2Falcaldesa-acudio-a-1era-sesion-del-consejo-municipal-de-coordinacion-de-seguridad-publica%2F\" target=\"_top\" rel=\"nofollow\"><span class=\"icon\"><\/span><span class=\"text\">Share<\/span><\/a><a class=\"mashicon-twitter mash-large mash-center mashsb-noshadow\" href=\"https:\/\/twitter.com\/intent\/tweet?text=&amp;url=https:\/\/www.zunoticia.com\/noticias-de-hidalgo\/2024\/12\/10\/alcaldesa-acudio-a-1era-sesion-del-consejo-municipal-de-coordinacion-de-seguridad-publica\/\" target=\"_top\" rel=\"nofollow\"><span class=\"icon\"><\/span><span class=\"text\">Tweet<\/span><\/a><div class=\"onoffswitch2 mash-large mashsb-noshadow\" style=\"display:none\"><\/div><\/div>\n            <\/div>\n                <div style=\"clear:both\"><\/div><div class=\"mashsb-toggle-container\"><\/div><\/aside>\n            <!-- Share buttons by mashshare.net - Version: 4.0.47-->\n<p><em>Por Salvador Altamirano\/Zunoticia<\/em><\/p>\n\n\n\n<p><strong>Yahualica, Hgo<\/strong>.- Consciente que la protecci\u00f3n a la ciudadan\u00eda es de vital necesidad, la alcaldesa Francisca Lara Vel\u00e1zquez asisti\u00f3 el pasado lunes al municipio de Huazalingo para participar en la &#8220;Primera sesi\u00f3n del Consejo Municipal de Coordinaci\u00f3n de Seguridad P\u00fablica\u201d.<\/p>\n\n\n\n<p>El evento, en donde se llev\u00f3 a cabo la toma de protesta de los nuevos integrantes del consejo, fue presidido por la Licenciada Arlene Cano Espinoza, quien acudi\u00f3 en representaci\u00f3n del secretario ejecutivo del Consejo Estatal de Seguridad P\u00fablica.<\/p>\n\n\n\n<p>A la importante sesi\u00f3n, acompa\u00f1aron a la alcaldesa el director de Seguridad P\u00fablica Municipal, Yovani Alonso S\u00e1nchez; el secretario ejecutivo del Consejo Municipal; Arturo Pimentel y el regidor de la Comisi\u00f3n de Seguridad P\u00fablica Municipal, Benjam\u00edn Larragoiti Mojica.<\/p>\n\n\n\n<p>Es oportuno mencionar que, seg\u00fan comentarios de la ciudadan\u00eda, la participaci\u00f3n de la presidenta municipal demuestra su preocupaci\u00f3n constante de velar por los bienes e integridad f\u00edsica de los habitantes de Yahualica.<\/p>\n","protected":false},"excerpt":{"rendered":"<p>Por Salvador Altamirano\/Zunoticia Yahualica, Hgo.- Consciente que la protecci\u00f3n a la ciudadan\u00eda es de vital necesidad, la alcaldesa Francisca Lara Vel\u00e1zquez asisti\u00f3 el pasado lunes al municipio de Huazalingo para participar en la &#8220;Primera sesi\u00f3n del Consejo Municipal de Coordinaci\u00f3n de Seguridad P\u00fablica\u201d. El evento, en donde se llev\u00f3 a cabo la toma de protesta&hellip; <a class=\"more-link\" href=\"https:\/\/www.zunoticia.com\/noticias-de-hidalgo\/2024\/12\/10\/alcaldesa-acudio-a-1era-sesion-del-consejo-municipal-de-coordinacion-de-seguridad-publica\/\">Seguir leyendo <span class=\"screen-reader-text\">Alcaldesa acudi\u00f3 a 1era. sesi\u00f3n del Consejo Municipal de Coordinaci\u00f3n de Seguridad P\u00fablica<\/span><\/a><\/p>\n","protected":false},"author":20,"featured_media":575301,"comment_status":"open","ping_status":"open","sticky":false,"template":"","format":"standard","meta":{"rop_custom_images_group":[],"rop_custom_messages_group":[],"rop_publish_now":"initial","rop_publish_now_accounts":{"facebook_10159540855086992_322828327761733":""},"rop_publish_now_history":[],"rop_publish_now_status":"pending","footnotes":""},"categories":[179,203],"tags":[229,123],"class_list":["post-575300","post","type-post","status-publish","format-standard","has-post-thumbnail","hentry","category-huasteca","category-yahualica","tag-huasteca","tag-yahualica","entry"],"_links":{"self":[{"href":"https:\/\/www.zunoticia.com\/noticias-de-hidalgo\/wp-json\/wp\/v2\/posts\/575300","targetHints":{"allow":["GET"]}}],"collection":[{"href":"https:\/\/www.zunoticia.com\/noticias-de-hidalgo\/wp-json\/wp\/v2\/posts"}],"about":[{"href":"https:\/\/www.zunoticia.com\/noticias-de-hidalgo\/wp-json\/wp\/v2\/types\/post"}],"author":[{"embeddable":true,"href":"https:\/\/www.zunoticia.com\/noticias-de-hidalgo\/wp-json\/wp\/v2\/users\/20"}],"replies":[{"embeddable":true,"href":"https:\/\/www.zunoticia.com\/noticias-de-hidalgo\/wp-json\/wp\/v2\/comments?post=575300"}],"version-history":[{"count":1,"href":"https:\/\/www.zunoticia.com\/noticias-de-hidalgo\/wp-json\/wp\/v2\/posts\/575300\/revisions"}],"predecessor-version":[{"id":575302,"href":"https:\/\/www.zunoticia.com\/noticias-de-hidalgo\/wp-json\/wp\/v2\/posts\/575300\/revisions\/575302"}],"wp:featuredmedia":[{"embeddable":true,"href":"https:\/\/www.zunoticia.com\/noticias-de-hidalgo\/wp-json\/wp\/v2\/media\/575301"}],"wp:attachment":[{"href":"https:\/\/www.zunoticia.com\/noticias-de-hidalgo\/wp-json\/wp\/v2\/media?parent=575300"}],"wp:term":[{"taxonomy":"category","embeddable":true,"href":"https:\/\/www.zunoticia.com\/noticias-de-hidalgo\/wp-json\/wp\/v2\/categories?post=575300"},{"taxonomy":"post_tag","embeddable":true,"href":"https:\/\/www.zunoticia.com\/noticias-de-hidalgo\/wp-json\/wp\/v2\/tags?post=575300"}],"curies":[{"name":"wp","href":"https:\/\/api.w.org\/{rel}","templated":true}]}}