{"id":575423,"date":"2024-12-11T14:49:10","date_gmt":"2024-12-11T20:49:10","guid":{"rendered":"https:\/\/www.zunoticia.com\/noticias-de-hidalgo\/?p=575423"},"modified":"2024-12-11T14:49:12","modified_gmt":"2024-12-11T20:49:12","slug":"reaparecio-amado-perez-luego-de-un-mes-y-medio-de-haber-solicitado-licencia","status":"publish","type":"post","link":"https:\/\/www.zunoticia.com\/noticias-de-hidalgo\/2024\/12\/11\/reaparecio-amado-perez-luego-de-un-mes-y-medio-de-haber-solicitado-licencia\/","title":{"rendered":"Reapareci\u00f3 Amado P\u00e9rez, luego de un mes y medio de haber solicitado licencia"},"content":{"rendered":"<aside class=\"mashsb-container mashsb-main mashsb-stretched\"><div class=\"mashsb-box\"><div class=\"mashsb-count mash-large\" style=\"float:left\"><div class=\"counts mashsbcount\">0<\/div><span class=\"mashsb-sharetext\">SHARES<\/span><\/div><div class=\"mashsb-buttons\"><a class=\"mashicon-facebook mash-large mash-center mashsb-noshadow\" href=\"https:\/\/www.facebook.com\/sharer.php?u=https%3A%2F%2Fwww.zunoticia.com%2Fnoticias-de-hidalgo%2F2024%2F12%2F11%2Freaparecio-amado-perez-luego-de-un-mes-y-medio-de-haber-solicitado-licencia%2F\" target=\"_top\" rel=\"nofollow\"><span class=\"icon\"><\/span><span class=\"text\">Share<\/span><\/a><a class=\"mashicon-twitter mash-large mash-center mashsb-noshadow\" href=\"https:\/\/twitter.com\/intent\/tweet?text=&amp;url=https:\/\/www.zunoticia.com\/noticias-de-hidalgo\/2024\/12\/11\/reaparecio-amado-perez-luego-de-un-mes-y-medio-de-haber-solicitado-licencia\/\" target=\"_top\" rel=\"nofollow\"><span class=\"icon\"><\/span><span class=\"text\">Tweet<\/span><\/a><div class=\"onoffswitch2 mash-large mashsb-noshadow\" style=\"display:none\"><\/div><\/div>\n            <\/div>\n                <div style=\"clear:both\"><\/div><div class=\"mashsb-toggle-container\"><\/div><\/aside>\n            <!-- Share buttons by mashshare.net - Version: 4.0.47-->\n<ul class=\"wp-block-list\">\n<li>\u201cVamos a trabajar por el bien de los zacualtipenses\u201d, dijo a Zunoticia Global.<\/li>\n<\/ul>\n\n\n\n<p><em>Por Georgina Jaramillo\/Zunoticia<\/em><\/p>\n\n\n\n<p><strong>Zacualtip\u00e1n de \u00c1ngeles, Hgo<\/strong>.- \u201cCallaremos muchas bocas y continuaremos, trabajar\u00e9 por el bien de los zacualtipenses\u201d, fueron las primeras palabras del alcalde Amado P\u00e9rez Hern\u00e1ndez, al ser abordado por Zunoticia Global, al reaparecer durante la media noche del martes en el marco de un evento navide\u00f1o que era presenciado por miles de zacualtipenses y en el que alumnos de diferentes instituciones educativas participaban como parte de la celebraci\u00f3n de la \u00e9poca decembrina.<\/p>\n\n\n\n<p>Al preguntarle c\u00f3mo se encontraba y si estar\u00e1 de regreso, respondi\u00f3 \u201cestoy bien, estoy contento al estar aqu\u00ed en esta bonita celebraci\u00f3n con el pueblo de Zacualtip\u00e1n; agradecido con Dios, con mi familia y con mi equipo de trabajo y desde luego con el pueblo de Zacualtip\u00e1n. No tengo palabras para agradecer tantas muestras de afecto y apoyo, vamos a seguir trabajando como siempre, vamos a callar bocas y vamos a demostrar que todas las difamaciones que nos han echado encima y que con todas las piedras que nos han aventado estamos construyendo una muralla para protegernos y ser m\u00e1s fuertes\u201d, expres\u00f3 Amado P\u00e9rez Hern\u00e1ndez.<\/p>\n\n\n\n<p>En medio de aplausos y porras, P\u00e9rez Hern\u00e1ndez se encamin\u00f3 hac\u00eda el estrado principal donde se desarrollaba el evento navide\u00f1o y durante su trayecto fue saludando de mano y abrazos a cada uno de los ciudadanos que se topaba, quienes le manifestaban su apoyo y respaldo con palabras de afecto.<\/p>\n\n\n\n<p>Al llegar al escenario, el conductor del festival navide\u00f1o anunci\u00f3 al p\u00fablico una sorpresa, al tiempo que hac\u00eda acto de presencia el alcalde Amado P\u00e9rez Hern\u00e1ndez, en compa\u00f1\u00eda de su esposa la se\u00f1ora Arely Guti\u00e9rrez, presidenta del DIF; el Lic. Usiel Cerecedo Espinoza, secretario general del Ayuntamiento, as\u00ed como los regidores de su partido (PT).<\/p>\n\n\n\n<p>Al hacer uso del micr\u00f3fono, Amado P\u00e9rez Hern\u00e1ndez dirigi\u00f3 unas palabras de agradecimiento al p\u00fablico presente, as\u00ed como a todos los grupos religiosos quienes- dijo- han estado orando por \u00e9l y su familia; al tiempo que reiter\u00f3 su compromiso de trabajo con todos los zacualtipenses \u201cuna vez m\u00e1s en esta plaza quiero, primero que nada darle gracias a Dios y una vez m\u00e1s estamos sorteando una adversidad que nos ponen en el camino; una vez m\u00e1s voy a poner este proyecto en manos de Dios y s\u00e9 que Dios nos va a sacar adelante para gobernar dignamente este pueblo que son ustedes, de todo coraz\u00f3n muchas gracias\u201d, expreso.<\/p>\n\n\n\n<p>Fue alrededor de las 11:00 de la noche, cuando trabajadores del ayuntamiento formaron una valla en el acceso principal de la alcald\u00eda y luego de varios minutos de espera, el presidente municipal de Zacualtip\u00e1n sali\u00f3 del interior del palacio municipal, acompa\u00f1ado de varios de sus funcionarios m\u00e1s cercanos y saludar de manera efusiva a los colabores de su gobierno municipal, quienes lo esperaban impacientes.<\/p>\n\n\n\n<figure class=\"wp-block-gallery has-nested-images columns-default is-cropped wp-block-gallery-1 is-layout-flex wp-block-gallery-is-layout-flex\">\n<figure class=\"wp-block-image size-large\"><img fetchpriority=\"high\" decoding=\"async\" width=\"933\" height=\"524\" data-id=\"575425\" src=\"https:\/\/www.zunoticia.com\/noticias-de-hidalgo\/wp-content\/uploads\/2024\/12\/Zunoticia-Huejutla-2-66.png\" alt=\"\" class=\"wp-image-575425\"\/><\/figure>\n\n\n\n<figure class=\"wp-block-image size-large\"><img decoding=\"async\" width=\"933\" height=\"524\" data-id=\"575426\" src=\"https:\/\/www.zunoticia.com\/noticias-de-hidalgo\/wp-content\/uploads\/2024\/12\/Zunoticia-Huejutla-1-112.png\" alt=\"\" class=\"wp-image-575426\"\/><\/figure>\n<\/figure>\n","protected":false},"excerpt":{"rendered":"<p>Por Georgina Jaramillo\/Zunoticia Zacualtip\u00e1n de \u00c1ngeles, Hgo.- \u201cCallaremos muchas bocas y continuaremos, trabajar\u00e9 por el bien de los zacualtipenses\u201d, fueron las primeras palabras del alcalde Amado P\u00e9rez Hern\u00e1ndez, al ser abordado por Zunoticia Global, al reaparecer durante la media noche del martes en el marco de un evento navide\u00f1o que era presenciado por miles de&hellip; <a class=\"more-link\" href=\"https:\/\/www.zunoticia.com\/noticias-de-hidalgo\/2024\/12\/11\/reaparecio-amado-perez-luego-de-un-mes-y-medio-de-haber-solicitado-licencia\/\">Seguir leyendo <span class=\"screen-reader-text\">Reapareci\u00f3 Amado P\u00e9rez, luego de un mes y medio de haber solicitado licencia<\/span><\/a><\/p>\n","protected":false},"author":20,"featured_media":575424,"comment_status":"open","ping_status":"open","sticky":false,"template":"","format":"standard","meta":{"rop_custom_images_group":[],"rop_custom_messages_group":[],"rop_publish_now":"initial","rop_publish_now_accounts":{"facebook_10159540855086992_322828327761733":""},"rop_publish_now_history":[],"rop_publish_now_status":"pending","footnotes":""},"categories":[433,441],"tags":[436,302],"class_list":["post-575423","post","type-post","status-publish","format-standard","has-post-thumbnail","hentry","category-sierra-alta","category-zacualtipan-sierra-alta","tag-sierra-alta","tag-zacualtipan","entry"],"_links":{"self":[{"href":"https:\/\/www.zunoticia.com\/noticias-de-hidalgo\/wp-json\/wp\/v2\/posts\/575423","targetHints":{"allow":["GET"]}}],"collection":[{"href":"https:\/\/www.zunoticia.com\/noticias-de-hidalgo\/wp-json\/wp\/v2\/posts"}],"about":[{"href":"https:\/\/www.zunoticia.com\/noticias-de-hidalgo\/wp-json\/wp\/v2\/types\/post"}],"author":[{"embeddable":true,"href":"https:\/\/www.zunoticia.com\/noticias-de-hidalgo\/wp-json\/wp\/v2\/users\/20"}],"replies":[{"embeddable":true,"href":"https:\/\/www.zunoticia.com\/noticias-de-hidalgo\/wp-json\/wp\/v2\/comments?post=575423"}],"version-history":[{"count":1,"href":"https:\/\/www.zunoticia.com\/noticias-de-hidalgo\/wp-json\/wp\/v2\/posts\/575423\/revisions"}],"predecessor-version":[{"id":575427,"href":"https:\/\/www.zunoticia.com\/noticias-de-hidalgo\/wp-json\/wp\/v2\/posts\/575423\/revisions\/575427"}],"wp:featuredmedia":[{"embeddable":true,"href":"https:\/\/www.zunoticia.com\/noticias-de-hidalgo\/wp-json\/wp\/v2\/media\/575424"}],"wp:attachment":[{"href":"https:\/\/www.zunoticia.com\/noticias-de-hidalgo\/wp-json\/wp\/v2\/media?parent=575423"}],"wp:term":[{"taxonomy":"category","embeddable":true,"href":"https:\/\/www.zunoticia.com\/noticias-de-hidalgo\/wp-json\/wp\/v2\/categories?post=575423"},{"taxonomy":"post_tag","embeddable":true,"href":"https:\/\/www.zunoticia.com\/noticias-de-hidalgo\/wp-json\/wp\/v2\/tags?post=575423"}],"curies":[{"name":"wp","href":"https:\/\/api.w.org\/{rel}","templated":true}]}}