{"id":575446,"date":"2024-12-11T15:58:03","date_gmt":"2024-12-11T21:58:03","guid":{"rendered":"https:\/\/www.zunoticia.com\/noticias-de-hidalgo\/?p=575446"},"modified":"2024-12-11T15:58:04","modified_gmt":"2024-12-11T21:58:04","slug":"gremio-de-taxistas-de-san-agustin-metzquititlan-celebran-misa-en-honor-a-la-virgen","status":"publish","type":"post","link":"https:\/\/www.zunoticia.com\/noticias-de-hidalgo\/2024\/12\/11\/gremio-de-taxistas-de-san-agustin-metzquititlan-celebran-misa-en-honor-a-la-virgen\/","title":{"rendered":"Gremio de taxistas de San Agust\u00edn Metzquititl\u00e1n celebran misa en honor a la Virgen"},"content":{"rendered":"<aside class=\"mashsb-container mashsb-main mashsb-stretched\"><div class=\"mashsb-box\"><div class=\"mashsb-count mash-large\" style=\"float:left\"><div class=\"counts mashsbcount\">0<\/div><span class=\"mashsb-sharetext\">SHARES<\/span><\/div><div class=\"mashsb-buttons\"><a class=\"mashicon-facebook mash-large mash-center mashsb-noshadow\" href=\"https:\/\/www.facebook.com\/sharer.php?u=https%3A%2F%2Fwww.zunoticia.com%2Fnoticias-de-hidalgo%2F2024%2F12%2F11%2Fgremio-de-taxistas-de-san-agustin-metzquititlan-celebran-misa-en-honor-a-la-virgen%2F\" target=\"_top\" rel=\"nofollow\"><span class=\"icon\"><\/span><span class=\"text\">Share<\/span><\/a><a class=\"mashicon-twitter mash-large mash-center mashsb-noshadow\" href=\"https:\/\/twitter.com\/intent\/tweet?text=&amp;url=https:\/\/www.zunoticia.com\/noticias-de-hidalgo\/2024\/12\/11\/gremio-de-taxistas-de-san-agustin-metzquititlan-celebran-misa-en-honor-a-la-virgen\/\" target=\"_top\" rel=\"nofollow\"><span class=\"icon\"><\/span><span class=\"text\">Tweet<\/span><\/a><div class=\"onoffswitch2 mash-large mashsb-noshadow\" style=\"display:none\"><\/div><\/div>\n            <\/div>\n                <div style=\"clear:both\"><\/div><div class=\"mashsb-toggle-container\"><\/div><\/aside>\n            <!-- Share buttons by mashshare.net - Version: 4.0.47-->\n<p><em>Por Esmeralda Vargas \/ Zunoticia&nbsp;<\/em><\/p>\n\n\n\n<p><strong>San Agust\u00edn Metzquititl\u00e1n, Hgo.-<\/strong> En un acto de fe y agradecimiento, el gremio de taxistas del sitio de San Agust\u00edn Metzquititl\u00e1n se reuni\u00f3 este mi\u00e9rcoles para celebrar una misa en honor a la Virgen Mar\u00eda.&nbsp;<\/p>\n\n\n\n<p>Esta celebraci\u00f3n, que ya se ha convertido en una tradici\u00f3n anual para el gremio, se llev\u00f3 a cabo en la capilla cercana al lugar conocido como La Cascada. Los taxistas ofrecieron oraciones en reconocimiento a la protecci\u00f3n y gu\u00eda que, seg\u00fan ellos, la Virgen les brinda en su labor diaria.&nbsp;<\/p>\n\n\n\n<p>La ceremonia religiosa estuvo marcada por un ambiente de devoci\u00f3n y unidad, donde los asistentes participaron activamente en los c\u00e1nticos y plegarias. Durante la homil\u00eda, el sacerdote destac\u00f3 la importancia de la fe en la vida cotidiana y la necesidad de encomendarse a la Virgen Mar\u00eda en momentos de dificultad.&nbsp;<\/p>\n\n\n\n<p>Al concluir la misa, los taxistas y sus familias participaron en un convivio, fortaleciendo los lazos de compa\u00f1erismo y solidaridad que caracterizan a este gremio.<\/p>\n\n\n\n<figure class=\"wp-block-image size-full\"><img fetchpriority=\"high\" decoding=\"async\" width=\"933\" height=\"524\" src=\"https:\/\/www.zunoticia.com\/noticias-de-hidalgo\/wp-content\/uploads\/2024\/12\/Zunoticia-Huejutla-1-114.png\" alt=\"\" class=\"wp-image-575448\"\/><\/figure>\n","protected":false},"excerpt":{"rendered":"<p>Por Esmeralda Vargas \/ Zunoticia&nbsp; San Agust\u00edn Metzquititl\u00e1n, Hgo.- En un acto de fe y agradecimiento, el gremio de taxistas del sitio de San Agust\u00edn Metzquititl\u00e1n se reuni\u00f3 este mi\u00e9rcoles para celebrar una misa en honor a la Virgen Mar\u00eda.&nbsp; Esta celebraci\u00f3n, que ya se ha convertido en una tradici\u00f3n anual para el gremio, se&hellip; <a class=\"more-link\" href=\"https:\/\/www.zunoticia.com\/noticias-de-hidalgo\/2024\/12\/11\/gremio-de-taxistas-de-san-agustin-metzquititlan-celebran-misa-en-honor-a-la-virgen\/\">Seguir leyendo <span class=\"screen-reader-text\">Gremio de taxistas de San Agust\u00edn Metzquititl\u00e1n celebran misa en honor a la Virgen<\/span><\/a><\/p>\n","protected":false},"author":20,"featured_media":575447,"comment_status":"open","ping_status":"open","sticky":false,"template":"","format":"standard","meta":{"rop_custom_images_group":[],"rop_custom_messages_group":[],"rop_publish_now":"initial","rop_publish_now_accounts":{"facebook_10159540855086992_322828327761733":""},"rop_publish_now_history":[],"rop_publish_now_status":"pending","footnotes":""},"categories":[443,433],"tags":[300,436],"class_list":["post-575446","post","type-post","status-publish","format-standard","has-post-thumbnail","hentry","category-san-agustin-metzquititlan","category-sierra-alta","tag-san-agustin-metzquititlan","tag-sierra-alta","entry"],"_links":{"self":[{"href":"https:\/\/www.zunoticia.com\/noticias-de-hidalgo\/wp-json\/wp\/v2\/posts\/575446","targetHints":{"allow":["GET"]}}],"collection":[{"href":"https:\/\/www.zunoticia.com\/noticias-de-hidalgo\/wp-json\/wp\/v2\/posts"}],"about":[{"href":"https:\/\/www.zunoticia.com\/noticias-de-hidalgo\/wp-json\/wp\/v2\/types\/post"}],"author":[{"embeddable":true,"href":"https:\/\/www.zunoticia.com\/noticias-de-hidalgo\/wp-json\/wp\/v2\/users\/20"}],"replies":[{"embeddable":true,"href":"https:\/\/www.zunoticia.com\/noticias-de-hidalgo\/wp-json\/wp\/v2\/comments?post=575446"}],"version-history":[{"count":1,"href":"https:\/\/www.zunoticia.com\/noticias-de-hidalgo\/wp-json\/wp\/v2\/posts\/575446\/revisions"}],"predecessor-version":[{"id":575449,"href":"https:\/\/www.zunoticia.com\/noticias-de-hidalgo\/wp-json\/wp\/v2\/posts\/575446\/revisions\/575449"}],"wp:featuredmedia":[{"embeddable":true,"href":"https:\/\/www.zunoticia.com\/noticias-de-hidalgo\/wp-json\/wp\/v2\/media\/575447"}],"wp:attachment":[{"href":"https:\/\/www.zunoticia.com\/noticias-de-hidalgo\/wp-json\/wp\/v2\/media?parent=575446"}],"wp:term":[{"taxonomy":"category","embeddable":true,"href":"https:\/\/www.zunoticia.com\/noticias-de-hidalgo\/wp-json\/wp\/v2\/categories?post=575446"},{"taxonomy":"post_tag","embeddable":true,"href":"https:\/\/www.zunoticia.com\/noticias-de-hidalgo\/wp-json\/wp\/v2\/tags?post=575446"}],"curies":[{"name":"wp","href":"https:\/\/api.w.org\/{rel}","templated":true}]}}