{"id":575580,"date":"2024-12-11T21:50:13","date_gmt":"2024-12-12T03:50:13","guid":{"rendered":"https:\/\/www.zunoticia.com\/noticias-de-hidalgo\/?p=575580"},"modified":"2024-12-11T21:50:14","modified_gmt":"2024-12-12T03:50:14","slug":"reconoce-derechos-humanos-a-la-academia-de-la-transformacion","status":"publish","type":"post","link":"https:\/\/www.zunoticia.com\/noticias-de-hidalgo\/2024\/12\/11\/reconoce-derechos-humanos-a-la-academia-de-la-transformacion\/","title":{"rendered":"Reconoce Derechos Humanos a la Academia de la Transformaci\u00f3n"},"content":{"rendered":"<aside class=\"mashsb-container mashsb-main mashsb-stretched\"><div class=\"mashsb-box\"><div class=\"mashsb-count mash-large\" style=\"float:left\"><div class=\"counts mashsbcount\">0<\/div><span class=\"mashsb-sharetext\">SHARES<\/span><\/div><div class=\"mashsb-buttons\"><a class=\"mashicon-facebook mash-large mash-center mashsb-noshadow\" href=\"https:\/\/www.facebook.com\/sharer.php?u=https%3A%2F%2Fwww.zunoticia.com%2Fnoticias-de-hidalgo%2F2024%2F12%2F11%2Freconoce-derechos-humanos-a-la-academia-de-la-transformacion%2F\" target=\"_top\" rel=\"nofollow\"><span class=\"icon\"><\/span><span class=\"text\">Share<\/span><\/a><a class=\"mashicon-twitter mash-large mash-center mashsb-noshadow\" href=\"https:\/\/twitter.com\/intent\/tweet?text=&amp;url=https:\/\/www.zunoticia.com\/noticias-de-hidalgo\/2024\/12\/11\/reconoce-derechos-humanos-a-la-academia-de-la-transformacion\/\" target=\"_top\" rel=\"nofollow\"><span class=\"icon\"><\/span><span class=\"text\">Tweet<\/span><\/a><div class=\"onoffswitch2 mash-large mashsb-noshadow\" style=\"display:none\"><\/div><\/div>\n            <\/div>\n                <div style=\"clear:both\"><\/div><div class=\"mashsb-toggle-container\"><\/div><\/aside>\n            <!-- Share buttons by mashshare.net - Version: 4.0.47-->\n<p><em>Por Redacci\u00f3n\/Zunoticia<\/em><\/p>\n\n\n\n<p><strong>Pachuca, Hgo.-<\/strong> En el marco de la entrega de la \u201cMedalla Aurora de Plata\u201d al m\u00e9rito en la defensa y promoci\u00f3n de los derechos humanos, la Secretar\u00eda del Despacho del Gobernador de Hidalgo recibi\u00f3 el reconocimiento a las Buenas Pr\u00e1cticas 2024 por la Academia de la Transformaci\u00f3n.<\/p>\n\n\n\n<p>Esta distinci\u00f3n, otorgada por la Comisi\u00f3n de Derechos Humanos del Estado de Hidalgo (CDHEH), reconoce las iniciativas que buscan mejorar las pr\u00e1cticas institucionales con visi\u00f3n de derechos humanos, explic\u00f3 Enrique L\u00f3pez Rivera, titular de la Secretar\u00eda T\u00e9cnica del Despacho.<\/p>\n\n\n\n<figure class=\"wp-block-image size-full\"><img fetchpriority=\"high\" decoding=\"async\" width=\"1280\" height=\"852\" src=\"https:\/\/www.zunoticia.com\/noticias-de-hidalgo\/wp-content\/uploads\/2024\/12\/eZy-Watermark_11-12-2024_09-37-24-8450p.m.jpg\" alt=\"\" class=\"wp-image-575582\"\/><\/figure>\n\n\n\n<p>Tras recibir el reconocimiento, L\u00f3pez Rivera record\u00f3 el compromiso del gobernador Julio Menchaca Salazar, as\u00ed como del secretario del Despacho, Alejandro Vel\u00e1zquez Mendoza, para impulsar la profesionalizaci\u00f3n de las y los servidores p\u00fablicos, a fin de garantizar una atenci\u00f3n de calidad para la poblaci\u00f3n&nbsp;hidalguense<\/p>\n","protected":false},"excerpt":{"rendered":"<p>Por Redacci\u00f3n\/Zunoticia Pachuca, Hgo.- En el marco de la entrega de la \u201cMedalla Aurora de Plata\u201d al m\u00e9rito en la defensa y promoci\u00f3n de los derechos humanos, la Secretar\u00eda del Despacho del Gobernador de Hidalgo recibi\u00f3 el reconocimiento a las Buenas Pr\u00e1cticas 2024 por la Academia de la Transformaci\u00f3n. Esta distinci\u00f3n, otorgada por la Comisi\u00f3n&hellip; <a class=\"more-link\" href=\"https:\/\/www.zunoticia.com\/noticias-de-hidalgo\/2024\/12\/11\/reconoce-derechos-humanos-a-la-academia-de-la-transformacion\/\">Seguir leyendo <span class=\"screen-reader-text\">Reconoce Derechos Humanos a la Academia de la Transformaci\u00f3n<\/span><\/a><\/p>\n","protected":false},"author":12,"featured_media":575581,"comment_status":"open","ping_status":"open","sticky":false,"template":"","format":"standard","meta":{"rop_custom_images_group":[],"rop_custom_messages_group":[],"rop_publish_now":"initial","rop_publish_now_accounts":{"facebook_10159540855086992_322828327761733":""},"rop_publish_now_history":[],"rop_publish_now_status":"pending","footnotes":""},"categories":[208],"tags":[214],"class_list":["post-575580","post","type-post","status-publish","format-standard","has-post-thumbnail","hentry","category-estado","tag-estado","entry"],"_links":{"self":[{"href":"https:\/\/www.zunoticia.com\/noticias-de-hidalgo\/wp-json\/wp\/v2\/posts\/575580","targetHints":{"allow":["GET"]}}],"collection":[{"href":"https:\/\/www.zunoticia.com\/noticias-de-hidalgo\/wp-json\/wp\/v2\/posts"}],"about":[{"href":"https:\/\/www.zunoticia.com\/noticias-de-hidalgo\/wp-json\/wp\/v2\/types\/post"}],"author":[{"embeddable":true,"href":"https:\/\/www.zunoticia.com\/noticias-de-hidalgo\/wp-json\/wp\/v2\/users\/12"}],"replies":[{"embeddable":true,"href":"https:\/\/www.zunoticia.com\/noticias-de-hidalgo\/wp-json\/wp\/v2\/comments?post=575580"}],"version-history":[{"count":1,"href":"https:\/\/www.zunoticia.com\/noticias-de-hidalgo\/wp-json\/wp\/v2\/posts\/575580\/revisions"}],"predecessor-version":[{"id":575583,"href":"https:\/\/www.zunoticia.com\/noticias-de-hidalgo\/wp-json\/wp\/v2\/posts\/575580\/revisions\/575583"}],"wp:featuredmedia":[{"embeddable":true,"href":"https:\/\/www.zunoticia.com\/noticias-de-hidalgo\/wp-json\/wp\/v2\/media\/575581"}],"wp:attachment":[{"href":"https:\/\/www.zunoticia.com\/noticias-de-hidalgo\/wp-json\/wp\/v2\/media?parent=575580"}],"wp:term":[{"taxonomy":"category","embeddable":true,"href":"https:\/\/www.zunoticia.com\/noticias-de-hidalgo\/wp-json\/wp\/v2\/categories?post=575580"},{"taxonomy":"post_tag","embeddable":true,"href":"https:\/\/www.zunoticia.com\/noticias-de-hidalgo\/wp-json\/wp\/v2\/tags?post=575580"}],"curies":[{"name":"wp","href":"https:\/\/api.w.org\/{rel}","templated":true}]}}