{"id":576690,"date":"2024-12-19T17:16:42","date_gmt":"2024-12-19T23:16:42","guid":{"rendered":"https:\/\/www.zunoticia.com\/noticias-de-hidalgo\/?p=576690"},"modified":"2024-12-19T17:16:44","modified_gmt":"2024-12-19T23:16:44","slug":"alcaldesa-acudio-a-evento-denominado-jornada-por-la-paz","status":"publish","type":"post","link":"https:\/\/www.zunoticia.com\/noticias-de-hidalgo\/2024\/12\/19\/alcaldesa-acudio-a-evento-denominado-jornada-por-la-paz\/","title":{"rendered":"Alcaldesa acudi\u00f3 a evento denominado &#8220;Jornada por la paz&#8221;"},"content":{"rendered":"<aside class=\"mashsb-container mashsb-main mashsb-stretched\"><div class=\"mashsb-box\"><div class=\"mashsb-count mash-large\" style=\"float:left\"><div class=\"counts mashsbcount\">0<\/div><span class=\"mashsb-sharetext\">SHARES<\/span><\/div><div class=\"mashsb-buttons\"><a class=\"mashicon-facebook mash-large mash-center mashsb-noshadow\" href=\"https:\/\/www.facebook.com\/sharer.php?u=https%3A%2F%2Fwww.zunoticia.com%2Fnoticias-de-hidalgo%2F2024%2F12%2F19%2Falcaldesa-acudio-a-evento-denominado-jornada-por-la-paz%2F\" target=\"_top\" rel=\"nofollow\"><span class=\"icon\"><\/span><span class=\"text\">Share<\/span><\/a><a class=\"mashicon-twitter mash-large mash-center mashsb-noshadow\" href=\"https:\/\/twitter.com\/intent\/tweet?text=&amp;url=https:\/\/www.zunoticia.com\/noticias-de-hidalgo\/2024\/12\/19\/alcaldesa-acudio-a-evento-denominado-jornada-por-la-paz\/\" target=\"_top\" rel=\"nofollow\"><span class=\"icon\"><\/span><span class=\"text\">Tweet<\/span><\/a><div class=\"onoffswitch2 mash-large mashsb-noshadow\" style=\"display:none\"><\/div><\/div>\n            <\/div>\n                <div style=\"clear:both\"><\/div><div class=\"mashsb-toggle-container\"><\/div><\/aside>\n            <!-- Share buttons by mashshare.net - Version: 4.0.47-->\n<p><em>Por Salvador Altamirano\/Zunoticia<\/em><\/p>\n\n\n\n<p><strong>Yahualica, Hgo.-<\/strong> La alcaldesa, Francisca Lara Vel\u00e1zquez, acudi\u00f3 el pasado mi\u00e9rcoles al evento denominado &#8220;Jornada por la Paz&#8221;, el cual se llev\u00f3 a cabo en la comunidad de Tecolotitla, municipio de Atlapexco.<\/p>\n\n\n\n<p>La actividad, inducida por la Presidenta de la Rep\u00fablica, Claudia Sheinbaum Pardo, es tendiente a buscar soluciones estrat\u00e9gicas y oportunidades de cooperaci\u00f3n en materia de seguridad p\u00fablica.<\/p>\n\n\n\n<p>Por ser un evento de car\u00e1cter nacional, asistieron al mismo, funcionarios de los tres \u00f3rdenes de gobierno, acudiendo por el federal, el Comandante del 84 Batall\u00f3n de Infanter\u00eda, Coronel V\u00edctor Cordero Zozaya; estatal, Ignacio Nava Navarrete, Subsecretario de Gobierno en la Huasteca; y municipal, funcionarios de los ayuntamientos de Atlapexco y Yahualica.<\/p>\n\n\n\n<p>Es oportuno mencionar, que el evento fue coordinado por la Secretar\u00eda de Seguridad y Protecci\u00f3n Ciudadana; Secretaria de Gobernaci\u00f3n; y Coordinaci\u00f3n Regional para la Construcci\u00f3n de az Regi\u00f3n 02, Huejutla.<\/p>\n","protected":false},"excerpt":{"rendered":"<p>Por Salvador Altamirano\/Zunoticia Yahualica, Hgo.- La alcaldesa, Francisca Lara Vel\u00e1zquez, acudi\u00f3 el pasado mi\u00e9rcoles al evento denominado &#8220;Jornada por la Paz&#8221;, el cual se llev\u00f3 a cabo en la comunidad de Tecolotitla, municipio de Atlapexco. La actividad, inducida por la Presidenta de la Rep\u00fablica, Claudia Sheinbaum Pardo, es tendiente a buscar soluciones estrat\u00e9gicas y oportunidades&hellip; <a class=\"more-link\" href=\"https:\/\/www.zunoticia.com\/noticias-de-hidalgo\/2024\/12\/19\/alcaldesa-acudio-a-evento-denominado-jornada-por-la-paz\/\">Seguir leyendo <span class=\"screen-reader-text\">Alcaldesa acudi\u00f3 a evento denominado &#8220;Jornada por la paz&#8221;<\/span><\/a><\/p>\n","protected":false},"author":13,"featured_media":576684,"comment_status":"open","ping_status":"open","sticky":false,"template":"","format":"standard","meta":{"rop_custom_images_group":[],"rop_custom_messages_group":[],"rop_publish_now":"initial","rop_publish_now_accounts":{"facebook_10159540855086992_322828327761733":""},"rop_publish_now_history":[],"rop_publish_now_status":"pending","footnotes":""},"categories":[179,203],"tags":[123],"class_list":["post-576690","post","type-post","status-publish","format-standard","has-post-thumbnail","hentry","category-huasteca","category-yahualica","tag-yahualica","entry"],"_links":{"self":[{"href":"https:\/\/www.zunoticia.com\/noticias-de-hidalgo\/wp-json\/wp\/v2\/posts\/576690","targetHints":{"allow":["GET"]}}],"collection":[{"href":"https:\/\/www.zunoticia.com\/noticias-de-hidalgo\/wp-json\/wp\/v2\/posts"}],"about":[{"href":"https:\/\/www.zunoticia.com\/noticias-de-hidalgo\/wp-json\/wp\/v2\/types\/post"}],"author":[{"embeddable":true,"href":"https:\/\/www.zunoticia.com\/noticias-de-hidalgo\/wp-json\/wp\/v2\/users\/13"}],"replies":[{"embeddable":true,"href":"https:\/\/www.zunoticia.com\/noticias-de-hidalgo\/wp-json\/wp\/v2\/comments?post=576690"}],"version-history":[{"count":1,"href":"https:\/\/www.zunoticia.com\/noticias-de-hidalgo\/wp-json\/wp\/v2\/posts\/576690\/revisions"}],"predecessor-version":[{"id":576691,"href":"https:\/\/www.zunoticia.com\/noticias-de-hidalgo\/wp-json\/wp\/v2\/posts\/576690\/revisions\/576691"}],"wp:featuredmedia":[{"embeddable":true,"href":"https:\/\/www.zunoticia.com\/noticias-de-hidalgo\/wp-json\/wp\/v2\/media\/576684"}],"wp:attachment":[{"href":"https:\/\/www.zunoticia.com\/noticias-de-hidalgo\/wp-json\/wp\/v2\/media?parent=576690"}],"wp:term":[{"taxonomy":"category","embeddable":true,"href":"https:\/\/www.zunoticia.com\/noticias-de-hidalgo\/wp-json\/wp\/v2\/categories?post=576690"},{"taxonomy":"post_tag","embeddable":true,"href":"https:\/\/www.zunoticia.com\/noticias-de-hidalgo\/wp-json\/wp\/v2\/tags?post=576690"}],"curies":[{"name":"wp","href":"https:\/\/api.w.org\/{rel}","templated":true}]}}