{"id":576928,"date":"2024-12-21T16:18:00","date_gmt":"2024-12-21T22:18:00","guid":{"rendered":"https:\/\/www.zunoticia.com\/noticias-de-hidalgo\/?p=576928"},"modified":"2024-12-21T16:18:02","modified_gmt":"2024-12-21T22:18:02","slug":"alcalde-de-tlanchinol-festeja-el-dia-del-policia","status":"publish","type":"post","link":"https:\/\/www.zunoticia.com\/noticias-de-hidalgo\/2024\/12\/21\/alcalde-de-tlanchinol-festeja-el-dia-del-policia\/","title":{"rendered":"Alcalde de Tlanchinol festeja el d\u00eda del polic\u00eda"},"content":{"rendered":"<aside class=\"mashsb-container mashsb-main mashsb-stretched\"><div class=\"mashsb-box\"><div class=\"mashsb-count mash-large\" style=\"float:left\"><div class=\"counts mashsbcount\">0<\/div><span class=\"mashsb-sharetext\">SHARES<\/span><\/div><div class=\"mashsb-buttons\"><a class=\"mashicon-facebook mash-large mash-center mashsb-noshadow\" href=\"https:\/\/www.facebook.com\/sharer.php?u=https%3A%2F%2Fwww.zunoticia.com%2Fnoticias-de-hidalgo%2F2024%2F12%2F21%2Falcalde-de-tlanchinol-festeja-el-dia-del-policia%2F\" target=\"_top\" rel=\"nofollow\"><span class=\"icon\"><\/span><span class=\"text\">Share<\/span><\/a><a class=\"mashicon-twitter mash-large mash-center mashsb-noshadow\" href=\"https:\/\/twitter.com\/intent\/tweet?text=&amp;url=https:\/\/www.zunoticia.com\/noticias-de-hidalgo\/2024\/12\/21\/alcalde-de-tlanchinol-festeja-el-dia-del-policia\/\" target=\"_top\" rel=\"nofollow\"><span class=\"icon\"><\/span><span class=\"text\">Tweet<\/span><\/a><div class=\"onoffswitch2 mash-large mashsb-noshadow\" style=\"display:none\"><\/div><\/div>\n            <\/div>\n                <div style=\"clear:both\"><\/div><div class=\"mashsb-toggle-container\"><\/div><\/aside>\n            <!-- Share buttons by mashshare.net - Version: 4.0.47-->\n<p><em>Por Redacci\u00f3n\/Zunoticia<\/em><\/p>\n\n\n\n<p><strong>Tlanchinol, Hgo<\/strong>.- El presidente municipal, Lic. Gabino Hern\u00e1ndez Vite, acompa\u00f1ado del tesorero y el director de Seguridad, Daniel Amador Lima, festej\u00f3 el \u201cD\u00eda del Polic\u00eda\u201d a quienes en su mensaje, les agradeci\u00f3 por su profesionalismo y servicio que dan en cuesti\u00f3n de seguridad a todos los Tlanchinolenses \u201ccontin\u00faen siendo una polic\u00eda que sirva al pueblo, siempre apegados a la ley como ha sido en todo momento, manteniendo la comunicaci\u00f3n con los delegados\u201d, enfatiz\u00f3 el edil.&nbsp;<\/p>\n\n\n\n<p>Con m\u00fasica, rifas y un buen platillo, transcurri\u00f3 el convivi\u00f3 que reuni\u00f3 al cuerpo polic\u00edaco que d\u00eda a d\u00eda trabaja por mantener la seguridad de todas y todos.<\/p>\n\n\n\n<figure class=\"wp-block-image size-full\"><img fetchpriority=\"high\" decoding=\"async\" width=\"933\" height=\"524\" src=\"https:\/\/www.zunoticia.com\/noticias-de-hidalgo\/wp-content\/uploads\/2024\/12\/Zunoticia-Huejutla-246.png\" alt=\"\" class=\"wp-image-576930\"\/><\/figure>\n","protected":false},"excerpt":{"rendered":"<p>Por Redacci\u00f3n\/Zunoticia Tlanchinol, Hgo.- El presidente municipal, Lic. Gabino Hern\u00e1ndez Vite, acompa\u00f1ado del tesorero y el director de Seguridad, Daniel Amador Lima, festej\u00f3 el \u201cD\u00eda del Polic\u00eda\u201d a quienes en su mensaje, les agradeci\u00f3 por su profesionalismo y servicio que dan en cuesti\u00f3n de seguridad a todos los Tlanchinolenses \u201ccontin\u00faen siendo una polic\u00eda que sirva&hellip; <a class=\"more-link\" href=\"https:\/\/www.zunoticia.com\/noticias-de-hidalgo\/2024\/12\/21\/alcalde-de-tlanchinol-festeja-el-dia-del-policia\/\">Seguir leyendo <span class=\"screen-reader-text\">Alcalde de Tlanchinol festeja el d\u00eda del polic\u00eda<\/span><\/a><\/p>\n","protected":false},"author":20,"featured_media":576890,"comment_status":"open","ping_status":"open","sticky":false,"template":"","format":"standard","meta":{"rop_custom_images_group":[],"rop_custom_messages_group":[],"rop_publish_now":"yes","rop_publish_now_accounts":{"facebook_10159540855086992_322828327761733":""},"rop_publish_now_history":[],"rop_publish_now_status":"pending","footnotes":""},"categories":[219,201],"tags":[346,127],"class_list":["post-576928","post","type-post","status-publish","format-standard","has-post-thumbnail","hentry","category-sierra","category-tlanchinol","tag-sierra","tag-tlanchinol","entry"],"_links":{"self":[{"href":"https:\/\/www.zunoticia.com\/noticias-de-hidalgo\/wp-json\/wp\/v2\/posts\/576928","targetHints":{"allow":["GET"]}}],"collection":[{"href":"https:\/\/www.zunoticia.com\/noticias-de-hidalgo\/wp-json\/wp\/v2\/posts"}],"about":[{"href":"https:\/\/www.zunoticia.com\/noticias-de-hidalgo\/wp-json\/wp\/v2\/types\/post"}],"author":[{"embeddable":true,"href":"https:\/\/www.zunoticia.com\/noticias-de-hidalgo\/wp-json\/wp\/v2\/users\/20"}],"replies":[{"embeddable":true,"href":"https:\/\/www.zunoticia.com\/noticias-de-hidalgo\/wp-json\/wp\/v2\/comments?post=576928"}],"version-history":[{"count":1,"href":"https:\/\/www.zunoticia.com\/noticias-de-hidalgo\/wp-json\/wp\/v2\/posts\/576928\/revisions"}],"predecessor-version":[{"id":576931,"href":"https:\/\/www.zunoticia.com\/noticias-de-hidalgo\/wp-json\/wp\/v2\/posts\/576928\/revisions\/576931"}],"wp:featuredmedia":[{"embeddable":true,"href":"https:\/\/www.zunoticia.com\/noticias-de-hidalgo\/wp-json\/wp\/v2\/media\/576890"}],"wp:attachment":[{"href":"https:\/\/www.zunoticia.com\/noticias-de-hidalgo\/wp-json\/wp\/v2\/media?parent=576928"}],"wp:term":[{"taxonomy":"category","embeddable":true,"href":"https:\/\/www.zunoticia.com\/noticias-de-hidalgo\/wp-json\/wp\/v2\/categories?post=576928"},{"taxonomy":"post_tag","embeddable":true,"href":"https:\/\/www.zunoticia.com\/noticias-de-hidalgo\/wp-json\/wp\/v2\/tags?post=576928"}],"curies":[{"name":"wp","href":"https:\/\/api.w.org\/{rel}","templated":true}]}}