{"id":577715,"date":"2024-12-27T20:13:12","date_gmt":"2024-12-28T02:13:12","guid":{"rendered":"https:\/\/www.zunoticia.com\/noticias-de-hidalgo\/?p=577715"},"modified":"2024-12-27T21:30:41","modified_gmt":"2024-12-28T03:30:41","slug":"se-quemo-automovil-en-huejutla-san-felipe","status":"publish","type":"post","link":"https:\/\/www.zunoticia.com\/noticias-de-hidalgo\/2024\/12\/27\/se-quemo-automovil-en-huejutla-san-felipe\/","title":{"rendered":"Se quem\u00f3 autom\u00f3vil en Huejutla-San Felipe"},"content":{"rendered":"<aside class=\"mashsb-container mashsb-main mashsb-stretched\"><div class=\"mashsb-box\"><div class=\"mashsb-count mash-large\" style=\"float:left\"><div class=\"counts mashsbcount\">0<\/div><span class=\"mashsb-sharetext\">SHARES<\/span><\/div><div class=\"mashsb-buttons\"><a class=\"mashicon-facebook mash-large mash-center mashsb-noshadow\" href=\"https:\/\/www.facebook.com\/sharer.php?u=https%3A%2F%2Fwww.zunoticia.com%2Fnoticias-de-hidalgo%2F2024%2F12%2F27%2Fse-quemo-automovil-en-huejutla-san-felipe%2F\" target=\"_top\" rel=\"nofollow\"><span class=\"icon\"><\/span><span class=\"text\">Share<\/span><\/a><a class=\"mashicon-twitter mash-large mash-center mashsb-noshadow\" href=\"https:\/\/twitter.com\/intent\/tweet?text=&amp;url=https:\/\/www.zunoticia.com\/noticias-de-hidalgo\/2024\/12\/27\/se-quemo-automovil-en-huejutla-san-felipe\/\" target=\"_top\" rel=\"nofollow\"><span class=\"icon\"><\/span><span class=\"text\">Tweet<\/span><\/a><div class=\"onoffswitch2 mash-large mashsb-noshadow\" style=\"display:none\"><\/div><\/div>\n            <\/div>\n                <div style=\"clear:both\"><\/div><div class=\"mashsb-toggle-container\"><\/div><\/aside>\n            <!-- Share buttons by mashshare.net - Version: 4.0.47-->\n<ul class=\"wp-block-list\">\n<li>El fuego consumi\u00f3 totalmente la unidad motora.<\/li>\n<\/ul>\n\n\n\n<p><em>Por Roberto Ram\u00edrez\/Zunoticia<\/em><\/p>\n\n\n\n<p><strong>Jaltoc\u00e1n, Hgo.-<\/strong> La tarde del viernes sobre la v\u00eda federal Huejutla-Orizatl\u00e1n a escasos metros del Cereso de La Lima Jaltoc\u00e1n, se incendi\u00f3 un autom\u00f3vil Nissan Tsuru color rojo, por un presunto cortocircuito en el motor; elementos de Protecci\u00f3n Civil municipal hicieron presencia para controlar el fuego, mientras tanto, la carretera fue bloqueada por alrededor de una hora.<\/p>\n\n\n\n<p>El veh\u00edculo en cuesti\u00f3n que termin\u00f3 en cenizas iba con sentido hacia el municipio orizatlense, pero en el lugar antes mencionado, comenz\u00f3 a salir humo del cofre y en segundos, el coche ardi\u00f3 en llamas.<\/p>\n\n\n\n<p>Tras media hora de fuego, la unidad motora se le declar\u00f3 p\u00e9rdida total. Elementos de la Secretar\u00eda de Seguridad P\u00fablica Municipal arribaron al lugar para intervenir en el hecho y evitar la circulaci\u00f3n para evitar m\u00e1s accidentes.<\/p>\n\n\n\n<figure class=\"wp-block-gallery has-nested-images columns-default is-cropped wp-block-gallery-1 is-layout-flex wp-block-gallery-is-layout-flex\">\n<figure class=\"wp-block-image size-full\"><img fetchpriority=\"high\" decoding=\"async\" width=\"1280\" height=\"672\" data-id=\"577756\" src=\"https:\/\/www.zunoticia.com\/noticias-de-hidalgo\/wp-content\/uploads\/2024\/12\/2-4.jpeg\" alt=\"\" class=\"wp-image-577756\"\/><\/figure>\n\n\n\n<figure class=\"wp-block-image size-full\"><img decoding=\"async\" width=\"1040\" height=\"575\" data-id=\"577758\" src=\"https:\/\/www.zunoticia.com\/noticias-de-hidalgo\/wp-content\/uploads\/2024\/12\/WhatsApp-Image-2024-12-27-at-7.53.27-PM-1.jpeg\" alt=\"\" class=\"wp-image-577758\"\/><\/figure>\n<\/figure>\n","protected":false},"excerpt":{"rendered":"<p>Por Roberto Ram\u00edrez\/Zunoticia Jaltoc\u00e1n, Hgo.- La tarde del viernes sobre la v\u00eda federal Huejutla-Orizatl\u00e1n a escasos metros del Cereso de La Lima Jaltoc\u00e1n, se incendi\u00f3 un autom\u00f3vil Nissan Tsuru color rojo, por un presunto cortocircuito en el motor; elementos de Protecci\u00f3n Civil municipal hicieron presencia para controlar el fuego, mientras tanto, la carretera fue bloqueada&hellip; <a class=\"more-link\" href=\"https:\/\/www.zunoticia.com\/noticias-de-hidalgo\/2024\/12\/27\/se-quemo-automovil-en-huejutla-san-felipe\/\">Seguir leyendo <span class=\"screen-reader-text\">Se quem\u00f3 autom\u00f3vil en Huejutla-San Felipe<\/span><\/a><\/p>\n","protected":false},"author":23,"featured_media":577755,"comment_status":"open","ping_status":"open","sticky":false,"template":"","format":"standard","meta":{"rop_custom_images_group":[],"rop_custom_messages_group":[],"rop_publish_now":"initial","rop_publish_now_accounts":{"facebook_10159540855086992_322828327761733":""},"rop_publish_now_history":[],"rop_publish_now_status":"pending","footnotes":""},"categories":[200,178],"tags":[259],"class_list":["post-577715","post","type-post","status-publish","format-standard","has-post-thumbnail","hentry","category-jaltocan","category-policiaca","tag-policiaca","entry"],"_links":{"self":[{"href":"https:\/\/www.zunoticia.com\/noticias-de-hidalgo\/wp-json\/wp\/v2\/posts\/577715","targetHints":{"allow":["GET"]}}],"collection":[{"href":"https:\/\/www.zunoticia.com\/noticias-de-hidalgo\/wp-json\/wp\/v2\/posts"}],"about":[{"href":"https:\/\/www.zunoticia.com\/noticias-de-hidalgo\/wp-json\/wp\/v2\/types\/post"}],"author":[{"embeddable":true,"href":"https:\/\/www.zunoticia.com\/noticias-de-hidalgo\/wp-json\/wp\/v2\/users\/23"}],"replies":[{"embeddable":true,"href":"https:\/\/www.zunoticia.com\/noticias-de-hidalgo\/wp-json\/wp\/v2\/comments?post=577715"}],"version-history":[{"count":2,"href":"https:\/\/www.zunoticia.com\/noticias-de-hidalgo\/wp-json\/wp\/v2\/posts\/577715\/revisions"}],"predecessor-version":[{"id":577759,"href":"https:\/\/www.zunoticia.com\/noticias-de-hidalgo\/wp-json\/wp\/v2\/posts\/577715\/revisions\/577759"}],"wp:featuredmedia":[{"embeddable":true,"href":"https:\/\/www.zunoticia.com\/noticias-de-hidalgo\/wp-json\/wp\/v2\/media\/577755"}],"wp:attachment":[{"href":"https:\/\/www.zunoticia.com\/noticias-de-hidalgo\/wp-json\/wp\/v2\/media?parent=577715"}],"wp:term":[{"taxonomy":"category","embeddable":true,"href":"https:\/\/www.zunoticia.com\/noticias-de-hidalgo\/wp-json\/wp\/v2\/categories?post=577715"},{"taxonomy":"post_tag","embeddable":true,"href":"https:\/\/www.zunoticia.com\/noticias-de-hidalgo\/wp-json\/wp\/v2\/tags?post=577715"}],"curies":[{"name":"wp","href":"https:\/\/api.w.org\/{rel}","templated":true}]}}