{"id":577730,"date":"2024-12-27T20:45:33","date_gmt":"2024-12-28T02:45:33","guid":{"rendered":"https:\/\/www.zunoticia.com\/noticias-de-hidalgo\/?p=577730"},"modified":"2024-12-27T20:45:34","modified_gmt":"2024-12-28T02:45:34","slug":"hidalgo-noticias-cruza-fronteras-y-cubre-la-caravana-del-migrante-2024","status":"publish","type":"post","link":"https:\/\/www.zunoticia.com\/noticias-de-hidalgo\/2024\/12\/27\/hidalgo-noticias-cruza-fronteras-y-cubre-la-caravana-del-migrante-2024\/","title":{"rendered":"Hidalgo Noticias cruza fronteras y cubre la Caravana del Migrante 2024"},"content":{"rendered":"<aside class=\"mashsb-container mashsb-main mashsb-stretched\"><div class=\"mashsb-box\"><div class=\"mashsb-count mash-large\" style=\"float:left\"><div class=\"counts mashsbcount\">0<\/div><span class=\"mashsb-sharetext\">SHARES<\/span><\/div><div class=\"mashsb-buttons\"><a class=\"mashicon-facebook mash-large mash-center mashsb-noshadow\" href=\"https:\/\/www.facebook.com\/sharer.php?u=https%3A%2F%2Fwww.zunoticia.com%2Fnoticias-de-hidalgo%2F2024%2F12%2F27%2Fhidalgo-noticias-cruza-fronteras-y-cubre-la-caravana-del-migrante-2024%2F\" target=\"_top\" rel=\"nofollow\"><span class=\"icon\"><\/span><span class=\"text\">Share<\/span><\/a><a class=\"mashicon-twitter mash-large mash-center mashsb-noshadow\" href=\"https:\/\/twitter.com\/intent\/tweet?text=&amp;url=https:\/\/www.zunoticia.com\/noticias-de-hidalgo\/2024\/12\/27\/hidalgo-noticias-cruza-fronteras-y-cubre-la-caravana-del-migrante-2024\/\" target=\"_top\" rel=\"nofollow\"><span class=\"icon\"><\/span><span class=\"text\">Tweet<\/span><\/a><div class=\"onoffswitch2 mash-large mashsb-noshadow\" style=\"display:none\"><\/div><\/div>\n            <\/div>\n                <div style=\"clear:both\"><\/div><div class=\"mashsb-toggle-container\"><\/div><\/aside>\n            <!-- Share buttons by mashshare.net - Version: 4.0.47-->\n<ul class=\"wp-block-list\">\n<li>RTH difunde contenidos que impactan directamente a la sociedad hidalguense<\/li>\n<\/ul>\n\n\n\n<p><em>Por Redacci\u00f3n\/Zunoticia<\/em><\/p>\n\n\n\n<p><strong>Pachuca, Hgo.-<\/strong>Con el firme compromiso de acercar historias que conmueven e informan, el equipo de Hidalgo Noticias realiz\u00f3 una cobertura especial de la Caravana del Migrante 2024.<\/p>\n\n\n\n<p>Este esfuerzo period\u00edstico, liderado por Sandra Rojas, Uriel Ram\u00edrez y todo el equipo de noticias, incluy\u00f3 un viaje terrestre desde Pachuca hasta Laredo, Texas, con una duraci\u00f3n total de cuatro d\u00edas.&nbsp;<\/p>\n\n\n\n<p>Durante esta traves\u00eda, el equipo ofreci\u00f3 enlaces en vivo para todos los espacios informativos de Hidalgo Noticias, incluyendo el programa matutino Ya es Hora, adem\u00e1s de reportajes especiales, notas informativas y cobertura en redes sociales.&nbsp;<\/p>\n\n\n\n<p>Asimismo, se documentaron las historias de migrantes hidalguenses que residen en Estados Unidos, as\u00ed como de aquellos que regresan a casa despu\u00e9s de muchos a\u00f1os lejos de sus familias.&nbsp;<\/p>\n\n\n\n<figure class=\"wp-block-image size-full\"><img fetchpriority=\"high\" decoding=\"async\" width=\"1280\" height=\"720\" src=\"https:\/\/www.zunoticia.com\/noticias-de-hidalgo\/wp-content\/uploads\/2024\/12\/WhatsApp-Image-2024-12-27-at-8.43.41-PM-1.jpeg\" alt=\"\" class=\"wp-image-577732\"\/><\/figure>\n\n\n\n<p>Entre estas historias destaca la de Manuel San Agust\u00edn, originario de Santiago Tulantepec, quien, tras 26 a\u00f1os, ahora tiene su propio negocio de construcci\u00f3n y da empleo a m\u00e1s de 20 migrantes.&nbsp;<\/p>\n\n\n\n<p>Tambi\u00e9n resalta el caso de Sergio, quien, despu\u00e9s de 10 a\u00f1os en el extranjero, regres\u00f3 a M\u00e9xico para retomar su vida y convivir con su hijo, a quien dej\u00f3 cuando ten\u00eda apenas cinco a\u00f1os.&nbsp;<\/p>\n\n\n\n<p>Adem\u00e1s, se incluy\u00f3 el testimonio de Manuel Aranda, director general de Atenci\u00f3n al Migrante, quien explic\u00f3 el proceso que se realiza para registrar a los migrantes hidalguenses y garantizar su retorno seguro a casa, una labor que requiere meses de preparaci\u00f3n.&nbsp;<\/p>\n\n\n\n<p>El viaje hacia Laredo dur\u00f3 m\u00e1s de 14 horas, mientras que el regreso, acompa\u00f1ando a los migrantes a sus respectivos municipios, alcanz\u00f3 las 30 horas. Este a\u00f1o, 233 hidalguenses de 24 municipios retornaron a sus hogares. Comunidades como Tulancingo, Ixmiquilpan y Tecozautla destacaron por su alta concentraci\u00f3n de migrantes.&nbsp;<\/p>\n\n\n\n<p>De acuerdo con la \u00faltima Encuesta Nacional de la Din\u00e1mica Demogr\u00e1fica (ENADID), el estado de Hidalgo contribuye con el 4 % del total de migrantes en Estados Unidos. Esto equivale a 427 mil 895 hidalguenses que residen en el pa\u00eds del norte, siendo California el estado con mayor concentraci\u00f3n de esta poblaci\u00f3n (17.4 %), seguido por Texas y Florida.&nbsp;<\/p>\n\n\n\n<figure class=\"wp-block-image size-full\"><img decoding=\"async\" width=\"1280\" height=\"720\" src=\"https:\/\/www.zunoticia.com\/noticias-de-hidalgo\/wp-content\/uploads\/2024\/12\/WhatsApp-Image-2024-12-27-at-8.43.40-PM.jpeg\" alt=\"\" class=\"wp-image-577734\"\/><\/figure>\n\n\n\n<p>&#8220;Siguiendo la filosof\u00eda de cercan\u00eda con la gente, la cobertura de la Caravana del Migrante es una oportunidad invaluable para que nuestros paisanos se sientan m\u00e1s cerca de casa y para que quienes estamos aqu\u00ed comprendamos mejor la experiencia del sue\u00f1o americano&#8221;, destac\u00f3 Alan Austria, titular de Radio y Televisi\u00f3n de Hidalgo.&nbsp;<\/p>\n\n\n\n<p>&#8220;RTH reafirma su compromiso de ser el puente que une a las familias y comunidades de nuestro estado, informando y conectando corazones m\u00e1s all\u00e1 de las fronteras&#8221;, concluy\u00f3 Austria Anaya.&nbsp;<\/p>\n\n\n\n<p>La cobertura de la *Caravana del Migrante 2024* es un claro ejemplo de periodismo comprometido con la sociedad. Al visibilizar las historias de los migrantes y sus familias, fomenta un debate m\u00e1s informado sobre las causas y consecuencias de la migraci\u00f3n.<\/p>\n","protected":false},"excerpt":{"rendered":"<p>Por Redacci\u00f3n\/Zunoticia Pachuca, Hgo.-Con el firme compromiso de acercar historias que conmueven e informan, el equipo de Hidalgo Noticias realiz\u00f3 una cobertura especial de la Caravana del Migrante 2024. Este esfuerzo period\u00edstico, liderado por Sandra Rojas, Uriel Ram\u00edrez y todo el equipo de noticias, incluy\u00f3 un viaje terrestre desde Pachuca hasta Laredo, Texas, con una&hellip; <a class=\"more-link\" href=\"https:\/\/www.zunoticia.com\/noticias-de-hidalgo\/2024\/12\/27\/hidalgo-noticias-cruza-fronteras-y-cubre-la-caravana-del-migrante-2024\/\">Seguir leyendo <span class=\"screen-reader-text\">Hidalgo Noticias cruza fronteras y cubre la Caravana del Migrante 2024<\/span><\/a><\/p>\n","protected":false},"author":23,"featured_media":577731,"comment_status":"open","ping_status":"open","sticky":false,"template":"","format":"standard","meta":{"rop_custom_images_group":[],"rop_custom_messages_group":[],"rop_publish_now":"initial","rop_publish_now_accounts":{"facebook_10159540855086992_322828327761733":""},"rop_publish_now_history":[],"rop_publish_now_status":"pending","footnotes":""},"categories":[208],"tags":[214],"class_list":["post-577730","post","type-post","status-publish","format-standard","has-post-thumbnail","hentry","category-estado","tag-estado","entry"],"_links":{"self":[{"href":"https:\/\/www.zunoticia.com\/noticias-de-hidalgo\/wp-json\/wp\/v2\/posts\/577730","targetHints":{"allow":["GET"]}}],"collection":[{"href":"https:\/\/www.zunoticia.com\/noticias-de-hidalgo\/wp-json\/wp\/v2\/posts"}],"about":[{"href":"https:\/\/www.zunoticia.com\/noticias-de-hidalgo\/wp-json\/wp\/v2\/types\/post"}],"author":[{"embeddable":true,"href":"https:\/\/www.zunoticia.com\/noticias-de-hidalgo\/wp-json\/wp\/v2\/users\/23"}],"replies":[{"embeddable":true,"href":"https:\/\/www.zunoticia.com\/noticias-de-hidalgo\/wp-json\/wp\/v2\/comments?post=577730"}],"version-history":[{"count":1,"href":"https:\/\/www.zunoticia.com\/noticias-de-hidalgo\/wp-json\/wp\/v2\/posts\/577730\/revisions"}],"predecessor-version":[{"id":577735,"href":"https:\/\/www.zunoticia.com\/noticias-de-hidalgo\/wp-json\/wp\/v2\/posts\/577730\/revisions\/577735"}],"wp:featuredmedia":[{"embeddable":true,"href":"https:\/\/www.zunoticia.com\/noticias-de-hidalgo\/wp-json\/wp\/v2\/media\/577731"}],"wp:attachment":[{"href":"https:\/\/www.zunoticia.com\/noticias-de-hidalgo\/wp-json\/wp\/v2\/media?parent=577730"}],"wp:term":[{"taxonomy":"category","embeddable":true,"href":"https:\/\/www.zunoticia.com\/noticias-de-hidalgo\/wp-json\/wp\/v2\/categories?post=577730"},{"taxonomy":"post_tag","embeddable":true,"href":"https:\/\/www.zunoticia.com\/noticias-de-hidalgo\/wp-json\/wp\/v2\/tags?post=577730"}],"curies":[{"name":"wp","href":"https:\/\/api.w.org\/{rel}","templated":true}]}}