{"id":577760,"date":"2024-12-27T22:39:18","date_gmt":"2024-12-28T04:39:18","guid":{"rendered":"https:\/\/www.zunoticia.com\/noticias-de-hidalgo\/?p=577760"},"modified":"2024-12-27T22:39:19","modified_gmt":"2024-12-28T04:39:19","slug":"espejeando-por-perseo-huasteca-85","status":"publish","type":"post","link":"https:\/\/www.zunoticia.com\/noticias-de-hidalgo\/2024\/12\/27\/espejeando-por-perseo-huasteca-85\/","title":{"rendered":"ESPEJEANDO POR PERSEO Huasteca"},"content":{"rendered":"<aside class=\"mashsb-container mashsb-main mashsb-stretched\"><div class=\"mashsb-box\"><div class=\"mashsb-count mash-large\" style=\"float:left\"><div class=\"counts mashsbcount\">0<\/div><span class=\"mashsb-sharetext\">SHARES<\/span><\/div><div class=\"mashsb-buttons\"><a class=\"mashicon-facebook mash-large mash-center mashsb-noshadow\" href=\"https:\/\/www.facebook.com\/sharer.php?u=https%3A%2F%2Fwww.zunoticia.com%2Fnoticias-de-hidalgo%2F2024%2F12%2F27%2Fespejeando-por-perseo-huasteca-85%2F\" target=\"_top\" rel=\"nofollow\"><span class=\"icon\"><\/span><span class=\"text\">Share<\/span><\/a><a class=\"mashicon-twitter mash-large mash-center mashsb-noshadow\" href=\"https:\/\/twitter.com\/intent\/tweet?text=&amp;url=https:\/\/www.zunoticia.com\/noticias-de-hidalgo\/2024\/12\/27\/espejeando-por-perseo-huasteca-85\/\" target=\"_top\" rel=\"nofollow\"><span class=\"icon\"><\/span><span class=\"text\">Tweet<\/span><\/a><div class=\"onoffswitch2 mash-large mashsb-noshadow\" style=\"display:none\"><\/div><\/div>\n            <\/div>\n                <div style=\"clear:both\"><\/div><div class=\"mashsb-toggle-container\"><\/div><\/aside>\n            <!-- Share buttons by mashshare.net - Version: 4.0.47-->\n<p>Finalmente se dio a conocer que a trav\u00e9s de la Secretar\u00eda de Movilidad y Transporte del estado se llevan a cabo operativos para vigilar que las unidades se encuentren en buen estado, adem\u00e1s que se est\u00e9 cumpliendo con las tarifas establecidas y que estas se encuentren a la vista de los usuarios para evitar cobros indebidos.<\/p>\n\n\n\n<p>La dependencia estatal ha aclarado que hasta el momento no se han autorizado incrementos en las tarifas de transporte a ninguna de las rutas ni modalidades, sobre todo durante las actuales festividades decembrinas y con la realizaci\u00f3n de la Feria de Nochebuena, para que la ciudadan\u00eda no se vea afectada.<\/p>\n\n\n\n<p>Sin embargo, se est\u00e1 haciendo el llamado a los usuarios que sean v\u00edctimas de alg\u00fan abuso de parte de los transportistas a que denuncien ante la dependencia para que se pueda actuar en consecuencia, proporcionando el n\u00famero de la unidad, el d\u00eda y la hora en que ocurrieron los hechos.<\/p>\n\n\n\n<p>Un aspecto que se debe verificar tambi\u00e9n en cada una de las unidades de transporte es que cuenten con sus seguros contra accidentes en regla, ya que en las \u00faltimas semanas se han registrado un sinn\u00famero de percances que involucran a transportistas y pasajeros, particularmente Urvans y taxis.<\/p>\n\n\n\n<p>Hay que recordar que en casos de siniestros los transportistas deben contar con un p\u00f3liza que cubra los da\u00f1os materiales ocasionados, pero sobre todo los gastos m\u00e9dicos que esto genere, incluyendo en caso de fallecimiento, ya que es la \u00fanica manera en que pueden garantizar que podr\u00e1n cubrir, debido a que se puede elevar a montos muy altos.<\/p>\n\n\n\n<p>Ayer personal de la Oficial\u00eda Mayor de Gobierno del Estado acudi\u00f3 al municipio para poder realizar el estudio de log\u00edstica para el evento de d\u00eda de Reyes que se realizar\u00e1 el pr\u00f3ximo 6 de enero, y que se espera contar con la presencia del gobernador del estado Julio Menchaca Salazar, para encabezar la tradicional cabalgata.<\/p>\n\n\n\n<p>Esta ser\u00e1 la primera aparici\u00f3n del mandatario en la regi\u00f3n despu\u00e9s del desvanecimiento que sufri\u00f3 en d\u00edas pasados durante la gira de las rutas de la transformaci\u00f3n en Actopan, y aunque se ha afirmado que no se encuentra en riesgo, s\u00ed se ha disminuido su actividad p\u00fablica con la finalidad de poder recuperarse.<\/p>\n\n\n\n<p>Y es que para el siguiente a\u00f1o se espera que se lleven a cabo inauguraciones de obra que deber\u00e1n quedar concluidas en este cierre del 2024, adem\u00e1s de que se pondr\u00e1n en marcha otras m\u00e1s, aunado al tema de la entrega del presupuesto para los municipios en los primeros meses del siguiente a\u00f1o.<\/p>\n","protected":false},"excerpt":{"rendered":"<p>Finalmente se dio a conocer que a trav\u00e9s de la Secretar\u00eda de Movilidad y Transporte del estado se llevan a cabo operativos para vigilar que las unidades se encuentren en buen estado, adem\u00e1s que se est\u00e9 cumpliendo con las tarifas establecidas y que estas se encuentren a la vista de los usuarios para evitar cobros&hellip; <a class=\"more-link\" href=\"https:\/\/www.zunoticia.com\/noticias-de-hidalgo\/2024\/12\/27\/espejeando-por-perseo-huasteca-85\/\">Seguir leyendo <span class=\"screen-reader-text\">ESPEJEANDO POR PERSEO Huasteca<\/span><\/a><\/p>\n","protected":false},"author":23,"featured_media":577434,"comment_status":"open","ping_status":"open","sticky":false,"template":"","format":"standard","meta":{"rop_custom_images_group":[],"rop_custom_messages_group":[],"rop_publish_now":"initial","rop_publish_now_accounts":{"facebook_10159540855086992_322828327761733":""},"rop_publish_now_history":[],"rop_publish_now_status":"pending","footnotes":""},"categories":[176],"tags":[205],"class_list":["post-577760","post","type-post","status-publish","format-standard","has-post-thumbnail","hentry","category-espejeando","tag-espejeando","entry"],"_links":{"self":[{"href":"https:\/\/www.zunoticia.com\/noticias-de-hidalgo\/wp-json\/wp\/v2\/posts\/577760","targetHints":{"allow":["GET"]}}],"collection":[{"href":"https:\/\/www.zunoticia.com\/noticias-de-hidalgo\/wp-json\/wp\/v2\/posts"}],"about":[{"href":"https:\/\/www.zunoticia.com\/noticias-de-hidalgo\/wp-json\/wp\/v2\/types\/post"}],"author":[{"embeddable":true,"href":"https:\/\/www.zunoticia.com\/noticias-de-hidalgo\/wp-json\/wp\/v2\/users\/23"}],"replies":[{"embeddable":true,"href":"https:\/\/www.zunoticia.com\/noticias-de-hidalgo\/wp-json\/wp\/v2\/comments?post=577760"}],"version-history":[{"count":1,"href":"https:\/\/www.zunoticia.com\/noticias-de-hidalgo\/wp-json\/wp\/v2\/posts\/577760\/revisions"}],"predecessor-version":[{"id":577761,"href":"https:\/\/www.zunoticia.com\/noticias-de-hidalgo\/wp-json\/wp\/v2\/posts\/577760\/revisions\/577761"}],"wp:featuredmedia":[{"embeddable":true,"href":"https:\/\/www.zunoticia.com\/noticias-de-hidalgo\/wp-json\/wp\/v2\/media\/577434"}],"wp:attachment":[{"href":"https:\/\/www.zunoticia.com\/noticias-de-hidalgo\/wp-json\/wp\/v2\/media?parent=577760"}],"wp:term":[{"taxonomy":"category","embeddable":true,"href":"https:\/\/www.zunoticia.com\/noticias-de-hidalgo\/wp-json\/wp\/v2\/categories?post=577760"},{"taxonomy":"post_tag","embeddable":true,"href":"https:\/\/www.zunoticia.com\/noticias-de-hidalgo\/wp-json\/wp\/v2\/tags?post=577760"}],"curies":[{"name":"wp","href":"https:\/\/api.w.org\/{rel}","templated":true}]}}