{"id":578109,"date":"2024-12-31T11:03:19","date_gmt":"2024-12-31T17:03:19","guid":{"rendered":"https:\/\/www.zunoticia.com\/noticias-de-hidalgo\/?p=578109"},"modified":"2024-12-31T11:03:20","modified_gmt":"2024-12-31T17:03:20","slug":"pc-recomendo-precaucion-en-la-carretera-federal-por-aumento-de-trafico-en-ano-nuevo","status":"publish","type":"post","link":"https:\/\/www.zunoticia.com\/noticias-de-hidalgo\/2024\/12\/31\/pc-recomendo-precaucion-en-la-carretera-federal-por-aumento-de-trafico-en-ano-nuevo\/","title":{"rendered":"PC recomend\u00f3 precauci\u00f3n en la carretera federal por aumento de tr\u00e1fico en a\u00f1o nuevo"},"content":{"rendered":"<aside class=\"mashsb-container mashsb-main mashsb-stretched\"><div class=\"mashsb-box\"><div class=\"mashsb-count mash-large\" style=\"float:left\"><div class=\"counts mashsbcount\">0<\/div><span class=\"mashsb-sharetext\">SHARES<\/span><\/div><div class=\"mashsb-buttons\"><a class=\"mashicon-facebook mash-large mash-center mashsb-noshadow\" href=\"https:\/\/www.facebook.com\/sharer.php?u=https%3A%2F%2Fwww.zunoticia.com%2Fnoticias-de-hidalgo%2F2024%2F12%2F31%2Fpc-recomendo-precaucion-en-la-carretera-federal-por-aumento-de-trafico-en-ano-nuevo%2F\" target=\"_top\" rel=\"nofollow\"><span class=\"icon\"><\/span><span class=\"text\">Share<\/span><\/a><a class=\"mashicon-twitter mash-large mash-center mashsb-noshadow\" href=\"https:\/\/twitter.com\/intent\/tweet?text=&amp;url=https:\/\/www.zunoticia.com\/noticias-de-hidalgo\/2024\/12\/31\/pc-recomendo-precaucion-en-la-carretera-federal-por-aumento-de-trafico-en-ano-nuevo\/\" target=\"_top\" rel=\"nofollow\"><span class=\"icon\"><\/span><span class=\"text\">Tweet<\/span><\/a><div class=\"onoffswitch2 mash-large mashsb-noshadow\" style=\"display:none\"><\/div><\/div>\n            <\/div>\n                <div style=\"clear:both\"><\/div><div class=\"mashsb-toggle-container\"><\/div><\/aside>\n            <!-- Share buttons by mashshare.net - Version: 4.0.47-->\n<p><em>Por Esmeralda Vargas\/Zunoticia<\/em><\/p>\n\n\n\n<p><strong>San Agust\u00edn Metzquititl\u00e1n, Hgo<\/strong>. \u2013 La Unidad de Protecci\u00f3n Civil (PC) emiti\u00f3 una alerta para los conductores que transitan por la carretera federal que atraviesa el municipio, debido al incremento en el tr\u00e1fico ocasionado por las celebraciones de a\u00f1o nuevo.&nbsp;<\/p>\n\n\n\n<p>Esta fecha marca el regreso de muchas familias a la regi\u00f3n para reunirse con sus seres queridos, lo que genera un notable aumento en el flujo vehicular. Las autoridades recomiendan a los automovilistas manejar con precauci\u00f3n, respetar los l\u00edmites de velocidad y mantenerse atentos a las condiciones del camino para evitar accidentes.&nbsp;<\/p>\n\n\n\n<p>Asimismo, se sugiere planificar los viajes con antelaci\u00f3n, considerar posibles retrasos y, en la medida de lo posible, evitar las horas de mayor afluencia para reducir los riesgos y agilizar los trayectos.&nbsp;<\/p>\n\n\n\n<p>Con estas recomendaciones, Protecci\u00f3n Civil busca que las celebraciones de a\u00f1o nuevo transcurran de manera segura para todos los habitantes y visitantes de la regi\u00f3n.<\/p>\n","protected":false},"excerpt":{"rendered":"<p>Por Esmeralda Vargas\/Zunoticia San Agust\u00edn Metzquititl\u00e1n, Hgo. \u2013 La Unidad de Protecci\u00f3n Civil (PC) emiti\u00f3 una alerta para los conductores que transitan por la carretera federal que atraviesa el municipio, debido al incremento en el tr\u00e1fico ocasionado por las celebraciones de a\u00f1o nuevo.&nbsp; Esta fecha marca el regreso de muchas familias a la regi\u00f3n para&hellip; <a class=\"more-link\" href=\"https:\/\/www.zunoticia.com\/noticias-de-hidalgo\/2024\/12\/31\/pc-recomendo-precaucion-en-la-carretera-federal-por-aumento-de-trafico-en-ano-nuevo\/\">Seguir leyendo <span class=\"screen-reader-text\">PC recomend\u00f3 precauci\u00f3n en la carretera federal por aumento de tr\u00e1fico en a\u00f1o nuevo<\/span><\/a><\/p>\n","protected":false},"author":20,"featured_media":578110,"comment_status":"open","ping_status":"open","sticky":false,"template":"","format":"standard","meta":{"rop_custom_images_group":[],"rop_custom_messages_group":[],"rop_publish_now":"initial","rop_publish_now_accounts":{"facebook_10159540855086992_322828327761733":""},"rop_publish_now_history":[],"rop_publish_now_status":"pending","footnotes":""},"categories":[443,433],"tags":[300,436],"class_list":["post-578109","post","type-post","status-publish","format-standard","has-post-thumbnail","hentry","category-san-agustin-metzquititlan","category-sierra-alta","tag-san-agustin-metzquititlan","tag-sierra-alta","entry"],"_links":{"self":[{"href":"https:\/\/www.zunoticia.com\/noticias-de-hidalgo\/wp-json\/wp\/v2\/posts\/578109","targetHints":{"allow":["GET"]}}],"collection":[{"href":"https:\/\/www.zunoticia.com\/noticias-de-hidalgo\/wp-json\/wp\/v2\/posts"}],"about":[{"href":"https:\/\/www.zunoticia.com\/noticias-de-hidalgo\/wp-json\/wp\/v2\/types\/post"}],"author":[{"embeddable":true,"href":"https:\/\/www.zunoticia.com\/noticias-de-hidalgo\/wp-json\/wp\/v2\/users\/20"}],"replies":[{"embeddable":true,"href":"https:\/\/www.zunoticia.com\/noticias-de-hidalgo\/wp-json\/wp\/v2\/comments?post=578109"}],"version-history":[{"count":1,"href":"https:\/\/www.zunoticia.com\/noticias-de-hidalgo\/wp-json\/wp\/v2\/posts\/578109\/revisions"}],"predecessor-version":[{"id":578111,"href":"https:\/\/www.zunoticia.com\/noticias-de-hidalgo\/wp-json\/wp\/v2\/posts\/578109\/revisions\/578111"}],"wp:featuredmedia":[{"embeddable":true,"href":"https:\/\/www.zunoticia.com\/noticias-de-hidalgo\/wp-json\/wp\/v2\/media\/578110"}],"wp:attachment":[{"href":"https:\/\/www.zunoticia.com\/noticias-de-hidalgo\/wp-json\/wp\/v2\/media?parent=578109"}],"wp:term":[{"taxonomy":"category","embeddable":true,"href":"https:\/\/www.zunoticia.com\/noticias-de-hidalgo\/wp-json\/wp\/v2\/categories?post=578109"},{"taxonomy":"post_tag","embeddable":true,"href":"https:\/\/www.zunoticia.com\/noticias-de-hidalgo\/wp-json\/wp\/v2\/tags?post=578109"}],"curies":[{"name":"wp","href":"https:\/\/api.w.org\/{rel}","templated":true}]}}