{"id":578127,"date":"2024-12-31T11:46:31","date_gmt":"2024-12-31T17:46:31","guid":{"rendered":"https:\/\/www.zunoticia.com\/noticias-de-hidalgo\/?p=578127"},"modified":"2024-12-31T11:46:32","modified_gmt":"2024-12-31T17:46:32","slug":"baja-venta-de-tortillas-a-mano-este-31-de-diciembre","status":"publish","type":"post","link":"https:\/\/www.zunoticia.com\/noticias-de-hidalgo\/2024\/12\/31\/baja-venta-de-tortillas-a-mano-este-31-de-diciembre\/","title":{"rendered":"Baja venta de tortillas a mano este 31 de diciembre\u00a0\u00a0\u00a0\u00a0\u00a0\u00a0\u00a0\u00a0\u00a0\u00a0\u00a0\u00a0\u00a0\u00a0\u00a0\u00a0\u00a0\u00a0\u00a0\u00a0\u00a0\u00a0\u00a0\u00a0\u00a0\u00a0\u00a0\u00a0\u00a0\u00a0\u00a0"},"content":{"rendered":"<aside class=\"mashsb-container mashsb-main mashsb-stretched\"><div class=\"mashsb-box\"><div class=\"mashsb-count mash-large\" style=\"float:left\"><div class=\"counts mashsbcount\">34<\/div><span class=\"mashsb-sharetext\">SHARES<\/span><\/div><div class=\"mashsb-buttons\"><a class=\"mashicon-facebook mash-large mash-center mashsb-noshadow\" href=\"https:\/\/www.facebook.com\/sharer.php?u=https%3A%2F%2Fwww.zunoticia.com%2Fnoticias-de-hidalgo%2F2024%2F12%2F31%2Fbaja-venta-de-tortillas-a-mano-este-31-de-diciembre%2F\" target=\"_top\" rel=\"nofollow\"><span class=\"icon\"><\/span><span class=\"text\">Share<\/span><\/a><a class=\"mashicon-twitter mash-large mash-center mashsb-noshadow\" href=\"https:\/\/twitter.com\/intent\/tweet?text=&amp;url=https:\/\/www.zunoticia.com\/noticias-de-hidalgo\/2024\/12\/31\/baja-venta-de-tortillas-a-mano-este-31-de-diciembre\/\" target=\"_top\" rel=\"nofollow\"><span class=\"icon\"><\/span><span class=\"text\">Tweet<\/span><\/a><div class=\"onoffswitch2 mash-large mashsb-noshadow\" style=\"display:none\"><\/div><\/div>\n            <\/div>\n                <div style=\"clear:both\"><\/div><div class=\"mashsb-toggle-container\"><\/div><\/aside>\n            <!-- Share buttons by mashshare.net - Version: 4.0.47-->\n<p><em>Por Georgina Jaramillo\/Zunoticia.<\/em><\/p>\n\n\n\n<p><strong>Zacualtip\u00e1n de \u00c1ngeles, Hgo.<\/strong> &#8211; En este \u00faltimo d\u00eda del a\u00f1o la venta de tortillas a mano se volvi\u00f3 lenta en este municipio.<\/p>\n\n\n\n<p>Do\u00f1a M\u00f3nica Hern\u00e1ndez Gonz\u00e1lez, una de las 16 personas que se dedican a la elaboraci\u00f3n y venta de este producto, ha notado una disminuci\u00f3n en la demanda.<\/p>\n\n\n\n<p>A pesar de esto, do\u00f1a M\u00f3nica sigue trabajando arduamente para mantener activa la econom\u00eda de su familia.&nbsp;&nbsp;&nbsp;&nbsp;&nbsp;&nbsp;&nbsp;&nbsp;<\/p>\n\n\n\n<p>La elaboraci\u00f3n y venta de tortillas a mano es una tradici\u00f3n que se mantiene viva en Zacualtip\u00e1n y personas como do\u00f1a M\u00f3nica son fundamentales para preservar esta cultura.<\/p>\n\n\n\n<p>La venta de tortillas a mano es una actividad que no s\u00f3lo genera ingresos para las familias, sino que tambi\u00e9n contribuye a la identidad cultural de la regi\u00f3n; aunque la venta se ha desacelerado en este \u00faltimo d\u00eda del a\u00f1o, se espera que la demanda se recupere en los pr\u00f3ximos d\u00edas.<\/p>\n","protected":false},"excerpt":{"rendered":"<p>Por Georgina Jaramillo\/Zunoticia. Zacualtip\u00e1n de \u00c1ngeles, Hgo. &#8211; En este \u00faltimo d\u00eda del a\u00f1o la venta de tortillas a mano se volvi\u00f3 lenta en este municipio. Do\u00f1a M\u00f3nica Hern\u00e1ndez Gonz\u00e1lez, una de las 16 personas que se dedican a la elaboraci\u00f3n y venta de este producto, ha notado una disminuci\u00f3n en la demanda. A pesar&hellip; <a class=\"more-link\" href=\"https:\/\/www.zunoticia.com\/noticias-de-hidalgo\/2024\/12\/31\/baja-venta-de-tortillas-a-mano-este-31-de-diciembre\/\">Seguir leyendo <span class=\"screen-reader-text\">Baja venta de tortillas a mano este 31 de diciembre\u00a0\u00a0\u00a0\u00a0\u00a0\u00a0\u00a0\u00a0\u00a0\u00a0\u00a0\u00a0\u00a0\u00a0\u00a0\u00a0\u00a0\u00a0\u00a0\u00a0\u00a0\u00a0\u00a0\u00a0\u00a0\u00a0\u00a0\u00a0\u00a0\u00a0\u00a0<\/span><\/a><\/p>\n","protected":false},"author":20,"featured_media":578128,"comment_status":"open","ping_status":"open","sticky":false,"template":"","format":"standard","meta":{"rop_custom_images_group":[],"rop_custom_messages_group":[],"rop_publish_now":"initial","rop_publish_now_accounts":{"facebook_10159540855086992_322828327761733":""},"rop_publish_now_history":[],"rop_publish_now_status":"pending","footnotes":""},"categories":[433,441],"tags":[436,475],"class_list":["post-578127","post","type-post","status-publish","format-standard","has-post-thumbnail","hentry","category-sierra-alta","category-zacualtipan-sierra-alta","tag-sierra-alta","tag-zacualtipan-de-angeles","entry"],"_links":{"self":[{"href":"https:\/\/www.zunoticia.com\/noticias-de-hidalgo\/wp-json\/wp\/v2\/posts\/578127","targetHints":{"allow":["GET"]}}],"collection":[{"href":"https:\/\/www.zunoticia.com\/noticias-de-hidalgo\/wp-json\/wp\/v2\/posts"}],"about":[{"href":"https:\/\/www.zunoticia.com\/noticias-de-hidalgo\/wp-json\/wp\/v2\/types\/post"}],"author":[{"embeddable":true,"href":"https:\/\/www.zunoticia.com\/noticias-de-hidalgo\/wp-json\/wp\/v2\/users\/20"}],"replies":[{"embeddable":true,"href":"https:\/\/www.zunoticia.com\/noticias-de-hidalgo\/wp-json\/wp\/v2\/comments?post=578127"}],"version-history":[{"count":1,"href":"https:\/\/www.zunoticia.com\/noticias-de-hidalgo\/wp-json\/wp\/v2\/posts\/578127\/revisions"}],"predecessor-version":[{"id":578129,"href":"https:\/\/www.zunoticia.com\/noticias-de-hidalgo\/wp-json\/wp\/v2\/posts\/578127\/revisions\/578129"}],"wp:featuredmedia":[{"embeddable":true,"href":"https:\/\/www.zunoticia.com\/noticias-de-hidalgo\/wp-json\/wp\/v2\/media\/578128"}],"wp:attachment":[{"href":"https:\/\/www.zunoticia.com\/noticias-de-hidalgo\/wp-json\/wp\/v2\/media?parent=578127"}],"wp:term":[{"taxonomy":"category","embeddable":true,"href":"https:\/\/www.zunoticia.com\/noticias-de-hidalgo\/wp-json\/wp\/v2\/categories?post=578127"},{"taxonomy":"post_tag","embeddable":true,"href":"https:\/\/www.zunoticia.com\/noticias-de-hidalgo\/wp-json\/wp\/v2\/tags?post=578127"}],"curies":[{"name":"wp","href":"https:\/\/api.w.org\/{rel}","templated":true}]}}