{"id":578314,"date":"2025-01-03T10:35:27","date_gmt":"2025-01-03T16:35:27","guid":{"rendered":"https:\/\/www.zunoticia.com\/noticias-de-hidalgo\/?p=578314"},"modified":"2025-01-03T10:35:30","modified_gmt":"2025-01-03T16:35:30","slug":"choque-de-moto-contra-auto-dejo-danos-materiales","status":"publish","type":"post","link":"https:\/\/www.zunoticia.com\/noticias-de-hidalgo\/2025\/01\/03\/choque-de-moto-contra-auto-dejo-danos-materiales\/","title":{"rendered":"Choque de moto contra auto dej\u00f3 da\u00f1os materiales"},"content":{"rendered":"<aside class=\"mashsb-container mashsb-main mashsb-stretched\"><div class=\"mashsb-box\"><div class=\"mashsb-count mash-large\" style=\"float:left\"><div class=\"counts mashsbcount\">0<\/div><span class=\"mashsb-sharetext\">SHARES<\/span><\/div><div class=\"mashsb-buttons\"><a class=\"mashicon-facebook mash-large mash-center mashsb-noshadow\" href=\"https:\/\/www.facebook.com\/sharer.php?u=https%3A%2F%2Fwww.zunoticia.com%2Fnoticias-de-hidalgo%2F2025%2F01%2F03%2Fchoque-de-moto-contra-auto-dejo-danos-materiales%2F\" target=\"_top\" rel=\"nofollow\"><span class=\"icon\"><\/span><span class=\"text\">Share<\/span><\/a><a class=\"mashicon-twitter mash-large mash-center mashsb-noshadow\" href=\"https:\/\/twitter.com\/intent\/tweet?text=&amp;url=https:\/\/www.zunoticia.com\/noticias-de-hidalgo\/2025\/01\/03\/choque-de-moto-contra-auto-dejo-danos-materiales\/\" target=\"_top\" rel=\"nofollow\"><span class=\"icon\"><\/span><span class=\"text\">Tweet<\/span><\/a><div class=\"onoffswitch2 mash-large mashsb-noshadow\" style=\"display:none\"><\/div><\/div>\n            <\/div>\n                <div style=\"clear:both\"><\/div><div class=\"mashsb-toggle-container\"><\/div><\/aside>\n            <!-- Share buttons by mashshare.net - Version: 4.0.47-->\n<ul class=\"wp-block-list\">\n<li>El accidente se registr\u00f3 debido a la falta de precauci\u00f3n y al exceso de velocidad<\/li>\n<\/ul>\n\n\n\n<p><em>Por Roberto Ram\u00edrez \/Zunoticia<\/em><\/p>\n\n\n\n<p><strong>Huejutla, Hgo. &#8211;<\/strong> El choque entre una motocicleta y un autom\u00f3vil dej\u00f3 solo da\u00f1os materiales, el accidente ocurri\u00f3 sobre la calle Galaci\u00f3n G\u00f3mez esquina con avenida M\u00e9xico de la colonia Colalambre, los implicados llegaron a un arreglo.<\/p>\n\n\n\n<p>El accidente sobrevino luego de que un conductor de un autom\u00f3vil Volkswagen Jetta, color gris impact\u00f3 al motociclista dejando solo da\u00f1os materiales, en donde los conductores tras el di\u00e1logo lograron llegar a un acuerdo, ya que los da\u00f1os fueron m\u00ednimos.<\/p>\n\n\n\n<p>El accidente se hab\u00eda registrado ante la falta de precauci\u00f3n y el exceso de velocidad de uno de los conductores, afortunadamente no pas\u00f3 a mayores, en el lugar arribaron elementos de Tr\u00e1nsito Municipal para el deslinde de responsabilidades.<\/p>\n\n\n\n<figure class=\"wp-block-gallery has-nested-images columns-default is-cropped wp-block-gallery-1 is-layout-flex wp-block-gallery-is-layout-flex\">\n<figure class=\"wp-block-image size-large\"><img fetchpriority=\"high\" decoding=\"async\" width=\"1076\" height=\"706\" data-id=\"578318\" src=\"https:\/\/www.zunoticia.com\/noticias-de-hidalgo\/wp-content\/uploads\/2025\/01\/Choque-moto-vs-auto3.jpeg\" alt=\"\" class=\"wp-image-578318\"\/><\/figure>\n\n\n\n<figure class=\"wp-block-image size-large\"><img decoding=\"async\" width=\"1280\" height=\"760\" data-id=\"578317\" src=\"https:\/\/www.zunoticia.com\/noticias-de-hidalgo\/wp-content\/uploads\/2025\/01\/Choque-moto-vs-auto2.jpeg\" alt=\"\" class=\"wp-image-578317\"\/><\/figure>\n<\/figure>\n","protected":false},"excerpt":{"rendered":"<p>Por Roberto Ram\u00edrez \/Zunoticia Huejutla, Hgo. &#8211; El choque entre una motocicleta y un autom\u00f3vil dej\u00f3 solo da\u00f1os materiales, el accidente ocurri\u00f3 sobre la calle Galaci\u00f3n G\u00f3mez esquina con avenida M\u00e9xico de la colonia Colalambre, los implicados llegaron a un arreglo. El accidente sobrevino luego de que un conductor de un autom\u00f3vil Volkswagen Jetta, color&hellip; <a class=\"more-link\" href=\"https:\/\/www.zunoticia.com\/noticias-de-hidalgo\/2025\/01\/03\/choque-de-moto-contra-auto-dejo-danos-materiales\/\">Seguir leyendo <span class=\"screen-reader-text\">Choque de moto contra auto dej\u00f3 da\u00f1os materiales<\/span><\/a><\/p>\n","protected":false},"author":23,"featured_media":578315,"comment_status":"open","ping_status":"open","sticky":false,"template":"","format":"standard","meta":{"rop_custom_images_group":[],"rop_custom_messages_group":[],"rop_publish_now":"initial","rop_publish_now_accounts":{"facebook_10159540855086992_322828327761733":""},"rop_publish_now_history":[],"rop_publish_now_status":"pending","footnotes":""},"categories":[181,178],"tags":[259],"class_list":["post-578314","post","type-post","status-publish","format-standard","has-post-thumbnail","hentry","category-huejutla","category-policiaca","tag-policiaca","entry"],"_links":{"self":[{"href":"https:\/\/www.zunoticia.com\/noticias-de-hidalgo\/wp-json\/wp\/v2\/posts\/578314","targetHints":{"allow":["GET"]}}],"collection":[{"href":"https:\/\/www.zunoticia.com\/noticias-de-hidalgo\/wp-json\/wp\/v2\/posts"}],"about":[{"href":"https:\/\/www.zunoticia.com\/noticias-de-hidalgo\/wp-json\/wp\/v2\/types\/post"}],"author":[{"embeddable":true,"href":"https:\/\/www.zunoticia.com\/noticias-de-hidalgo\/wp-json\/wp\/v2\/users\/23"}],"replies":[{"embeddable":true,"href":"https:\/\/www.zunoticia.com\/noticias-de-hidalgo\/wp-json\/wp\/v2\/comments?post=578314"}],"version-history":[{"count":1,"href":"https:\/\/www.zunoticia.com\/noticias-de-hidalgo\/wp-json\/wp\/v2\/posts\/578314\/revisions"}],"predecessor-version":[{"id":578319,"href":"https:\/\/www.zunoticia.com\/noticias-de-hidalgo\/wp-json\/wp\/v2\/posts\/578314\/revisions\/578319"}],"wp:featuredmedia":[{"embeddable":true,"href":"https:\/\/www.zunoticia.com\/noticias-de-hidalgo\/wp-json\/wp\/v2\/media\/578315"}],"wp:attachment":[{"href":"https:\/\/www.zunoticia.com\/noticias-de-hidalgo\/wp-json\/wp\/v2\/media?parent=578314"}],"wp:term":[{"taxonomy":"category","embeddable":true,"href":"https:\/\/www.zunoticia.com\/noticias-de-hidalgo\/wp-json\/wp\/v2\/categories?post=578314"},{"taxonomy":"post_tag","embeddable":true,"href":"https:\/\/www.zunoticia.com\/noticias-de-hidalgo\/wp-json\/wp\/v2\/tags?post=578314"}],"curies":[{"name":"wp","href":"https:\/\/api.w.org\/{rel}","templated":true}]}}